{"id":11167,"date":"2025-11-21T04:15:00","date_gmt":"2025-11-21T07:15:00","guid":{"rendered":"https:\/\/noticiasregionais.com.br\/?p=11167"},"modified":"2025-11-21T04:15:00","modified_gmt":"2025-11-21T07:15:00","slug":"lei-determina-uso-de-comunicacao-clara-e-acessivel-em-orgaos-da-uniao-estados-e-municipios","status":"publish","type":"post","link":"https:\/\/noticiasregionais.com.br\/?p=11167","title":{"rendered":"Lei determina uso de comunica\u00e7\u00e3o clara e acess\u00edvel em \u00f3rg\u00e3os da Uni\u00e3o, estados e munic\u00edpios"},"content":{"rendered":"<p>\t\t\t\t\t\t\t\t\t\t\t<audio controls class=\"b61_audio_player\" data-noticia=\"85947\" src=\"https:\/\/brasil61.com\/rails\/active_storage\/blobs\/eyJfcmFpbHMiOnsibWVzc2FnZSI6IkJBaHBBL1hCQXc9PSIsImV4cCI6bnVsbCwicHVyIjoiYmxvYl9pZCJ9fQ==--b3154d01b3d87c5fe9e0f4f97a9f6b7d8e03db88\/BRAS2515175A\"><\/audio><\/p>\n<p>O governo federal publicou a <a href=\"https:\/\/www.in.gov.br\/en\/web\/dou\/-\/lei-n-15.263-de-14-de-novembro-de-2025-669256398\" target=\"_blank\" rel=\"noopener\">Lei n\u00ba 15.263\/2025<\/a>, que <strong>cria a Pol\u00edtica Nacional de Linguagem Simples<\/strong>,\u00a0 v\u00e1lida para todos os Poderes da Uni\u00e3o, dos estados, do Distrito Federal e dos munic\u00edpios. Sancionada pelo presidente Luiz In\u00e1cio Lula da Silva,\u00a0a legisla\u00e7\u00e3o visa uma comunica\u00e7\u00e3o acess\u00edvel, clara e direta para a popula\u00e7\u00e3o, o que permite uma maior participa\u00e7\u00e3o social e favorece o direito \u00e0 informa\u00e7\u00e3o.\u00a0<\/p>\n<p>A medida, que entra em vigor imediatamente, \u00e9 vista como um <strong>avan\u00e7o hist\u00f3rico na rela\u00e7\u00e3o entre Estado e sociedade<\/strong>, com a possibilidade de que grande parte das pessoas tenham a capacidade de encontrar informa\u00e7\u00f5es e compreender o que est\u00e1 sendo comunicado e como esse dado pode influenciar em seu cotidiano.<\/p>\n<p>Outro ponto abordado no projeto \u00e9 a orienta\u00e7\u00e3o para que o <strong>comunicado seja disponibilizado na l\u00edngua da comunidade ind\u00edgena<\/strong>\u00a0para a\u00a0qual \u00e9 destinada \u2013 mas <strong>apenas sempre que poss\u00edvel, o que reduz a garantia de acesso \u00e0 informa\u00e7\u00e3o<\/strong>.<\/p>\n<p>Al\u00e9m disso, foram definidos como princ\u00edpios:<\/p>\n<ul>\n<li>foco no cidad\u00e3o;<\/li>\n<li>transpar\u00eancia;<\/li>\n<li>facilidade de acesso a servi\u00e7os;<\/li>\n<li>est\u00edmulo \u00e0 participa\u00e7\u00e3o popular;<\/li>\n<li>garantia do exerc\u00edcio pleno de direitos.<\/li>\n<\/ul>\n<h2>Objetivos da proposta<\/h2>\n<ul>\n<li>Garantir que a administra\u00e7\u00e3o p\u00fablica use linguagem simples em todas as comunica\u00e7\u00f5es;<\/li>\n<li>Ajudar o cidad\u00e3o a entender e utilizar as informa\u00e7\u00f5es oficiais;<\/li>\n<li>Reduzir a necessidade de intermedi\u00e1rios;<\/li>\n<li>Diminuir tempo e custos com atividades de atendimento;<\/li>\n<li>Facilitar o controle social e a participa\u00e7\u00e3o popular;<\/li>\n<li>Tornar a comunica\u00e7\u00e3o acess\u00edvel para pessoas com defici\u00eancia.<\/li>\n<\/ul>\n<h2>T\u00e9cnicas que devem ser utilizadas\u00a0<\/h2>\n<ul>\n<li>Priorizar frases curtas, em ordem direta e com voz ativa;<\/li>\n<li>Desenvolver uma ideia por par\u00e1grafo;<\/li>\n<li>Usar palavras comuns, evitando jarg\u00f5es e explicando termos t\u00e9cnicos quando necess\u00e1rios;<\/li>\n<li>Evitar estrangeirismos que n\u00e3o estejam incorporados ao uso cotidiano;<\/li>\n<li>Colocar as informa\u00e7\u00f5es mais importantes logo no in\u00edcio;<\/li>\n<li>N\u00e3o utilizar formas de flex\u00e3o de g\u00eanero ou n\u00famero que estejam fora das regras da l\u00edngua portuguesa;<\/li>\n<li>Usar listas, tabelas e outros recursos gr\u00e1ficos sempre que ajudarem na compreens\u00e3o;<\/li>\n<li>Testar a compreens\u00e3o do texto com o p\u00fablico-alvo;<\/li>\n<li>Garantir linguagem acess\u00edvel \u00e0s pessoas com defici\u00eancia, conforme o Estatuto da Pessoa com Defici\u00eancia.<\/li>\n<\/ul>\n<p>As informa\u00e7\u00f5es s\u00e3o\u00a0<a href=\"https:\/\/www.gov.br\/gestao\/pt-br\" target=\"_blank\" rel=\"noopener\">Minist\u00e9rio da Gest\u00e3o e da Inova\u00e7\u00e3o em Servi\u00e7os P\u00fablicos<\/a>.<\/p>\n<p>\t\t\t\t\t\t\t\t\t\t<img decoding=\"async\" src=\"https:\/\/brasil61.com\/api\/v1\/serve_pixel\/22254\/85947\" alt=\"Pixel Brasil 61\" class=\"b61_pixel\" width=\"0\" height=\"0\"><\/p>\n<div class=\"br61_backlink\">\n<p>\n\t\t\t\tFonte: <a href=\"https:\/\/brasil61.com\/lei-determina-uso-de-comunicacao-clara-e-acessivel-em-orgaos-da-uniao-estados-e-municipios-bras2515175\" title=\"Artigo Original: Lei determina uso de comunica\u00e7\u00e3o clara e acess\u00edvel em \u00f3rg\u00e3os da Uni\u00e3o, estados e munic\u00edpios\" target=\"_blank\" rel=\"noopener\">Brasil 61<\/a>\n\t\t\t<\/p>\n<\/p><\/div>\n<input type=\"hidden\" id=\"baseurl\" value=\"https:\/\/noticiasregionais.com.br\"><input type=\"hidden\" id=\"audio_nonce\" value=\"62e6e21d74\">","protected":false},"excerpt":{"rendered":"<p>Medida entra em vigor imediatamente e define princ\u00edpios como transpar\u00eancia, participa\u00e7\u00e3o social e acessibilidade.<\/p>\n","protected":false},"author":1,"featured_media":11168,"comment_status":"","ping_status":"open","sticky":false,"template":"","format":"standard","meta":{"sfsi_plus_gutenberg_text_before_share":"","sfsi_plus_gutenberg_show_text_before_share":"","sfsi_plus_gutenberg_icon_type":"","sfsi_plus_gutenberg_icon_alignemt":"","sfsi_plus_gutenburg_max_per_row":"","footnotes":""},"categories":[8],"tags":[],"class_list":["post-11167","post","type-post","status-publish","format-standard","has-post-thumbnail","hentry","category-brasil"],"_links":{"self":[{"href":"https:\/\/noticiasregionais.com.br\/index.php?rest_route=\/wp\/v2\/posts\/11167","targetHints":{"allow":["GET"]}}],"collection":[{"href":"https:\/\/noticiasregionais.com.br\/index.php?rest_route=\/wp\/v2\/posts"}],"about":[{"href":"https:\/\/noticiasregionais.com.br\/index.php?rest_route=\/wp\/v2\/types\/post"}],"author":[{"embeddable":true,"href":"https:\/\/noticiasregionais.com.br\/index.php?rest_route=\/wp\/v2\/users\/1"}],"replies":[{"embeddable":true,"href":"https:\/\/noticiasregionais.com.br\/index.php?rest_route=%2Fwp%2Fv2%2Fcomments&post=11167"}],"version-history":[{"count":0,"href":"https:\/\/noticiasregionais.com.br\/index.php?rest_route=\/wp\/v2\/posts\/11167\/revisions"}],"wp:featuredmedia":[{"embeddable":true,"href":"https:\/\/noticiasregionais.com.br\/index.php?rest_route=\/wp\/v2\/media\/11168"}],"wp:attachment":[{"href":"https:\/\/noticiasregionais.com.br\/index.php?rest_route=%2Fwp%2Fv2%2Fmedia&parent=11167"}],"wp:term":[{"taxonomy":"category","embeddable":true,"href":"https:\/\/noticiasregionais.com.br\/index.php?rest_route=%2Fwp%2Fv2%2Fcategories&post=11167"},{"taxonomy":"post_tag","embeddable":true,"href":"https:\/\/noticiasregionais.com.br\/index.php?rest_route=%2Fwp%2Fv2%2Ftags&post=11167"}],"curies":[{"name":"wp","href":"https:\/\/api.w.org\/{rel}","templated":true}]}}