{"id":11174,"date":"2025-11-21T04:00:00","date_gmt":"2025-11-21T07:00:00","guid":{"rendered":"https:\/\/noticiasregionais.com.br\/?p=11174"},"modified":"2025-11-21T04:00:00","modified_gmt":"2025-11-21T07:00:00","slug":"cep-rural-ccj-aprova-projeto-que-cria-codigo-de-georreferenciamento-para-propriedades-rurais-2","status":"publish","type":"post","link":"https:\/\/noticiasregionais.com.br\/?p=11174","title":{"rendered":"CEP Rural: CCJ aprova projeto que cria c\u00f3digo de georreferenciamento para propriedades rurais"},"content":{"rendered":"<p>\t\t\t\t\t\t\t\t\t\t\t<audio controls class=\"b61_audio_player\" data-noticia=\"85964\" src=\"https:\/\/brasil61.com\/rails\/active_storage\/blobs\/eyJfcmFpbHMiOnsibWVzc2FnZSI6IkJBaHBBOS9CQXc9PSIsImV4cCI6bnVsbCwicHVyIjoiYmxvYl9pZCJ9fQ==--06023aec6a81628be3302293c97425633a192d1c\/BRAS2515184A\"><\/audio><\/p>\n<p>A Comiss\u00e3o de Constitui\u00e7\u00e3o e Justi\u00e7a da <a href=\"https:\/\/brasil61.com\/noticias\/tag\/camara-dos-deputados\" target=\"_blank\" rel=\"noopener\">C\u00e2mara dos Deputados<\/a> aprovou, nesta ter\u00e7a-feira (18), o parecer do deputado <a href=\"https:\/\/brasil61.com\/parlamentares\/paulo-francisco-muniz-bilynskyj\" target=\"_blank\" rel=\"noopener\">Paulo Bilynskyj (PL-SP) <\/a>que atualiza a gest\u00e3o territorial no campo. O <a href=\"https:\/\/www.camara.leg.br\/proposicoesWeb\/fichadetramitacao?idProposicao=2295138\" target=\"_blank\" rel=\"noopener\">Projeto de Lei 2.898\/2021<\/a>, de autoria do deputado <a href=\"https:\/\/brasil61.com\/noticias\/tag\/deputado-evair-vieira-de-melo-pp-es\" target=\"_blank\" rel=\"noopener\">Evair Vieira de Melo (PP-ES)<\/a>, altera a Lei de Servi\u00e7os Postais de 1978 para assegurar a cria\u00e7\u00e3o de um c\u00f3digo de georreferenciamento para propriedades rurais e agroindustriais em todo o pa\u00eds.<\/p>\n<p>A proposta busca facilitar a identifica\u00e7\u00e3o e a localiza\u00e7\u00e3o dessas \u00e1reas, ampliar a precis\u00e3o log\u00edstica, refor\u00e7ar a seguran\u00e7a jur\u00eddica dos propriet\u00e1rios e avan\u00e7ar na integra\u00e7\u00e3o de dados territoriais. Na CCJ, a an\u00e1lise se concentrou apenas nos aspectos constitucionais, jur\u00eddicos e de t\u00e9cnica legislativa, e o relator afirmou que o texto est\u00e1 adequado ao ordenamento jur\u00eddico e representa um aperfei\u00e7oamento da legisla\u00e7\u00e3o vigente.<\/p>\n<p>J\u00e1 aprovado pelas comiss\u00f5es de Agricultura, Pecu\u00e1ria, Abastecimento e Desenvolvimento Rural; e de Ci\u00eancia, Tecnologia e Inova\u00e7\u00e3o, o projeto \u2014 que tramita em car\u00e1ter conclusivo \u2014 seguir\u00e1 para o <a href=\"https:\/\/brasil61.com\/noticias\/tag\/senado\" target=\"_blank\" rel=\"noopener\">Senado Federal<\/a>, a menos que haja pedido para vota\u00e7\u00e3o no Plen\u00e1rio da C\u00e2mara. Se aprovado pelos senadores, seguir\u00e1 para san\u00e7\u00e3o presidencial.<\/p>\n<p>\t\t\t\t\t\t\t\t\t\t<img decoding=\"async\" src=\"https:\/\/brasil61.com\/api\/v1\/serve_pixel\/22254\/85964\" alt=\"Pixel Brasil 61\" class=\"b61_pixel\" width=\"0\" height=\"0\"><\/p>\n<div class=\"br61_backlink\">\n<p>\n\t\t\t\tFonte: <a href=\"https:\/\/brasil61.com\/cep-rural-ccj-aprova-projeto-que-cria-codigo-de-georreferenciamento-para-propriedades-rurais-bras2515184\" title=\"Artigo Original: CEP Rural: CCJ aprova projeto que cria c\u00f3digo de georreferenciamento para propriedades rurais\" target=\"_blank\" rel=\"noopener\">Brasil 61<\/a>\n\t\t\t<\/p>\n<\/p><\/div>\n<input type=\"hidden\" id=\"baseurl\" value=\"https:\/\/noticiasregionais.com.br\"><input type=\"hidden\" id=\"audio_nonce\" value=\"5c13e0637f\">","protected":false},"excerpt":{"rendered":"<p>Proposta moderniza gest\u00e3o territorial no campo e segue para o Senado em car\u00e1ter conclusivo<\/p>\n","protected":false},"author":1,"featured_media":11175,"comment_status":"","ping_status":"open","sticky":false,"template":"","format":"standard","meta":{"sfsi_plus_gutenberg_text_before_share":"","sfsi_plus_gutenberg_show_text_before_share":"","sfsi_plus_gutenberg_icon_type":"","sfsi_plus_gutenberg_icon_alignemt":"","sfsi_plus_gutenburg_max_per_row":"","footnotes":""},"categories":[8],"tags":[],"class_list":["post-11174","post","type-post","status-publish","format-standard","has-post-thumbnail","hentry","category-brasil"],"_links":{"self":[{"href":"https:\/\/noticiasregionais.com.br\/index.php?rest_route=\/wp\/v2\/posts\/11174","targetHints":{"allow":["GET"]}}],"collection":[{"href":"https:\/\/noticiasregionais.com.br\/index.php?rest_route=\/wp\/v2\/posts"}],"about":[{"href":"https:\/\/noticiasregionais.com.br\/index.php?rest_route=\/wp\/v2\/types\/post"}],"author":[{"embeddable":true,"href":"https:\/\/noticiasregionais.com.br\/index.php?rest_route=\/wp\/v2\/users\/1"}],"replies":[{"embeddable":true,"href":"https:\/\/noticiasregionais.com.br\/index.php?rest_route=%2Fwp%2Fv2%2Fcomments&post=11174"}],"version-history":[{"count":0,"href":"https:\/\/noticiasregionais.com.br\/index.php?rest_route=\/wp\/v2\/posts\/11174\/revisions"}],"wp:featuredmedia":[{"embeddable":true,"href":"https:\/\/noticiasregionais.com.br\/index.php?rest_route=\/wp\/v2\/media\/11175"}],"wp:attachment":[{"href":"https:\/\/noticiasregionais.com.br\/index.php?rest_route=%2Fwp%2Fv2%2Fmedia&parent=11174"}],"wp:term":[{"taxonomy":"category","embeddable":true,"href":"https:\/\/noticiasregionais.com.br\/index.php?rest_route=%2Fwp%2Fv2%2Fcategories&post=11174"},{"taxonomy":"post_tag","embeddable":true,"href":"https:\/\/noticiasregionais.com.br\/index.php?rest_route=%2Fwp%2Fv2%2Ftags&post=11174"}],"curies":[{"name":"wp","href":"https:\/\/api.w.org\/{rel}","templated":true}]}}