{"id":1118,"date":"2023-11-09T07:04:30","date_gmt":"2023-11-09T10:04:30","guid":{"rendered":"https:\/\/noticiasregionais.com.br\/?p=1118"},"modified":"2023-11-09T07:04:44","modified_gmt":"2023-11-09T10:04:44","slug":"pm-de-sp-apreende-guincho-transportando-460-tijolos-de-maconha-em-tiete","status":"publish","type":"post","link":"https:\/\/noticiasregionais.com.br\/?p=1118","title":{"rendered":"PM de SP apreende guincho transportando 460 tijolos de maconha em Tiet\u00ea"},"content":{"rendered":"\n<p class=\"has-text-align-center\"><strong>Os 277 kg da droga estavam escondidos nas partes de ferro da carca\u00e7a do caminh\u00e3o; homem foi preso em flagrante<\/strong><\/p>\n\n\n\n<p>Um homem foi preso em flagrante durante a noite de ter\u00e7a-feira (7) enquanto transportava mais de 450 tijolos de maconha em um caminh\u00e3o. A pris\u00e3o aconteceu no km 69 da rodovia Bento Ant\u00f4nio de Moraes, em Tiet\u00ea, interior de S\u00e3o Paulo.<\/p>\n\n\n\n<p>Policiais militares do 5\u00ba Batalh\u00e3o de Pol\u00edcia Rodovi\u00e1ria (BPRv) realizavam vistorias nos ve\u00edculos que passavam pela via quando um caminh\u00e3o com guincho passou pela equipe.<\/p>\n\n\n\n<p>Os agentes realizaram a abordagem e encontraram, dentro das partes de ferro da carca\u00e7a do ve\u00edculo, 460 tijolos de maconha, que pesaram 277 quilos.<\/p>\n\n\n\n<p>O homem foi detido no local, e a ocorr\u00eancia, registrada como tr\u00e1fico interestadual de drogas na Delegacia de Pol\u00edcia Judici\u00e1ria em Tiet\u00ea.<\/p>\n<input type=\"hidden\" id=\"baseurl\" value=\"https:\/\/noticiasregionais.com.br\"><input type=\"hidden\" id=\"audio_nonce\" value=\"9ddf44ba02\">","protected":false},"excerpt":{"rendered":"<p>Os 277 kg da droga estavam escondidos nas partes de ferro da carca\u00e7a do caminh\u00e3o; homem foi preso em flagrante&hellip;<\/p>\n","protected":false},"author":1,"featured_media":1119,"comment_status":"closed","ping_status":"open","sticky":false,"template":"","format":"standard","meta":{"sfsi_plus_gutenberg_text_before_share":"","sfsi_plus_gutenberg_show_text_before_share":"","sfsi_plus_gutenberg_icon_type":"","sfsi_plus_gutenberg_icon_alignemt":"","sfsi_plus_gutenburg_max_per_row":"","footnotes":""},"categories":[6,10,1],"tags":[],"class_list":["post-1118","post","type-post","status-publish","format-standard","has-post-thumbnail","hentry","category-sao_paulo","category-destaques","category-noticias"],"_links":{"self":[{"href":"https:\/\/noticiasregionais.com.br\/index.php?rest_route=\/wp\/v2\/posts\/1118","targetHints":{"allow":["GET"]}}],"collection":[{"href":"https:\/\/noticiasregionais.com.br\/index.php?rest_route=\/wp\/v2\/posts"}],"about":[{"href":"https:\/\/noticiasregionais.com.br\/index.php?rest_route=\/wp\/v2\/types\/post"}],"author":[{"embeddable":true,"href":"https:\/\/noticiasregionais.com.br\/index.php?rest_route=\/wp\/v2\/users\/1"}],"replies":[{"embeddable":true,"href":"https:\/\/noticiasregionais.com.br\/index.php?rest_route=%2Fwp%2Fv2%2Fcomments&post=1118"}],"version-history":[{"count":1,"href":"https:\/\/noticiasregionais.com.br\/index.php?rest_route=\/wp\/v2\/posts\/1118\/revisions"}],"predecessor-version":[{"id":1120,"href":"https:\/\/noticiasregionais.com.br\/index.php?rest_route=\/wp\/v2\/posts\/1118\/revisions\/1120"}],"wp:featuredmedia":[{"embeddable":true,"href":"https:\/\/noticiasregionais.com.br\/index.php?rest_route=\/wp\/v2\/media\/1119"}],"wp:attachment":[{"href":"https:\/\/noticiasregionais.com.br\/index.php?rest_route=%2Fwp%2Fv2%2Fmedia&parent=1118"}],"wp:term":[{"taxonomy":"category","embeddable":true,"href":"https:\/\/noticiasregionais.com.br\/index.php?rest_route=%2Fwp%2Fv2%2Fcategories&post=1118"},{"taxonomy":"post_tag","embeddable":true,"href":"https:\/\/noticiasregionais.com.br\/index.php?rest_route=%2Fwp%2Fv2%2Ftags&post=1118"}],"curies":[{"name":"wp","href":"https:\/\/api.w.org\/{rel}","templated":true}]}}