{"id":11180,"date":"2025-11-21T10:00:00","date_gmt":"2025-11-21T13:00:00","guid":{"rendered":"https:\/\/noticiasregionais.com.br\/?p=11180"},"modified":"2025-11-21T10:00:00","modified_gmt":"2025-11-21T13:00:00","slug":"apexbrasil-premia-destaques-dos-negocios-internacionais-em-2025","status":"publish","type":"post","link":"https:\/\/noticiasregionais.com.br\/?p=11180","title":{"rendered":"ApexBrasil premia destaques dos neg\u00f3cios internacionais em 2025"},"content":{"rendered":"<p>\t\t\t\t\t\t\t\t\t\t\t<audio controls class=\"b61_audio_player\" data-noticia=\"85940\" src=\"https:\/\/brasil61.com\/rails\/active_storage\/blobs\/eyJfcmFpbHMiOnsibWVzc2FnZSI6IkJBaHBBN1BCQXc9PSIsImV4cCI6bnVsbCwicHVyIjoiYmxvYl9pZCJ9fQ==--71f1073fd22801b2ed41f3e05453655914b82772\/APEX250085A\"><\/audio><\/p>\n<p>A Ag\u00eancia Brasileira de Promo\u00e7\u00e3o de Exporta\u00e7\u00f5es e Investimentos <a href=\"https:\/\/apexbrasil.com.br\/solucoes?utm_source=google&amp;utm_medium=social&amp;utm_campaign=aon&amp;utm_term=google_search_institucional_solucoes_search_cpc_novembro&amp;utm_content=naugm-aon0540NSB2025010193190104&amp;gad_source=1&amp;gad_campaignid=23221290399&amp;gbraid=0AAAAA_Ng8INd4laAuRDCVJlGrgfQ0uDyO&amp;gclid=CjwKCAiA8vXIBhAtEiwAf3B-g0dU6PwbfU1TunkPMDMBSONWsC78O6p3MzN6p9L7eqeQSSYvCdJFoRoCcPcQAvD_BwE\" target=\"_blank\" rel=\"noopener\">(ApexBrasil)<\/a> vai realizar, no dia 3 de dezembro, a entrega do Pr\u00eamio ApexBrasil\u2013Exame: Melhores dos Neg\u00f3cios Internacionais 2025. A cerim\u00f4nia ser\u00e1 realizada no Teatro B32, em S\u00e3o Paulo, \u00e0s 18h.\u00a0<\/p>\n<p>O evento vai contar com a presen\u00e7a de l\u00edderes empresariais, especialistas em com\u00e9rcio internacional e autoridades. Esta ser\u00e1 a segunda edi\u00e7\u00e3o da iniciativa, que premia em reconhecimento \u00e0s companhias e institui\u00e7\u00f5es que fortalecem a presen\u00e7a do Brasil no mercado internacional.\u00a0<\/p>\n<p>Durante a cerim\u00f4nia, ser\u00e3o reconhecidas as empresas nacionais e os investidores estrangeiros que se destacaram ao longo de 2025. Ao todo, foram 352 inscritos, distribu\u00eddos em 18 categorias diferentes.\u00a0<\/p>\n<p>Para a diretora de Neg\u00f3cios da ApexBrasil, Ana Repezza, o momento ser\u00e1 de valoriza\u00e7\u00e3o do talento, da inova\u00e7\u00e3o e do compromisso com o desenvolvimento sustent\u00e1vel do pa\u00eds.<\/p>\n<p>\u201cEste ano, tivemos mais de 350 inscri\u00e7\u00f5es de empresas que fazem o com\u00e9rcio exterior acontecer no Brasil. Esse n\u00famero \u00e9 70% maior do que as inscri\u00e7\u00f5es que a gente teve no ano passado. Mostra como a gente tem um n\u00famero cada vez maior de empresas batalhando, conquistando o mundo e levando a imagem e os produtos brasileiros para o mundo todo\u201d, pontua.<\/p>\n<p><a href=\"https:\/\/brasil61.com\/n\/web-summit-lisboa-2025-apexbrasil-e-sebrae-impulsionam-startups-nacionais-em-um-dos-maiores-eventos-globais-de-tecnologia-e-inovacao-apex250082\" target=\"_blank\" rel=\"noopener\">ApexBrasil e Sebrae impulsionam startups nacionais em evento global de tecnologia e inova\u00e7\u00e3o<\/a><\/p>\n<p><a href=\"https:\/\/brasil61.com\/n\/cop30-acoes-promovidas-pela-apexbrasil-dao-visibilidade-global-a-produtos-compativeis-com-a-floresta-apex250083\" target=\"_blank\" rel=\"noopener\">COP30: a\u00e7\u00f5es promovidas pela ApexBrasil d\u00e3o visibilidade global a produtos compat\u00edveis com a floresta<\/a><\/p>\n<p>O presidente da ApexBrasil, Jorge Viana, destaca que o pr\u00eamio vai al\u00e9m de uma celebra\u00e7\u00e3o de resultados, pois permite a cria\u00e7\u00e3o de um espa\u00e7o de di\u00e1logo, que promove um esfor\u00e7o coletivo de empresas que acreditam no potencial global do Brasil.<\/p>\n<p>\u201cO que nos interessa aqui \u00e9 premiar aqueles que se destacaram, criando uma marca nova para quem trabalha com o com\u00e9rcio exterior no Brasil, de poder participar de um reconhecimento pela luta dos seus colaboradores, pela disputa que fazem tentando levar o nome do Brasil, os produtos brasileiros para o mundo\u201d, afirma.\u00a0<\/p>\n<h2>Oportunidade de conex\u00e3o<\/h2>\n<p>De acordo com a ApexBrasil, a cerim\u00f4nia promove uma oportunidade \u00fanica de conex\u00e3o entre empres\u00e1rios, startups, investidores, cooperativas, entidades setoriais e gestores p\u00fablicos, interessados em ampliar parcerias e explorar novas oportunidades no mercado internacional.<br \/>\n\u00a0<\/p>\n<p>\t\t\t\t\t\t\t\t\t\t<img decoding=\"async\" src=\"https:\/\/brasil61.com\/api\/v1\/serve_pixel\/22254\/85940\" alt=\"Pixel Brasil 61\" class=\"b61_pixel\" width=\"0\" height=\"0\"><\/p>\n<div class=\"br61_backlink\">\n<p>\n\t\t\t\tFonte: <a href=\"https:\/\/brasil61.com\/apexbrasil-premia-destaques-dos-negocios-internacionais-em-2025-apex250085\" title=\"Artigo Original: ApexBrasil premia destaques dos neg\u00f3cios internacionais em 2025\" target=\"_blank\" rel=\"noopener\">Brasil 61<\/a>\n\t\t\t<\/p>\n<\/p><\/div>\n<input type=\"hidden\" id=\"baseurl\" value=\"https:\/\/noticiasregionais.com.br\"><input type=\"hidden\" id=\"audio_nonce\" value=\"296231ceac\">","protected":false},"excerpt":{"rendered":"<p>O evento, organizado pela ApexBrasil e pela Exame, vai contar com a presen\u00e7a de l\u00edderes empresariais, especialistas em com\u00e9rcio internacional e autoridades<\/p>\n","protected":false},"author":1,"featured_media":11181,"comment_status":"","ping_status":"open","sticky":false,"template":"","format":"standard","meta":{"sfsi_plus_gutenberg_text_before_share":"","sfsi_plus_gutenberg_show_text_before_share":"","sfsi_plus_gutenberg_icon_type":"","sfsi_plus_gutenberg_icon_alignemt":"","sfsi_plus_gutenburg_max_per_row":"","footnotes":""},"categories":[8],"tags":[],"class_list":["post-11180","post","type-post","status-publish","format-standard","has-post-thumbnail","hentry","category-brasil"],"_links":{"self":[{"href":"https:\/\/noticiasregionais.com.br\/index.php?rest_route=\/wp\/v2\/posts\/11180","targetHints":{"allow":["GET"]}}],"collection":[{"href":"https:\/\/noticiasregionais.com.br\/index.php?rest_route=\/wp\/v2\/posts"}],"about":[{"href":"https:\/\/noticiasregionais.com.br\/index.php?rest_route=\/wp\/v2\/types\/post"}],"author":[{"embeddable":true,"href":"https:\/\/noticiasregionais.com.br\/index.php?rest_route=\/wp\/v2\/users\/1"}],"replies":[{"embeddable":true,"href":"https:\/\/noticiasregionais.com.br\/index.php?rest_route=%2Fwp%2Fv2%2Fcomments&post=11180"}],"version-history":[{"count":0,"href":"https:\/\/noticiasregionais.com.br\/index.php?rest_route=\/wp\/v2\/posts\/11180\/revisions"}],"wp:featuredmedia":[{"embeddable":true,"href":"https:\/\/noticiasregionais.com.br\/index.php?rest_route=\/wp\/v2\/media\/11181"}],"wp:attachment":[{"href":"https:\/\/noticiasregionais.com.br\/index.php?rest_route=%2Fwp%2Fv2%2Fmedia&parent=11180"}],"wp:term":[{"taxonomy":"category","embeddable":true,"href":"https:\/\/noticiasregionais.com.br\/index.php?rest_route=%2Fwp%2Fv2%2Fcategories&post=11180"},{"taxonomy":"post_tag","embeddable":true,"href":"https:\/\/noticiasregionais.com.br\/index.php?rest_route=%2Fwp%2Fv2%2Ftags&post=11180"}],"curies":[{"name":"wp","href":"https:\/\/api.w.org\/{rel}","templated":true}]}}