{"id":11182,"date":"2025-11-21T18:00:00","date_gmt":"2025-11-21T21:00:00","guid":{"rendered":"https:\/\/noticiasregionais.com.br\/?p=11182"},"modified":"2025-11-21T18:00:00","modified_gmt":"2025-11-21T21:00:00","slug":"air-transat-comeca-a-operar-no-brasil-com-voos-diretos-para-o-canada","status":"publish","type":"post","link":"https:\/\/noticiasregionais.com.br\/?p=11182","title":{"rendered":"Air Transat come\u00e7a a operar no Brasil com voos diretos para o Canad\u00e1"},"content":{"rendered":"<p>\t\t\t\t\t\t\t\t\t\t\t<audio controls class=\"b61_audio_player\" data-noticia=\"85982\" src=\"https:\/\/brasil61.com\/rails\/active_storage\/blobs\/eyJfcmFpbHMiOnsibWVzc2FnZSI6IkJBaHBBNXJDQXc9PSIsImV4cCI6bnVsbCwicHVyIjoiYmxvYl9pZCJ9fQ==--d8a6c58e769195d884b50556e1a7b7a70b1d17fc\/MPOR250129A\"><\/audio><\/p>\n<p>A Ag\u00eancia Nacional de Avia\u00e7\u00e3o Civil (<a href=\"https:\/\/www.gov.br\/anac\/pt-br\" target=\"_blank\" rel=\"noopener\">Anac<\/a>) autorizou a <strong>entrada da companhia a\u00e9rea canadense <a href=\"https:\/\/www.airtransat.com\/en-CA\/home?search=flight\" target=\"_blank\" rel=\"noopener\">Air Transat<\/a> no mercado brasileiro<\/strong>. A decis\u00e3o, publicada na <a href=\"https:\/\/www.anac.gov.br\/assuntos\/legislacao\/legislacao-1\/portarias\/2025\/portaria-18249\" target=\"_blank\" rel=\"noopener\">Portaria n\u00ba 18.249<\/a>, <strong>permite \u00e0 empresa operar voos internacionais regulares de passageiros e cargas com origem e destino no Brasil<\/strong>.<\/p>\n<p>Com a aprova\u00e7\u00e3o, a Air Transat anunciou que, <strong>nos pr\u00f3ximos dois meses, iniciar\u00e1 duas rotas diretas<\/strong> a partir do Aeroporto Internacional do Rio de Janeiro (<a href=\"http:\/\/riogaleao.com\" target=\"_blank\" rel=\"noopener\">Gale\u00e3o<\/a>):<\/p>\n<ul>\n<li><strong>Montreal:<\/strong> rota in\u00e9dita no\u00a0terminal;<\/li>\n<li><strong>Toronto:<\/strong> conex\u00e3o direta com a maior cidade do Canad\u00e1.<\/li>\n<\/ul>\n<p>A autoriza\u00e7\u00e3o foi concedida ap\u00f3s a companhia a\u00e9rea cumprir todos os requisitos regulat\u00f3rios exigidos pela Anac, com comprova\u00e7\u00e3o de capacidade operacional e conformidade com as normas de seguran\u00e7a previstas no C\u00f3digo Brasileiro de Aeron\u00e1utica.<\/p>\n<p>O ministro de Portos e Aeroportos, Silvio Costa Filho, destacou que <strong>a chegada da Air Transat refor\u00e7a a internacionaliza\u00e7\u00e3o da avia\u00e7\u00e3o brasileira<\/strong>. \u201cA amplia\u00e7\u00e3o das rotas internacionais a partir do Gale\u00e3o \u00e9 estrat\u00e9gica para fortalecer o turismo, gerar oportunidades econ\u00f4micas e posicionar o Brasil como hub de conex\u00f5es globais, especialmente na rota Am\u00e9rica do Sul\u2013Am\u00e9rica do Norte\u201d, afirmou.<\/p>\n<h2>Competitividade<\/h2>\n<p>O presidente da Anac, Tiago Faierstein, destacou o papel t\u00e9cnico da ag\u00eancia na atra\u00e7\u00e3o de novas companhias a\u00e9reas para o pa\u00eds e os <strong>benef\u00edcios da concorr\u00eancia no setor<\/strong>. \u201cQue venham mais companhias. A concorr\u00eancia entre elas \u00e9 saud\u00e1vel e quem ganha \u00e9 o passageiro\u201d, disse.<\/p>\n<p>Para Felipe Freire, coordenador-geral de Aeroportos Concedidos e Servi\u00e7os A\u00e9reos da Secretaria Nacional de Avia\u00e7\u00e3o Civil (<a href=\"https:\/\/www.gov.br\/portos-e-aeroportos\/pt-br\/assuntos\/conteudo\/aviacao\/secretaria-nacional-de-aviacao-civil\" target=\"_blank\" rel=\"noopener\">SAC<\/a>), a chegada de uma nova empresa ao pa\u00eds reflete os avan\u00e7os na moderniza\u00e7\u00e3o do ambiente regulat\u00f3rio.\u00a0<\/p>\n<p>\u201cA entrada de uma nova empresa no mercado brasileiro \u00e9 salutar e mostra que as pol\u00edticas de atualiza\u00e7\u00e3o do ambiente de neg\u00f3cio resultam em maior oferta de voos e op\u00e7\u00f5es de servi\u00e7os ao consumidor, que ter\u00e1 mais alternativas de viagens e, consequentemente, maior diversidade de pre\u00e7os\u201d, avaliou.<\/p>\n<p>A nova opera\u00e7\u00e3o <strong>amplia a oferta de voos, fortalece a malha a\u00e9rea nacional e refor\u00e7a as rela\u00e7\u00f5es com mercados estrat\u00e9gicos<\/strong>. Al\u00e9m disso, contribui para o aumento do fluxo tur\u00edstico, o interc\u00e2mbio acad\u00eamico e as rela\u00e7\u00f5es comerciais entre Brasil e Canad\u00e1.<\/p>\n<p><strong>VEJA MAIS:<\/strong><\/p>\n<ul>\n<li><a href=\"https:\/\/brasil61.com\/n\/nova-rota-aerea-entre-salvador-e-petrolina-reforca-interiorizacao-do-transporte-aereo-no-nordeste-mpor250127\" target=\"_blank\" rel=\"noopener\">Nova rota a\u00e9rea entre Salvador e Petrolina refor\u00e7a interioriza\u00e7\u00e3o do transporte a\u00e9reo no Nordeste<\/a><\/li>\n<li><a href=\"https:\/\/brasil61.com\/n\/inclusao-nos-aeroportos-joao-pessoa-e-aracaju-inauguram-salas-para-passageiros-com-tea-mpor250125\" target=\"_blank\" rel=\"noopener\">Inclus\u00e3o nos aeroportos: Jo\u00e3o Pessoa e Aracaju inauguram salas para passageiros com TEA<\/a><\/li>\n<\/ul>\n<p>\t\t\t\t\t\t\t\t\t\t<img decoding=\"async\" src=\"https:\/\/brasil61.com\/api\/v1\/serve_pixel\/22254\/85982\" alt=\"Pixel Brasil 61\" class=\"b61_pixel\" width=\"0\" height=\"0\"><\/p>\n<div class=\"br61_backlink\">\n<p>\n\t\t\t\tFonte: <a href=\"https:\/\/brasil61.com\/air-transat-comeca-a-operar-no-brasil-com-voos-diretos-para-o-canada-mpor250129\" title=\"Artigo Original: Air Transat come\u00e7a a operar no Brasil com voos diretos para o Canad\u00e1\" target=\"_blank\" rel=\"noopener\">Brasil 61<\/a>\n\t\t\t<\/p>\n<\/p><\/div>\n<input type=\"hidden\" id=\"baseurl\" value=\"https:\/\/noticiasregionais.com.br\"><input type=\"hidden\" id=\"audio_nonce\" value=\"296231ceac\">","protected":false},"excerpt":{"rendered":"<p>Autoriza\u00e7\u00e3o foi concedida ap\u00f3s a companhia a\u00e9rea cumprir todos os requisitos regulat\u00f3rios exigidos pela Anac<\/p>\n","protected":false},"author":1,"featured_media":11183,"comment_status":"","ping_status":"open","sticky":false,"template":"","format":"standard","meta":{"sfsi_plus_gutenberg_text_before_share":"","sfsi_plus_gutenberg_show_text_before_share":"","sfsi_plus_gutenberg_icon_type":"","sfsi_plus_gutenberg_icon_alignemt":"","sfsi_plus_gutenburg_max_per_row":"","footnotes":""},"categories":[8],"tags":[],"class_list":["post-11182","post","type-post","status-publish","format-standard","has-post-thumbnail","hentry","category-brasil"],"_links":{"self":[{"href":"https:\/\/noticiasregionais.com.br\/index.php?rest_route=\/wp\/v2\/posts\/11182","targetHints":{"allow":["GET"]}}],"collection":[{"href":"https:\/\/noticiasregionais.com.br\/index.php?rest_route=\/wp\/v2\/posts"}],"about":[{"href":"https:\/\/noticiasregionais.com.br\/index.php?rest_route=\/wp\/v2\/types\/post"}],"author":[{"embeddable":true,"href":"https:\/\/noticiasregionais.com.br\/index.php?rest_route=\/wp\/v2\/users\/1"}],"replies":[{"embeddable":true,"href":"https:\/\/noticiasregionais.com.br\/index.php?rest_route=%2Fwp%2Fv2%2Fcomments&post=11182"}],"version-history":[{"count":0,"href":"https:\/\/noticiasregionais.com.br\/index.php?rest_route=\/wp\/v2\/posts\/11182\/revisions"}],"wp:featuredmedia":[{"embeddable":true,"href":"https:\/\/noticiasregionais.com.br\/index.php?rest_route=\/wp\/v2\/media\/11183"}],"wp:attachment":[{"href":"https:\/\/noticiasregionais.com.br\/index.php?rest_route=%2Fwp%2Fv2%2Fmedia&parent=11182"}],"wp:term":[{"taxonomy":"category","embeddable":true,"href":"https:\/\/noticiasregionais.com.br\/index.php?rest_route=%2Fwp%2Fv2%2Fcategories&post=11182"},{"taxonomy":"post_tag","embeddable":true,"href":"https:\/\/noticiasregionais.com.br\/index.php?rest_route=%2Fwp%2Fv2%2Ftags&post=11182"}],"curies":[{"name":"wp","href":"https:\/\/api.w.org\/{rel}","templated":true}]}}