{"id":11184,"date":"2025-11-21T18:30:00","date_gmt":"2025-11-21T21:30:00","guid":{"rendered":"https:\/\/noticiasregionais.com.br\/?p=11184"},"modified":"2025-11-21T18:30:00","modified_gmt":"2025-11-21T21:30:00","slug":"municipio-de-barcelos-am-e-incluido-no-programa-ampliar-e-deve-receber-investimentos-no-aeroporto-local","status":"publish","type":"post","link":"https:\/\/noticiasregionais.com.br\/?p=11184","title":{"rendered":"Munic\u00edpio de Barcelos (AM) \u00e9 inclu\u00eddo no Programa AmpliAR e deve receber investimentos no aeroporto local"},"content":{"rendered":"<p>\t\t\t\t\t\t\t\t\t\t\t<audio controls class=\"b61_audio_player\" data-noticia=\"85981\" src=\"https:\/\/brasil61.com\/rails\/active_storage\/blobs\/eyJfcmFpbHMiOnsibWVzc2FnZSI6IkJBaHBBNWZDQXc9PSIsImV4cCI6bnVsbCwicHVyIjoiYmxvYl9pZCJ9fQ==--9a80a6c18a092d3a2e19e07242bd216d20e52551\/MPOR250128A\"><\/audio><\/p>\n<p>O <strong>munic\u00edpio de <a href=\"https:\/\/www.ibge.gov.br\/cidades-e-estados\/am\/barcelos.html\" target=\"_blank\" rel=\"noopener\">Barcelos<\/a> (AM)<\/strong>, conhecido como a capital da pesca esportiva e maior em extens\u00e3o territorial do estado, <strong>foi<\/strong> <strong>selecionado para o <a href=\"https:\/\/www.gov.br\/portos-e-aeroportos\/pt-br\/ampliar\" target=\"_blank\" rel=\"noopener\">Programa AmpliAR<\/a><\/strong>, iniciativa do Minist\u00e9rio de Portos e Aeroportos (<a href=\"https:\/\/www.gov.br\/portos-e-aeroportos\/pt-br\" target=\"_blank\" rel=\"noopener\">MPor<\/a>) voltada \u00e0 amplia\u00e7\u00e3o da conectividade a\u00e9rea e ao desenvolvimento regional.<\/p>\n<p>O <strong>AmpliAR permite que concession\u00e1rias privadas assumam a gest\u00e3o de aeroportos regionais deficit\u00e1rios em troca de reequil\u00edbrios contratuais<\/strong>, como redu\u00e7\u00e3o de outorgas ou amplia\u00e7\u00e3o dos prazos de concess\u00e3o. A medida visa modernizar a infraestrutura aeroportu\u00e1ria, garantir opera\u00e7\u00f5es est\u00e1veis e viabilizar novas rotas regionais.<\/p>\n<p>A sess\u00e3o p\u00fablica de abertura das propostas para a administra\u00e7\u00e3o dos terminais inclu\u00eddos na fase inicial do programa est\u00e1 agendada para o dia 27 de novembro, \u00e0s 10h, na <a href=\"https:\/\/www.b3.com.br\/pt_br\/para-voce\" target=\"_blank\" rel=\"noopener\">B3<\/a>, em S\u00e3o Paulo (SP).<\/p>\n<p>Segundo o secret\u00e1rio nacional de Avia\u00e7\u00e3o Civil, Daniel Longo, o AmpliAR \u201cfoi <strong>pensado para melhorar a conectividade entre cidades m\u00e9dias e pequenas e os grandes centros<\/strong>. No caso de Barcelos, trata-se de um aeroporto estrat\u00e9gico, que pode potencializar o turismo e impulsionar atividades econ\u00f4micas importantes para o Amazonas, como a pesca esportiva e o ecoturismo\u201d.<\/p>\n<h2>Turismo<\/h2>\n<p>O <strong>turismo representa um dos principais pilares da economia de Barcelos<\/strong>, munic\u00edpio localizado a aproximadamente 400 quil\u00f4metros de Manaus (<a href=\"http:\/\/www.amazonas.am.gov.br\/\" target=\"_blank\" rel=\"noopener\">AM<\/a>). Durante a temporada de pesca esportiva, que ocorre entre setembro e mar\u00e7o, a cidade recebe turistas nacionais e estrangeiros, o que impulsiona o setor hoteleiro, os restaurantes, os servi\u00e7os de transporte e o com\u00e9rcio local.<\/p>\n<p>De acordo com a Funda\u00e7\u00e3o de Amparo \u00e0 Pesquisa do Estado do Amazonas (<a href=\"https:\/\/www.fapeam.am.gov.br\/\" target=\"_blank\" rel=\"noopener\">Fapeam<\/a>), nesse per\u00edodo, a popula\u00e7\u00e3o local praticamente dobra com a chegada dos turistas, mesmo diante das limita\u00e7\u00f5es de acesso, tendo em vista que o <strong>trajeto fluvial at\u00e9 a capital pode levar at\u00e9 30 horas<\/strong>. O crescimento da demanda tur\u00edstica evidencia a necessidade de melhorias na infraestrutura de transporte.<\/p>\n<p>Com a inclus\u00e3o no Programa AmpliAR,<strong> Barcelos dever\u00e1 receber investimentos no aeroporto local<\/strong>, com foco na amplia\u00e7\u00e3o da estrutura e no aumento da oferta de voos. A <strong>conex\u00e3o a\u00e9rea com Manaus<\/strong>, que <strong>leva cerca de 1h30<\/strong>, promete encurtar dist\u00e2ncias, facilitar o deslocamento e abrir novas perspectivas para o turismo, os neg\u00f3cios e o desenvolvimento regional.<\/p>\n<p>O ministro de Portos e Aeroportos, Silvio Costa Filho, destacou a import\u00e2ncia da conectividade a\u00e9rea para o desenvolvimento da Regi\u00e3o Norte.\u00a0<\/p>\n<p>\u201c<strong>Garantir que cidades amaz\u00f4nicas como Barcelos estejam conectadas ao restante do Brasil \u00e9 investir em oportunidades, inclus\u00e3o e desenvolvimento sustent\u00e1vel<\/strong>. A avia\u00e7\u00e3o regional tem um papel fundamental na integra\u00e7\u00e3o nacional e na gera\u00e7\u00e3o de emprego e renda, especialmente em regi\u00f5es de dif\u00edcil acesso\u201d, disse.<\/p>\n<p><strong>VEJA MAIS:<\/strong><\/p>\n<ul>\n<li><a href=\"https:\/\/brasil61.com\/n\/governo-federal-investe-em-hidrovias-para-ampliar-acesso-e-inclusao-na-regiao-norte-mpor250126\" target=\"_blank\" rel=\"noopener\">Governo Federal investe em hidrovias para ampliar acesso e inclus\u00e3o na Regi\u00e3o Norte<\/a><\/li>\n<li><a href=\"https:\/\/brasil61.com\/n\/hidrovias-ampliam-acesso-a-medicamentos-e-servicos-medicos-na-amazonia-legal-mpor250123\" target=\"_blank\" rel=\"noopener\">Hidrovias ampliam acesso a medicamentos e servi\u00e7os m\u00e9dicos na Amaz\u00f4nia Legal<\/a><\/li>\n<\/ul>\n<p>\t\t\t\t\t\t\t\t\t\t<img decoding=\"async\" src=\"https:\/\/brasil61.com\/api\/v1\/serve_pixel\/22254\/85981\" alt=\"Pixel Brasil 61\" class=\"b61_pixel\" width=\"0\" height=\"0\"><\/p>\n<div class=\"br61_backlink\">\n<p>\n\t\t\t\tFonte: <a href=\"https:\/\/brasil61.com\/municipio-de-barcelos-am-e-incluido-no-programa-ampliar-e-deve-receber-investimentos-no-aeroporto-local-mpor250128\" title=\"Artigo Original: Munic\u00edpio de Barcelos (AM) \u00e9 inclu\u00eddo no Programa AmpliAR e deve receber investimentos no aeroporto local\" target=\"_blank\" rel=\"noopener\">Brasil 61<\/a>\n\t\t\t<\/p>\n<\/p><\/div>\n<input type=\"hidden\" id=\"baseurl\" value=\"https:\/\/noticiasregionais.com.br\"><input type=\"hidden\" id=\"audio_nonce\" value=\"296231ceac\">","protected":false},"excerpt":{"rendered":"<p>Iniciativa do MPor permite que concession\u00e1rias privadas assumam a gest\u00e3o de aeroportos regionais deficit\u00e1rios em troca de reequil\u00edbrios contratuais<\/p>\n","protected":false},"author":1,"featured_media":11185,"comment_status":"","ping_status":"open","sticky":false,"template":"","format":"standard","meta":{"sfsi_plus_gutenberg_text_before_share":"","sfsi_plus_gutenberg_show_text_before_share":"","sfsi_plus_gutenberg_icon_type":"","sfsi_plus_gutenberg_icon_alignemt":"","sfsi_plus_gutenburg_max_per_row":"","footnotes":""},"categories":[8],"tags":[],"class_list":["post-11184","post","type-post","status-publish","format-standard","has-post-thumbnail","hentry","category-brasil"],"_links":{"self":[{"href":"https:\/\/noticiasregionais.com.br\/index.php?rest_route=\/wp\/v2\/posts\/11184","targetHints":{"allow":["GET"]}}],"collection":[{"href":"https:\/\/noticiasregionais.com.br\/index.php?rest_route=\/wp\/v2\/posts"}],"about":[{"href":"https:\/\/noticiasregionais.com.br\/index.php?rest_route=\/wp\/v2\/types\/post"}],"author":[{"embeddable":true,"href":"https:\/\/noticiasregionais.com.br\/index.php?rest_route=\/wp\/v2\/users\/1"}],"replies":[{"embeddable":true,"href":"https:\/\/noticiasregionais.com.br\/index.php?rest_route=%2Fwp%2Fv2%2Fcomments&post=11184"}],"version-history":[{"count":0,"href":"https:\/\/noticiasregionais.com.br\/index.php?rest_route=\/wp\/v2\/posts\/11184\/revisions"}],"wp:featuredmedia":[{"embeddable":true,"href":"https:\/\/noticiasregionais.com.br\/index.php?rest_route=\/wp\/v2\/media\/11185"}],"wp:attachment":[{"href":"https:\/\/noticiasregionais.com.br\/index.php?rest_route=%2Fwp%2Fv2%2Fmedia&parent=11184"}],"wp:term":[{"taxonomy":"category","embeddable":true,"href":"https:\/\/noticiasregionais.com.br\/index.php?rest_route=%2Fwp%2Fv2%2Fcategories&post=11184"},{"taxonomy":"post_tag","embeddable":true,"href":"https:\/\/noticiasregionais.com.br\/index.php?rest_route=%2Fwp%2Fv2%2Ftags&post=11184"}],"curies":[{"name":"wp","href":"https:\/\/api.w.org\/{rel}","templated":true}]}}