{"id":11187,"date":"2025-11-22T04:05:00","date_gmt":"2025-11-22T07:05:00","guid":{"rendered":"https:\/\/noticiasregionais.com.br\/?p=11187"},"modified":"2025-11-24T22:01:41","modified_gmt":"2025-11-25T01:01:41","slug":"faccoes-criminosas-avancam-na-amazonia-legal","status":"publish","type":"post","link":"https:\/\/noticiasregionais.com.br\/?p=11187","title":{"rendered":"Fac\u00e7\u00f5es criminosas avan\u00e7am na Amaz\u00f4nia Legal"},"content":{"rendered":"<p>\t\t\t\t\t\t\t\t\t\t<audio controls class=\"b61_audio_player\" data-noticia=\"85998\" src=\"https:\/\/brasil61.com\/rails\/active_storage\/blobs\/eyJfcmFpbHMiOnsibWVzc2FnZSI6IkJBaHBBOUhDQXc9PSIsImV4cCI6bnVsbCwicHVyIjoiYmxvYl9pZCJ9fQ==--25239baa474dd680ce59d8b470f4b6bb9441ca17\/BRAS2515192A\"><\/audio><\/p>\n<p>Um novo levantamento do <a href=\"https:\/\/forumseguranca.org.br\/\" target=\"_blank\" rel=\"noopener\">F\u00f3rum Brasileiro de Seguran\u00e7a P\u00fablica (FBSP)<\/a>, divulgado durante a <a href=\"https:\/\/cop30.br\/pt-br\" target=\"_blank\" rel=\"noopener\">COP30<\/a>, revela uma expans\u00e3o significativa das fac\u00e7\u00f5es criminosas na Amaz\u00f4nia Legal. De acordo com a 4\u00aa edi\u00e7\u00e3o do estudo Cartografias da Viol\u00eancia na Amaz\u00f4nia, o n\u00famero de munic\u00edpios sob influ\u00eancia de organiza\u00e7\u00f5es como o Comando Vermelho (CV) e o Primeiro Comando da Capital (PCC) saltou de 260 para 344 em 2025, um aumento de 32%.\u00a0<\/p>\n<\/p>\n<p>Isso significa que 45% dos 772 munic\u00edpios da Amaz\u00f4nia Legal t\u00eam presen\u00e7a de fac\u00e7\u00f5es criminosas. O estudo identificou 17 fac\u00e7\u00f5es ativas na regi\u00e3o, entre nacionais e internacionais, indicando um panorama complexo e fragmentado.<\/p>\n<h2>Principais dados por grupo<\/h2>\n<ul>\n<li>O Comando Vermelho (CV) est\u00e1 presente em 286 munic\u00edpios, sendo dominante em 202 deles e em disputa em outros 84.<\/li>\n<li>O PCC tem influ\u00eancia direta em 90 cidades da Amaz\u00f4nia: 31 em hegemonia e 59 em disputa.\u00a0<\/li>\n<\/ul>\n<p>Al\u00e9m deles, fac\u00e7\u00f5es regionais como Bonde dos 40 (B40), Tropa do Castelar, Familia Terror do Amap\u00e1 e ainda organiza\u00e7\u00f5es estrangeiras como o Tren de Aragua (Venezuela) e Estado Maior Central (Col\u00f4mbia) tamb\u00e9m atuam na regi\u00e3o.\u00a0<\/p>\n<h2>Munic\u00edpios mais impactados<\/h2>\n<p>O relat\u00f3rio do FBSP destaca alguns munic\u00edpios particularmente afetados:<\/p>\n<ul>\n<li>Vila Bela da Sant\u00edssima Trindade (MT): munic\u00edpio pequeno, estrat\u00e9gico para o tr\u00e1fico por sua proximidade com a Bol\u00edvia. L\u00e1, o n\u00famero de assassinatos subiu de 12 (em 2022) para 42 (em 2024), em parte atribu\u00eddo ao dom\u00ednio do CV sobre o garimpo ilegal.\u00a0<\/li>\n<li>Rio Preto da Eva (AM): enfrentou forte disputa entre o PCC e o CV at\u00e9 meados de 2024; ind\u00edcios apontam para o monop\u00f3lio do CV atualmente.<\/li>\n<li>S\u00e3o F\u00e9lix do Xingu (PA): classificado como munic\u00edpio m\u00e9dio, sofre com sobreposi\u00e7\u00e3o de desmatamento, conflitos por terra, presen\u00e7a de fac\u00e7\u00f5es e at\u00e9 terras ind\u00edgenas.\u00a0<\/li>\n<li>Sorriso (MT): cidade grande e importante para o agroneg\u00f3cio, lidera em taxa de mortes violentas, com 77,7 homic\u00eddios por 100 mil habitantes, segundo o estudo.<\/li>\n<li>Outros munic\u00edpios destacados pela viol\u00eancia e conflito com fac\u00e7\u00f5es: Coari, Iranduba, Tabatinga e Santa In\u00eas (AM), al\u00e9m de Altamira e Itaituba (PA).<\/li>\n<\/ul>\n<h2>\nIntersec\u00e7\u00e3o com crimes ambientais<\/h2>\n<p>O relat\u00f3rio tamb\u00e9m chama aten\u00e7\u00e3o para a forma como o crime organizado se articula com a explora\u00e7\u00e3o ilegal da floresta:<\/p>\n<ul>\n<li>As fac\u00e7\u00f5es n\u00e3o se limitam ao tr\u00e1fico de drogas: atuam na extra\u00e7\u00e3o mineral ilegal, no desmatamento e no garimpo.<\/li>\n<li>Em Mato Grosso, por exemplo, o CV passou a cobrar mensalidades de garimpeiros que operam balsas e escavadeiras, sob amea\u00e7a de viol\u00eancia para quem n\u00e3o pagar.\u00a0A l\u00f3gica de dom\u00ednio \u00e9 territorial e financeira: as fac\u00e7\u00f5es criam uma \u201csimbiose\u201d entre poder b\u00e9lico (viol\u00eancia) e poder econ\u00f4mico (explora\u00e7\u00e3o ilegal de recursos).<\/li>\n<\/ul>\n<h2>Viol\u00eancia letal<\/h2>\n<p>Em 2024, foram registradas 8.047 mortes violentas intencionais na Amaz\u00f4nia Legal.\u00a0<\/p>\n<ul>\n<li>A taxa de homic\u00eddios regional ficou em 27,3 por 100 mil habitantes, 31% acima da m\u00e9dia nacional.<\/li>\n<li>O estado mais letal foi o Amap\u00e1, com taxa de 45,1 homic\u00eddios por 100 mil habitantes.<\/li>\n<li>Quanto \u00e0s mulheres: 586 mulheres foram assassinadas em 2024 na Amaz\u00f4nia Legal, com uma taxa de 4,1 por 100 mil, 21,8% acima da m\u00e9dia nacional. Mato Grosso teve a taxa feminina mais alta (5,3).\u00a0<\/li>\n<\/ul>\n<h2>Implica\u00e7\u00f5es<\/h2>\n<p>O avan\u00e7o das fac\u00e7\u00f5es na Amaz\u00f4nia legal traz riscos n\u00e3o s\u00f3 de seguran\u00e7a, mas ambientais e sociais:<\/p>\n<ul>\n<li>A presen\u00e7a criminosa concentra-se em territ\u00f3rios estrat\u00e9gicos, como \u00e1reas de garimpo, reservas ind\u00edgenas e regi\u00f5es remotas de desmatamento.\u00a0<\/li>\n<li>A expans\u00e3o pode minar os esfor\u00e7os de governan\u00e7a clim\u00e1tica, j\u00e1 que o crime organizado se apropria de rotas de tr\u00e1fico para lavar dinheiro por meio do desmatamento.<\/li>\n<\/ul>\n<p>As informa\u00e7\u00f5es s\u00e3o da <a href=\"https:\/\/agenciabrasil.ebc.com.br\/\" target=\"_blank\" rel=\"noopener\">Ag\u00eancia Brasil<\/a>.<br \/>\n\u00a0<\/p>\n<p>\t\t\t\t\t\t\t\t\t<img decoding=\"async\" src=\"https:\/\/brasil61.com\/api\/v1\/serve_pixel\/22254\/85998\" alt=\"Pixel Brasil 61\" class=\"b61_pixel\" width=\"0\" height=\"0\"><\/p>\n<div class=\"br61_backlink\">\n<p>\n\t\t\t\tFonte: <a href=\"https:\/\/brasil61.com\/faccoes-criminosas-avancam-na-amazonia-legal-bras2515192\" title=\"Artigo Original: Fac\u00e7\u00f5es criminosas avan\u00e7am na Amaz\u00f4nia Legal\" target=\"_blank\" rel=\"noopener\">Brasil 61<\/a>\n\t\t\t<\/p>\n<\/p><\/div>\n<input type=\"hidden\" id=\"baseurl\" value=\"https:\/\/noticiasregionais.com.br\"><input type=\"hidden\" id=\"audio_nonce\" value=\"5c13e0637f\">","protected":false},"excerpt":{"rendered":"<p>Estudo divulgado na COP30 revela que grupos como o CV e o PCC est\u00e3o em 45% dos munic\u00edpios da regi\u00e3o, com forte liga\u00e7\u00e3o entre narcotr\u00e1fico, desmatamento e garimpo ilegal<\/p>\n","protected":false},"author":1,"featured_media":11237,"comment_status":"closed","ping_status":"open","sticky":false,"template":"","format":"standard","meta":{"sfsi_plus_gutenberg_text_before_share":"","sfsi_plus_gutenberg_show_text_before_share":"","sfsi_plus_gutenberg_icon_type":"","sfsi_plus_gutenberg_icon_alignemt":"","sfsi_plus_gutenburg_max_per_row":"","footnotes":""},"categories":[8],"tags":[],"class_list":["post-11187","post","type-post","status-publish","format-standard","has-post-thumbnail","hentry","category-brasil"],"_links":{"self":[{"href":"https:\/\/noticiasregionais.com.br\/index.php?rest_route=\/wp\/v2\/posts\/11187","targetHints":{"allow":["GET"]}}],"collection":[{"href":"https:\/\/noticiasregionais.com.br\/index.php?rest_route=\/wp\/v2\/posts"}],"about":[{"href":"https:\/\/noticiasregionais.com.br\/index.php?rest_route=\/wp\/v2\/types\/post"}],"author":[{"embeddable":true,"href":"https:\/\/noticiasregionais.com.br\/index.php?rest_route=\/wp\/v2\/users\/1"}],"replies":[{"embeddable":true,"href":"https:\/\/noticiasregionais.com.br\/index.php?rest_route=%2Fwp%2Fv2%2Fcomments&post=11187"}],"version-history":[{"count":1,"href":"https:\/\/noticiasregionais.com.br\/index.php?rest_route=\/wp\/v2\/posts\/11187\/revisions"}],"predecessor-version":[{"id":11236,"href":"https:\/\/noticiasregionais.com.br\/index.php?rest_route=\/wp\/v2\/posts\/11187\/revisions\/11236"}],"wp:featuredmedia":[{"embeddable":true,"href":"https:\/\/noticiasregionais.com.br\/index.php?rest_route=\/wp\/v2\/media\/11237"}],"wp:attachment":[{"href":"https:\/\/noticiasregionais.com.br\/index.php?rest_route=%2Fwp%2Fv2%2Fmedia&parent=11187"}],"wp:term":[{"taxonomy":"category","embeddable":true,"href":"https:\/\/noticiasregionais.com.br\/index.php?rest_route=%2Fwp%2Fv2%2Fcategories&post=11187"},{"taxonomy":"post_tag","embeddable":true,"href":"https:\/\/noticiasregionais.com.br\/index.php?rest_route=%2Fwp%2Fv2%2Ftags&post=11187"}],"curies":[{"name":"wp","href":"https:\/\/api.w.org\/{rel}","templated":true}]}}