{"id":11189,"date":"2025-11-22T04:00:00","date_gmt":"2025-11-22T07:00:00","guid":{"rendered":"https:\/\/noticiasregionais.com.br\/?p=11189"},"modified":"2025-11-22T04:00:00","modified_gmt":"2025-11-22T07:00:00","slug":"infogripe-casos-de-srag-em-criancas-aumentam-em-cinco-estados","status":"publish","type":"post","link":"https:\/\/noticiasregionais.com.br\/?p=11189","title":{"rendered":"Infogripe: casos de SRAG em crian\u00e7as aumentam em cinco estados"},"content":{"rendered":"<p>\t\t\t\t\t\t\t\t\t\t\t<audio controls class=\"b61_audio_player\" data-noticia=\"85999\" src=\"https:\/\/brasil61.com\/rails\/active_storage\/blobs\/eyJfcmFpbHMiOnsibWVzc2FnZSI6IkJBaHBBNjNDQXc9PSIsImV4cCI6bnVsbCwicHVyIjoiYmxvYl9pZCJ9fQ==--bc05192b7d5c67c8a20ed83ea3c6fc9ad9c359db\/BRAS2515193A\"><\/audio><\/p>\n<p>O mais recente <a href=\"https:\/\/agencia.fiocruz.br\/sites\/agencia.fiocruz.br\/files\/Resumo_InfoGripe_2025_46.pdf\" target=\"_blank\" rel=\"noopener\">Boletim InfoGripe<\/a> divulgado nesta sexta-feira (21) pela Funda\u00e7\u00e3o Oswaldo Cruz (<a href=\"https:\/\/fiocruz.br\/\" target=\"_blank\" rel=\"noopener\">Fiocruz<\/a>) aponta um <strong>aumento dos casos de S\u00edndrome Respirat\u00f3ria Aguda Grave (<a href=\"https:\/\/www.gov.br\/saude\/pt-br\/composicao\/svsa\/cnie\/srag\" target=\"_blank\" rel=\"noopener\">SRAG<\/a>) entre crian\u00e7as e adolescentes de at\u00e9 14 anos<\/strong>. Impulsionadas principalmente pelo rinov\u00edrus, <strong>as notifica\u00e7\u00f5es atingiram n\u00edveis de alerta, risco ou alto risco em cinco estados<\/strong> \u2014 Mato Grosso do Sul, Par\u00e1, Rio de Janeiro, Rond\u00f4nia e Roraima \u2014 at\u00e9 a Semana Epidemiol\u00f3gica 46.<\/p>\n<p>De acordo com o levantamento, uma das causas para o<strong> <\/strong>aumento de SRAG em crian\u00e7as no estado do Rio de Janeiro \u00e9 a contamina\u00e7\u00e3o por metapneumov\u00edrus e influenza A. Al\u00e9m disso, o adenov\u00edrus tamb\u00e9m tem colaborado para o crescimento de casos no Par\u00e1 e em Mato Grosso do Sul. No Par\u00e1, houve ainda aumento de casos entre idosos, embora o v\u00edrus respons\u00e1vel ainda n\u00e3o tenha sido identificado pelas autoridades de sa\u00fade.<\/p>\n<p>O boletim tamb\u00e9m indica que outros <strong>oito estados apresentaram incid\u00eancia SRAG<\/strong> em n\u00edvel de alerta, risco ou alto risco na \u00faltima semana, mas sem tend\u00eancia de crescimento no longo prazo (\u00faltimas seis semanas). S\u00e3o eles: Amazonas, Bahia, Esp\u00edrito Santo, Goi\u00e1s, Mato Grosso, Para\u00edba, Santa Catarina e Sergipe.<\/p>\n<h2>Cen\u00e1rio nacional<\/h2>\n<p>No cen\u00e1rio nacional, h\u00e1 uma<strong> <\/strong>tend\u00eancia de queda dos casos de SRAG na tend\u00eancia de longo prazo e de estabilidade na tend\u00eancia de curto prazo (\u00faltimas tr\u00eas semanas).<\/p>\n<p>Entre as capitais, apenas <strong>Boa Vista<\/strong>, em Roraima, <strong>apresenta n\u00edvel de atividade considerado de risco para SRAG<\/strong> nas \u00faltimas duas semanas epidemiol\u00f3gicas, com manuten\u00e7\u00e3o de tend\u00eancia de alta no longo prazo.<\/p>\n<h2>Casos e \u00f3bitos<\/h2>\n<p>Nas \u00faltimas quatro semanas epidemiol\u00f3gicas, a <strong>preval\u00eancia entre os casos positivos de SRAG<\/strong> foi de:<\/p>\n<ul>\n<li>\n<p>37,8% para rinov\u00edrus,\u00a0<\/p>\n<\/li>\n<li>25,3% para influenza A;\u00a0<\/li>\n<li>14,7% para Covid-19;\u00a0<\/li>\n<li>5,8% para v\u00edrus sincicial respirat\u00f3rio (VSR);\u00a0<\/li>\n<li>1,9% para influenza B.\u00a0<\/li>\n<\/ul>\n<p>Entre os <strong>\u00f3bitos confirmados<\/strong>, foram registrados:<\/p>\n<ul>\n<li>39,4% para Covid-19;\u00a0<\/li>\n<li>31,7% para influenza A;\u00a0<\/li>\n<li>14,9% de rinov\u00edrus;\u00a0<\/li>\n<li>3,4% para VSR;\u00a0<\/li>\n<li>1% para influenza B.<\/li>\n<\/ul>\n<p>O levantamento do InfoGripe tem como base os dados inseridos no Sistema de Informa\u00e7\u00e3o da Vigil\u00e2ncia Epidemiol\u00f3gica da Gripe, atualizados at\u00e9 15 de novembro, e \u00e9 referente \u00e0 Semana Epidemiol\u00f3gica (SE) 46. Confira outros detalhes no link.<\/p>\n<h2>Preven\u00e7\u00e3o \u00e0 SRAG<\/h2>\n<p>Diante deste cen\u00e1rio, a pesquisadora do Programa de Computa\u00e7\u00e3o Cient\u00edfica (PROCC\/Fiocruz) e do Boletim InfoGripe, Tatiana Portella, recomendou, em nota, o uso de uma boa m\u00e1scara, como a PFF2 ou a N95, em unidades de sa\u00fade e por pessoas que estejam com sintomas de gripe ou resfriado. \u201cTamb\u00e9m \u00e9 importante que os pais evitem levar seus filhos para a escola ou creche caso apresentem esses sintomas, para evitar transmitir o v\u00edrus para outras crian\u00e7as\u201d, recomenda. \u201cAl\u00e9m disso, \u00e9 fundamental que as crian\u00e7as, assim como os demais grupos priorit\u00e1rios, estejam com a vacina\u00e7\u00e3o contra Influenza e Covid-19 em dia\u201d, orienta Portella.<\/p>\n<p>\t\t\t\t\t\t\t\t\t\t<img decoding=\"async\" src=\"https:\/\/brasil61.com\/api\/v1\/serve_pixel\/22254\/85999\" alt=\"Pixel Brasil 61\" class=\"b61_pixel\" width=\"0\" height=\"0\"><\/p>\n<div class=\"br61_backlink\">\n<p>\n\t\t\t\tFonte: <a href=\"https:\/\/brasil61.com\/infogripe-casos-de-srag-em-criancas-aumentam-em-cinco-estados-bras2515193\" title=\"Artigo Original: Infogripe: casos de SRAG em crian\u00e7as aumentam em cinco estados\" target=\"_blank\" rel=\"noopener\">Brasil 61<\/a>\n\t\t\t<\/p>\n<\/p><\/div>\n<input type=\"hidden\" id=\"baseurl\" value=\"https:\/\/noticiasregionais.com.br\"><input type=\"hidden\" id=\"audio_nonce\" value=\"296231ceac\">","protected":false},"excerpt":{"rendered":"<p>Rinov\u00edrus lidera infec\u00e7\u00f5es respirat\u00f3rias entre menores de 14 anos; oito estados seguem em n\u00edvel de alerta, aponta Fiocruz<\/p>\n","protected":false},"author":1,"featured_media":11190,"comment_status":"","ping_status":"open","sticky":false,"template":"","format":"standard","meta":{"sfsi_plus_gutenberg_text_before_share":"","sfsi_plus_gutenberg_show_text_before_share":"","sfsi_plus_gutenberg_icon_type":"","sfsi_plus_gutenberg_icon_alignemt":"","sfsi_plus_gutenburg_max_per_row":"","footnotes":""},"categories":[8],"tags":[],"class_list":["post-11189","post","type-post","status-publish","format-standard","has-post-thumbnail","hentry","category-brasil"],"_links":{"self":[{"href":"https:\/\/noticiasregionais.com.br\/index.php?rest_route=\/wp\/v2\/posts\/11189","targetHints":{"allow":["GET"]}}],"collection":[{"href":"https:\/\/noticiasregionais.com.br\/index.php?rest_route=\/wp\/v2\/posts"}],"about":[{"href":"https:\/\/noticiasregionais.com.br\/index.php?rest_route=\/wp\/v2\/types\/post"}],"author":[{"embeddable":true,"href":"https:\/\/noticiasregionais.com.br\/index.php?rest_route=\/wp\/v2\/users\/1"}],"replies":[{"embeddable":true,"href":"https:\/\/noticiasregionais.com.br\/index.php?rest_route=%2Fwp%2Fv2%2Fcomments&post=11189"}],"version-history":[{"count":0,"href":"https:\/\/noticiasregionais.com.br\/index.php?rest_route=\/wp\/v2\/posts\/11189\/revisions"}],"wp:featuredmedia":[{"embeddable":true,"href":"https:\/\/noticiasregionais.com.br\/index.php?rest_route=\/wp\/v2\/media\/11190"}],"wp:attachment":[{"href":"https:\/\/noticiasregionais.com.br\/index.php?rest_route=%2Fwp%2Fv2%2Fmedia&parent=11189"}],"wp:term":[{"taxonomy":"category","embeddable":true,"href":"https:\/\/noticiasregionais.com.br\/index.php?rest_route=%2Fwp%2Fv2%2Fcategories&post=11189"},{"taxonomy":"post_tag","embeddable":true,"href":"https:\/\/noticiasregionais.com.br\/index.php?rest_route=%2Fwp%2Fv2%2Ftags&post=11189"}],"curies":[{"name":"wp","href":"https:\/\/api.w.org\/{rel}","templated":true}]}}