{"id":11191,"date":"2025-11-22T04:35:00","date_gmt":"2025-11-22T07:35:00","guid":{"rendered":"https:\/\/noticiasregionais.com.br\/?p=11191"},"modified":"2025-11-22T04:35:00","modified_gmt":"2025-11-22T07:35:00","slug":"inclusao-nos-aeroportos-fortaleza-ce-inaugura-sala-multissensorial-para-passageiros-com-tea","status":"publish","type":"post","link":"https:\/\/noticiasregionais.com.br\/?p=11191","title":{"rendered":"Inclus\u00e3o nos aeroportos: Fortaleza (CE) inaugura sala multissensorial para passageiros com TEA"},"content":{"rendered":"<p>\t\t\t\t\t\t\t\t\t\t\t<audio controls class=\"b61_audio_player\" data-noticia=\"86005\" src=\"https:\/\/brasil61.com\/rails\/active_storage\/blobs\/eyJfcmFpbHMiOnsibWVzc2FnZSI6IkJBaHBBOHZDQXc9PSIsImV4cCI6bnVsbCwicHVyIjoiYmxvYl9pZCJ9fQ==--93bf7d83184c8bfbd62c7c2b2d6f68f144389ea3\/MPOR250131A\"><\/audio><\/p>\n<p>O <a href=\"https:\/\/fortaleza-airport.com.br\/pt\" target=\"_blank\" rel=\"noopener\">Aeroporto<\/a>\u00a0Internacional Pinto Martins, em <strong>Fortaleza<\/strong> (<a href=\"https:\/\/www.ceara.gov.br\/\" target=\"_blank\" rel=\"noopener\">CE<\/a>), <strong>inaugurou<\/strong> na quinta-feira (20), uma <strong>sala multissensorial voltada ao acolhimento de passageiros com Transtorno do Espectro Autista (<a href=\"https:\/\/www.gov.br\/saude\/pt-br\/assuntos\/saude-de-a-a-z\/a\/autismo\" target=\"_blank\" rel=\"noopener\">TEA<\/a>)<\/strong>. A nova unidade integra o <a href=\"https:\/\/www.gov.br\/portos-e-aeroportos\/pt-br\/assuntos\/transporte-aereo\/programa-tea\" target=\"_blank\" rel=\"noopener\">Programa de Acolhimento ao Passageiro com TEA<\/a>, promovido pelo Minist\u00e9rio de Portos e Aeroportos (<a href=\"https:\/\/www.gov.br\/portos-e-aeroportos\/pt-br\" target=\"_blank\" rel=\"noopener\">MPor<\/a>).\u00a0<\/p>\n<p>A cerim\u00f4nia contou com a presen\u00e7a do secret\u00e1rio executivo do Minist\u00e9rio de Portos e Aeroportos, Tom\u00e9 Franca, do secret\u00e1rio de Turismo do Cear\u00e1, Eduardo Bismarck e do prefeito de Fortaleza, Evandro Leit\u00e3o.<\/p>\n<p>Com a abertura do espa\u00e7o, a <strong>iniciativa alcan\u00e7a a marca de 13 salas instaladas em aeroportos brasileiros ao longo de 2025<\/strong>. Al\u00e9m de Fortaleza, o programa j\u00e1 contempla unidades nos terminais de:<\/p>\n<ul>\n<li>Aracaju (SE);<\/li>\n<li>Bras\u00edlia (DF);<\/li>\n<li>Campo Grande (MS);<\/li>\n<li>Congonhas (SP);<\/li>\n<li>Florian\u00f3polis (SC);<\/li>\n<li>Gale\u00e3o (RJ), com duas unidades;<\/li>\n<li>Jo\u00e3o Pessoa (PB);<\/li>\n<li>Macei\u00f3 (AL);<\/li>\n<li>Recife (PE);<\/li>\n<li>Santos Dumont (RJ);<\/li>\n<li>Vit\u00f3ria (ES).<\/li>\n<\/ul>\n<p>Para o secret\u00e1rio executivo do MPor, Tom\u00e9 Franca, incluir passageiros e democratizar a experi\u00eancia nos aeroportos \u00e9 uma pol\u00edtica p\u00fablica priorit\u00e1ria.\u00a0<\/p>\n<p>\u201c\u00c9 orienta\u00e7\u00e3o do presidente Lula e do ministro Silvio Costa Filho <strong>que o nosso trabalho fa\u00e7a com que a avia\u00e7\u00e3o brasileira seja para todas e todos<\/strong>. As salas e espa\u00e7os multissensoriais acolhem e tornam a experi\u00eancia de viajar mais agrad\u00e1vel em nossos aeroportos, atendendo aos passageiros nas suas necessidades\u201d, disse.<\/p>\n<p>Segundo a diretora de opera\u00e7\u00f5es do Aeroporto Internacional de Fortaleza, Tha\u00eds Reder, a iniciativa integra o conjunto de melhorias implementadas pela concession\u00e1ria Fraport Brasil no terminal.<\/p>\n<p>\u201c\u00c9 uma satisfa\u00e7\u00e3o para a Fraport Brasil inaugurar um espa\u00e7o no Fortaleza Airport projetado para oferecer conforto, redu\u00e7\u00e3o de est\u00edmulos e um ambiente acolhedor aos nossos passageiros que necessitam de uma pausa sensorial durante a viagem\u201d, destacou.<\/p>\n<h2>Sala multissensorial<\/h2>\n<p>O espa\u00e7o,<strong> localizado em frente ao port\u00e3o de embarque 11<\/strong>, possui uma \u00e1rea de 63,50 m\u00b2 e <strong>funciona 24 horas por dia<\/strong>. Tem capacidade para acolher at\u00e9 10 pessoas simultaneamente. Al\u00e9m do mobili\u00e1rio l\u00fadico e adaptado, possui espa\u00e7o que simula o interior de um avi\u00e3o para facilitar a adapta\u00e7\u00e3o do passageiro com TEA \u00e0 aeronave.<\/p>\n<h2>Cartilha<\/h2>\n<p>Como parte das a\u00e7\u00f5es voltadas \u00e0 inclus\u00e3o, a Pasta lan\u00e7ou a <strong>cartilha <a href=\"https:\/\/www.gov.br\/portos-e-aeroportos\/pt-br\/assuntos\/transporte-aereo\/programa-tea\/cartilhainclusao.pdf\" target=\"_blank\" rel=\"noopener\">Inclus\u00e3o Dentro e Fora do Avi\u00e3o<\/a><\/strong>, com texto de Aline Campos e ilustra\u00e7\u00f5es de Luana Chinalia.\u00a0<\/p>\n<p>A publica\u00e7\u00e3o apresenta, de forma l\u00fadica, a hist\u00f3ria de duas crian\u00e7as neurodivergentes e oferece orienta\u00e7\u00f5es sobre direitos, recursos e boas pr\u00e1ticas para garantir uma experi\u00eancia de viagem mais tranquila.<\/p>\n<p>O material est\u00e1 dispon\u00edvel para download no <a href=\"https:\/\/www.gov.br\/portos-e-aeroportos\/pt-br\/assuntos\/transporte-aereo\/programa-tea\" target=\"_blank\" rel=\"noopener\">site oficial do MPor<\/a> e tamb\u00e9m pode ser encontrado nas salas multissensoriais instaladas em aeroportos de todo o pa\u00eds.<\/p>\n<p><b>VEJA MAIS:<\/b><\/p>\n<ul>\n<li><a href=\"https:\/\/brasil61.com\/n\/inclusao-nos-aeroportos-joao-pessoa-e-aracaju-inauguram-salas-para-passageiros-com-tea-mpor250125\" target=\"_blank\" rel=\"noopener\">Inclus\u00e3o nos aeroportos: Jo\u00e3o Pessoa e Aracaju inauguram salas para passageiros com TEA<\/a><\/li>\n<\/ul>\n<p>\t\t\t\t\t\t\t\t\t\t<img decoding=\"async\" src=\"https:\/\/brasil61.com\/api\/v1\/serve_pixel\/22254\/86005\" alt=\"Pixel Brasil 61\" class=\"b61_pixel\" width=\"0\" height=\"0\"><\/p>\n<div class=\"br61_backlink\">\n<p>\n\t\t\t\tFonte: <a href=\"https:\/\/brasil61.com\/inclusao-nos-aeroportos-fortaleza-ce-inaugura-sala-multissensorial-para-passageiros-com-tea-mpor250131\" title=\"Artigo Original: Inclus\u00e3o nos aeroportos: Fortaleza (CE) inaugura sala multissensorial para passageiros com TEA\" target=\"_blank\" rel=\"noopener\">Brasil 61<\/a>\n\t\t\t<\/p>\n<\/p><\/div>\n<input type=\"hidden\" id=\"baseurl\" value=\"https:\/\/noticiasregionais.com.br\"><input type=\"hidden\" id=\"audio_nonce\" value=\"5c13e0637f\">","protected":false},"excerpt":{"rendered":"<p>Programa do MPor busca atender \u00e0s necessidades espec\u00edficas de pessoas neurodivergentes, com foco na inclus\u00e3o e no conforto durante a experi\u00eancia aeroportu\u00e1ria<\/p>\n","protected":false},"author":1,"featured_media":11192,"comment_status":"","ping_status":"open","sticky":false,"template":"","format":"standard","meta":{"sfsi_plus_gutenberg_text_before_share":"","sfsi_plus_gutenberg_show_text_before_share":"","sfsi_plus_gutenberg_icon_type":"","sfsi_plus_gutenberg_icon_alignemt":"","sfsi_plus_gutenburg_max_per_row":"","footnotes":""},"categories":[8],"tags":[],"class_list":["post-11191","post","type-post","status-publish","format-standard","has-post-thumbnail","hentry","category-brasil"],"_links":{"self":[{"href":"https:\/\/noticiasregionais.com.br\/index.php?rest_route=\/wp\/v2\/posts\/11191","targetHints":{"allow":["GET"]}}],"collection":[{"href":"https:\/\/noticiasregionais.com.br\/index.php?rest_route=\/wp\/v2\/posts"}],"about":[{"href":"https:\/\/noticiasregionais.com.br\/index.php?rest_route=\/wp\/v2\/types\/post"}],"author":[{"embeddable":true,"href":"https:\/\/noticiasregionais.com.br\/index.php?rest_route=\/wp\/v2\/users\/1"}],"replies":[{"embeddable":true,"href":"https:\/\/noticiasregionais.com.br\/index.php?rest_route=%2Fwp%2Fv2%2Fcomments&post=11191"}],"version-history":[{"count":0,"href":"https:\/\/noticiasregionais.com.br\/index.php?rest_route=\/wp\/v2\/posts\/11191\/revisions"}],"wp:featuredmedia":[{"embeddable":true,"href":"https:\/\/noticiasregionais.com.br\/index.php?rest_route=\/wp\/v2\/media\/11192"}],"wp:attachment":[{"href":"https:\/\/noticiasregionais.com.br\/index.php?rest_route=%2Fwp%2Fv2%2Fmedia&parent=11191"}],"wp:term":[{"taxonomy":"category","embeddable":true,"href":"https:\/\/noticiasregionais.com.br\/index.php?rest_route=%2Fwp%2Fv2%2Fcategories&post=11191"},{"taxonomy":"post_tag","embeddable":true,"href":"https:\/\/noticiasregionais.com.br\/index.php?rest_route=%2Fwp%2Fv2%2Ftags&post=11191"}],"curies":[{"name":"wp","href":"https:\/\/api.w.org\/{rel}","templated":true}]}}