{"id":11193,"date":"2025-11-22T04:45:00","date_gmt":"2025-11-22T07:45:00","guid":{"rendered":"https:\/\/noticiasregionais.com.br\/?p=11193"},"modified":"2025-11-22T04:45:00","modified_gmt":"2025-11-22T07:45:00","slug":"mpor-anuncia-investimento-privado-de-r-16-bi-para-expansao-do-porto-de-santos","status":"publish","type":"post","link":"https:\/\/noticiasregionais.com.br\/?p=11193","title":{"rendered":"MPor anuncia investimento privado de R$ 1,6 bi para expans\u00e3o do Porto de Santos"},"content":{"rendered":"<p>\t\t\t\t\t\t\t\t\t\t\t<audio controls class=\"b61_audio_player\" data-noticia=\"86019\" src=\"https:\/\/brasil61.com\/rails\/active_storage\/blobs\/eyJfcmFpbHMiOnsibWVzc2FnZSI6IkJBaHBBK0xDQXc9PSIsImV4cCI6bnVsbCwicHVyIjoiYmxvYl9pZCJ9fQ==--cb67ddc87d7425ec24dd277bac49f6746278f1d5\/MPOR250132A\"><\/audio><\/p>\n<p>O Minist\u00e9rio de Portos e Aeroportos (<a href=\"https:\/\/www.gov.br\/portos-e-aeroportos\/pt-br\" target=\"_blank\" rel=\"noopener\">MPor<\/a>) anunciou um<strong> investimento privado de R$ 1,6 bilh\u00e3o destinado ao <a href=\"https:\/\/www.portodesantos.com.br\/\" target=\"_blank\" rel=\"noopener\">Porto de Santos<\/a> (<a href=\"https:\/\/sp.gov.br\/sp\" target=\"_blank\" rel=\"noopener\">SP<\/a>)<\/strong>. O aporte ser\u00e1 realizado pela <a href=\"https:\/\/www.dpworld.com\/pt-br\/brazil\" target=\"_blank\" rel=\"noopener\">DP World<\/a>, empresa global de log\u00edstica, com o objetivo de ampliar as opera\u00e7\u00f5es no terminal.<\/p>\n<p>O projeto prev\u00ea <strong>elevar a capacidade de movimenta\u00e7\u00e3o para 2,1 milh\u00f5es de TEUs <\/strong>(unidade equivalente a um cont\u00eainer de 20 p\u00e9s) at\u00e9 2028. Entre as melhorias est\u00e3o a constru\u00e7\u00e3o de um novo p\u00eder, a moderniza\u00e7\u00e3o dos equipamentos e a amplia\u00e7\u00e3o do cais em 190 metros.<\/p>\n<p>O acordo foi firmado durante<strong> miss\u00e3o oficial do MPor a Dubai<\/strong>, nos Emirados \u00c1rabes Unidos, realizada entre 18 e 21 de novembro. Sob a lideran\u00e7a do ministro Silvio Costa Filho, a comitiva brasileira retornou ao pa\u00eds com o an\u00fancio do investimento e com avan\u00e7os nas negocia\u00e7\u00f5es voltadas \u00e0 amplia\u00e7\u00e3o da malha a\u00e9rea internacional em diversas regi\u00f5es.<\/p>\n<p>\u201cViemos mostrar que o Brasil \u00e9 um parceiro seguro, previs\u00edvel e aberto a investimentos que gerem desenvolvimento. O saldo desta miss\u00e3o \u00e9 a prova de que o mercado internacional confia no atual momento do pa\u00eds, seja aportando recursos na nossa infraestrutura portu\u00e1ria, seja comprando a tecnologia da nossa ind\u00fastria aeron\u00e1utica\u201d, avaliou Costa Filho.<\/p>\n<h2>Conectividade e turismo<\/h2>\n<p>A <strong>programa\u00e7\u00e3o em Dubai<\/strong> incluiu encontros com autoridades locais. Entre os <strong>temas tratados<\/strong> destacam-se:<\/p>\n<ul>\n<li>\n<p><strong>Turismo e rotas comerciais:<\/strong> Em reuni\u00e3o com o presidente da <a href=\"https:\/\/www.emirates.com\/br\/portuguese\/book\/?utm_source=google&amp;utm_medium=cpc&amp;utm_campaign=GGS_BR_PT_Brand_Pure___BR_E&amp;gclsrc=aw.ds&amp;gad_source=1&amp;gad_campaignid=1402488435&amp;gbraid=0AAAAADjsLtPWqmGAHNpYbqHBIQE4j7UhW&amp;gclid=CjwKCAiAuIDJBhBoEiwAxhgyFsxeBBurD_ppgjS7uzHtZsEpVL9WTlYmpEj9mUiQnQQzqVi8WL0rXBoC1qEQAvD_BwE\" target=\"_blank\" rel=\"noopener\">Emirates Airlines<\/a>, Tim Clark, o <strong>governo brasileiro avan\u00e7ou nas tratativas para levar voos da companhia ao Nordeste<\/strong>. A medida descentraliza a entrada de turistas estrangeiros no Brasil;<\/p>\n<\/li>\n<li>\n<p><strong>Sustentabilidade: <\/strong>Encontros com a Autoridade Geral de Avia\u00e7\u00e3o Civil da Ar\u00e1bia Saudita e a Dnata <strong>discutiram investimentos na produ\u00e7\u00e3o de combust\u00edvel sustent\u00e1vel de avia\u00e7\u00e3o (<a href=\"https:\/\/www.gov.br\/anac\/pt-br\/noticias\/2024\/producao-e-uso-de-combustivel-sustentavel-de-aviacao-saf-vai-a-sancao-presidencial\" target=\"_blank\" rel=\"noopener\">SAF<\/a>) no Brasil<\/strong> e coopera\u00e7\u00e3o t\u00e9cnica para o desenvolvimento de eVTOLs, os chamados \u201ccarros voadores\u201d;<\/p>\n<\/li>\n<li><strong>Seguran\u00e7a internacional: <\/strong>O ministro se reuniu com o presidente da Interpol, major-general Ahmed Naser Al-Raisi, para tratar da prote\u00e7\u00e3o do espa\u00e7o a\u00e9reo e das rotas log\u00edsticas. O tema \u00e9 priorit\u00e1rio para <strong>garantir a integridade das opera\u00e7\u00f5es de com\u00e9rcio exterior brasileiras<\/strong>.<\/li>\n<\/ul>\n<p><b>VEJA MAIS:<\/b><\/p>\n<ul>\n<li><a href=\"https:\/\/brasil61.com\/n\/brasil-fortalece-parcerias-e-fecha-contratos-de-venda-de-aeronaves-nos-emirados-arabes-mpor250124\" target=\"_blank\" rel=\"noopener\">Brasil fortalece parcerias e fecha contratos de venda de aeronaves nos Emirados \u00c1rabes<\/a><\/li>\n<\/ul>\n<p>\t\t\t\t\t\t\t\t\t\t<img decoding=\"async\" src=\"https:\/\/brasil61.com\/api\/v1\/serve_pixel\/22254\/86019\" alt=\"Pixel Brasil 61\" class=\"b61_pixel\" width=\"0\" height=\"0\"><\/p>\n<div class=\"br61_backlink\">\n<p>\n\t\t\t\tFonte: <a href=\"https:\/\/brasil61.com\/mpor-anuncia-investimento-privado-de-r-1-6-bi-para-expansao-do-porto-de-santos-mpor250132\" title=\"Artigo Original: MPor anuncia investimento privado de R$ 1,6 bi para expans\u00e3o do Porto de Santos\" target=\"_blank\" rel=\"noopener\">Brasil 61<\/a>\n\t\t\t<\/p>\n<\/p><\/div>\n<input type=\"hidden\" id=\"baseurl\" value=\"https:\/\/noticiasregionais.com.br\"><input type=\"hidden\" id=\"audio_nonce\" value=\"5c13e0637f\">","protected":false},"excerpt":{"rendered":"<p>Durante miss\u00e3o a Dubai, a Pasta garantiu aporte para ampliar o complexo portu\u00e1rio a 2,1 milh\u00f5es de TEUs at\u00e9 2028 e avan\u00e7ou em negocia\u00e7\u00f5es sobre avia\u00e7\u00e3o, turismo e seguran\u00e7a<\/p>\n","protected":false},"author":1,"featured_media":11194,"comment_status":"","ping_status":"open","sticky":false,"template":"","format":"standard","meta":{"sfsi_plus_gutenberg_text_before_share":"","sfsi_plus_gutenberg_show_text_before_share":"","sfsi_plus_gutenberg_icon_type":"","sfsi_plus_gutenberg_icon_alignemt":"","sfsi_plus_gutenburg_max_per_row":"","footnotes":""},"categories":[8],"tags":[],"class_list":["post-11193","post","type-post","status-publish","format-standard","has-post-thumbnail","hentry","category-brasil"],"_links":{"self":[{"href":"https:\/\/noticiasregionais.com.br\/index.php?rest_route=\/wp\/v2\/posts\/11193","targetHints":{"allow":["GET"]}}],"collection":[{"href":"https:\/\/noticiasregionais.com.br\/index.php?rest_route=\/wp\/v2\/posts"}],"about":[{"href":"https:\/\/noticiasregionais.com.br\/index.php?rest_route=\/wp\/v2\/types\/post"}],"author":[{"embeddable":true,"href":"https:\/\/noticiasregionais.com.br\/index.php?rest_route=\/wp\/v2\/users\/1"}],"replies":[{"embeddable":true,"href":"https:\/\/noticiasregionais.com.br\/index.php?rest_route=%2Fwp%2Fv2%2Fcomments&post=11193"}],"version-history":[{"count":0,"href":"https:\/\/noticiasregionais.com.br\/index.php?rest_route=\/wp\/v2\/posts\/11193\/revisions"}],"wp:featuredmedia":[{"embeddable":true,"href":"https:\/\/noticiasregionais.com.br\/index.php?rest_route=\/wp\/v2\/media\/11194"}],"wp:attachment":[{"href":"https:\/\/noticiasregionais.com.br\/index.php?rest_route=%2Fwp%2Fv2%2Fmedia&parent=11193"}],"wp:term":[{"taxonomy":"category","embeddable":true,"href":"https:\/\/noticiasregionais.com.br\/index.php?rest_route=%2Fwp%2Fv2%2Fcategories&post=11193"},{"taxonomy":"post_tag","embeddable":true,"href":"https:\/\/noticiasregionais.com.br\/index.php?rest_route=%2Fwp%2Fv2%2Ftags&post=11193"}],"curies":[{"name":"wp","href":"https:\/\/api.w.org\/{rel}","templated":true}]}}