{"id":11195,"date":"2025-11-22T04:50:00","date_gmt":"2025-11-22T07:50:00","guid":{"rendered":"https:\/\/noticiasregionais.com.br\/?p=11195"},"modified":"2025-11-22T04:50:00","modified_gmt":"2025-11-22T07:50:00","slug":"cop30-banco-da-amazonia-anuncia-inovacoes-no-credito-rural-para-impulsionar-pecuaria-verde","status":"publish","type":"post","link":"https:\/\/noticiasregionais.com.br\/?p=11195","title":{"rendered":"COP30: Banco da Amaz\u00f4nia anuncia inova\u00e7\u00f5es no cr\u00e9dito rural para impulsionar Pecu\u00e1ria Verde"},"content":{"rendered":"<p>\t\t\t\t\t\t\t\t\t\t\t<audio controls class=\"b61_audio_player\" data-noticia=\"86007\" src=\"https:\/\/brasil61.com\/rails\/active_storage\/blobs\/eyJfcmFpbHMiOnsibWVzc2FnZSI6IkJBaHBBOGJDQXc9PSIsImV4cCI6bnVsbCwicHVyIjoiYmxvYl9pZCJ9fQ==--2bbd38d72fb02217aff57af2232d408f1006fcdb\/BASA250125A\"><\/audio><\/p>\n<p>A programa\u00e7\u00e3o oficial da COP30 reuniu pesquisadores, t\u00e9cnicos, produtores e gestores p\u00fablicos para debater a pecu\u00e1ria sustent\u00e1vel na Regi\u00e3o Amaz\u00f4nica. Durante o \u201cDia da Pecu\u00e1ria Verde e Financiamento Sustent\u00e1vel\u201d, realizado no pavilh\u00e3o do <a href=\"https:\/\/www.bancoamazonia.com.br\/\" target=\"_blank\" rel=\"noopener\">Banco da Amaz\u00f4nia<\/a>, na Green Zone da COP30, os participantes destacaram <strong>caminhos para a pecu\u00e1ria de baixo carbono na regi\u00e3o, inclusive, com o apoio de financiamento sustent\u00e1vel.<\/strong><\/p>\n<p>O <strong>debate acompanha a demanda por uma transi\u00e7\u00e3o para uma pecu\u00e1ria de baixo carbono, cuja ado\u00e7\u00e3o \u00e9 essencial para aliar produ\u00e7\u00e3o, conserva\u00e7\u00e3o e inclus\u00e3o social. <\/strong>A pecu\u00e1ria segue como um dos principais motores da economia amaz\u00f4nica, no entanto, desafia o territ\u00f3rio com press\u00f5es ambientais sobre a degrada\u00e7\u00e3o do solo.<\/p>\n<h2>Pecu\u00e1ria Verde na Amaz\u00f4nia<\/h2>\n<p>No encontro, foram apresentadas experi\u00eancias voltadas \u00e0 redu\u00e7\u00e3o das emiss\u00f5es de carbono na atividade no \u00e2mbito do<strong> programa Pecu\u00e1ria Verde<\/strong>. O programa do Banco da Amaz\u00f4nia <strong>combina cr\u00e9dito rural, assist\u00eancia t\u00e9cnica, m\u00e9tricas de monitoramento e incentivos a produtores que adotam pr\u00e1ticas sustent\u00e1veis.\u00a0<\/strong><\/p>\n<p>O modelo est\u00e1 em<strong> fase piloto em Roraima <\/strong>e, segundo participantes do debate, tem mostrado que a recupera\u00e7\u00e3o de \u00e1reas degradadas e a eleva\u00e7\u00e3o da produtividade dependem sobretudo do manejo adequado e de sistemas integrados de produ\u00e7\u00e3o \u2013 de lavoura e pecu\u00e1ria.<\/p>\n<p>Entre os objetivos est\u00e3o o <strong>aumento da produtividade, al\u00e9m da recupera\u00e7\u00e3o de \u00e1reas degradadas, bem como a redu\u00e7\u00e3o das emiss\u00f5es de CO2.<\/strong><\/p>\n<p>O coordenador do Grupo de Trabalho sobre Pecu\u00e1ria Verde do Banco da Amaz\u00f4nia, Augusto Bastos, destacou que<strong> a proposta marca um avan\u00e7o na forma de produzir na Amaz\u00f4nia, ao buscar conciliar conserva\u00e7\u00e3o ambiental, regenera\u00e7\u00e3o de \u00e1reas e gera\u00e7\u00e3o de renda.<\/strong><\/p>\n<p>\u201cO Pecu\u00e1ria Verde traz uma sequ\u00eancia bem grande de inova\u00e7\u00f5es que v\u00e3o revolucionar o cr\u00e9dito rural em termos de monitoramento e comprova\u00e7\u00e3o dos impactos socioambientais e econ\u00f4micos que cada opera\u00e7\u00e3o na pecu\u00e1ria vai trazer para as metas nacionais e para os objetivos do desenvolvimento sustent\u00e1vel\u201d, disse Bastos.<\/p>\n<p>O pesquisador da Embrapa, Amaury Bendahan, lembrou do papel social da pecu\u00e1ria na Amaz\u00f4nia e afirmou que a atividade integra as solu\u00e7\u00f5es clim\u00e1ticas.\u00a0<\/p>\n<p>\u201cA pecu\u00e1ria \u00e9 o maior uso da terra na Amaz\u00f4nia, envolve mais de 200 mil produtores. Tem um papel social dentro da Amaz\u00f4nia e \u00e9 parte da solu\u00e7\u00e3o clim\u00e1tica. A pecu\u00e1ria n\u00e3o pode ser vista de maneira diferente. Ela \u00e9 um sumidouro de carbono quando voc\u00ea maneja ela bem, tem boas pr\u00e1ticas, contribui na mitiga\u00e7\u00e3o dos gases efeitos estufa\u201d, ressaltou Bendahan.<\/p>\n<p><strong>O objetivo \u00e9 expandir o Pecu\u00e1ria Verde de forma gradual em toda a regi\u00e3o \u2013 tendo em vista que a pecu\u00e1ria est\u00e1 presente em todos os munic\u00edpios da Amaz\u00f4nia.<\/strong><br \/>\n\u00a0<\/p>\n<p>\t\t\t\t\t\t\t\t\t\t<img decoding=\"async\" src=\"https:\/\/brasil61.com\/api\/v1\/serve_pixel\/22254\/86007\" alt=\"Pixel Brasil 61\" class=\"b61_pixel\" width=\"0\" height=\"0\"><\/p>\n<div class=\"br61_backlink\">\n<p>\n\t\t\t\tFonte: <a href=\"https:\/\/brasil61.com\/cop30-banco-da-amazonia-anuncia-inovacoes-no-credito-rural-para-impulsionar-pecuaria-verde-basa250125\" title=\"Artigo Original: COP30: Banco da Amaz\u00f4nia anuncia inova\u00e7\u00f5es no cr\u00e9dito rural para impulsionar Pecu\u00e1ria Verde\" target=\"_blank\" rel=\"noopener\">Brasil 61<\/a>\n\t\t\t<\/p>\n<\/p><\/div>\n<input type=\"hidden\" id=\"baseurl\" value=\"https:\/\/noticiasregionais.com.br\"><input type=\"hidden\" id=\"audio_nonce\" value=\"296231ceac\">","protected":false},"excerpt":{"rendered":"<p>Debate na Green Zone apontou caminhos para pecu\u00e1ria de baixo carbono na regi\u00e3o, al\u00e9m de destacar a import\u00e2ncia do financiamento sustent\u00e1vel na Amaz\u00f4nia<\/p>\n","protected":false},"author":1,"featured_media":11196,"comment_status":"","ping_status":"open","sticky":false,"template":"","format":"standard","meta":{"sfsi_plus_gutenberg_text_before_share":"","sfsi_plus_gutenberg_show_text_before_share":"","sfsi_plus_gutenberg_icon_type":"","sfsi_plus_gutenberg_icon_alignemt":"","sfsi_plus_gutenburg_max_per_row":"","footnotes":""},"categories":[8],"tags":[],"class_list":["post-11195","post","type-post","status-publish","format-standard","has-post-thumbnail","hentry","category-brasil"],"_links":{"self":[{"href":"https:\/\/noticiasregionais.com.br\/index.php?rest_route=\/wp\/v2\/posts\/11195","targetHints":{"allow":["GET"]}}],"collection":[{"href":"https:\/\/noticiasregionais.com.br\/index.php?rest_route=\/wp\/v2\/posts"}],"about":[{"href":"https:\/\/noticiasregionais.com.br\/index.php?rest_route=\/wp\/v2\/types\/post"}],"author":[{"embeddable":true,"href":"https:\/\/noticiasregionais.com.br\/index.php?rest_route=\/wp\/v2\/users\/1"}],"replies":[{"embeddable":true,"href":"https:\/\/noticiasregionais.com.br\/index.php?rest_route=%2Fwp%2Fv2%2Fcomments&post=11195"}],"version-history":[{"count":0,"href":"https:\/\/noticiasregionais.com.br\/index.php?rest_route=\/wp\/v2\/posts\/11195\/revisions"}],"wp:featuredmedia":[{"embeddable":true,"href":"https:\/\/noticiasregionais.com.br\/index.php?rest_route=\/wp\/v2\/media\/11196"}],"wp:attachment":[{"href":"https:\/\/noticiasregionais.com.br\/index.php?rest_route=%2Fwp%2Fv2%2Fmedia&parent=11195"}],"wp:term":[{"taxonomy":"category","embeddable":true,"href":"https:\/\/noticiasregionais.com.br\/index.php?rest_route=%2Fwp%2Fv2%2Fcategories&post=11195"},{"taxonomy":"post_tag","embeddable":true,"href":"https:\/\/noticiasregionais.com.br\/index.php?rest_route=%2Fwp%2Fv2%2Ftags&post=11195"}],"curies":[{"name":"wp","href":"https:\/\/api.w.org\/{rel}","templated":true}]}}