{"id":11208,"date":"2025-11-23T04:20:00","date_gmt":"2025-11-23T07:20:00","guid":{"rendered":"https:\/\/noticiasregionais.com.br\/?p=11208"},"modified":"2025-11-24T07:31:23","modified_gmt":"2025-11-24T10:31:23","slug":"avanca-consumo-de-alimentos-ultraprocessados","status":"publish","type":"post","link":"https:\/\/noticiasregionais.com.br\/?p=11208","title":{"rendered":"Avan\u00e7a consumo de alimentos ultraprocessados"},"content":{"rendered":"<p>\t\t\t\t\t\t\t\t\t\t<audio controls class=\"b61_audio_player\" data-noticia=\"85954\" src=\"https:\/\/brasil61.com\/rails\/active_storage\/blobs\/eyJfcmFpbHMiOnsibWVzc2FnZSI6IkJBaHBBOXpDQXc9PSIsImV4cCI6bnVsbCwicHVyIjoiYmxvYl9pZCJ9fQ==--5c67ad2abc7aa793308e87dd771c04af404014b0\/BRAS2515177A\"><\/audio><\/p>\n<p>Uma nova s\u00e9rie de estudos dedicada ao impacto dos alimentos ultraprocessados na sa\u00fade humana foi publicada na revista <a href=\"https:\/\/www.thelancet.com\/\" target=\"_blank\" rel=\"noopener\">The Lancet<\/a> nesta semana. Os dados revelam que os <b>ultraprocessados j\u00e1 representam quase um quarto da alimenta\u00e7\u00e3o dos brasileiros, passando de 10% para 23% desde os anos 1980.<\/b>\u00a0<\/p>\n<p>O estudo re\u00fane tr\u00eas artigos elaborados por 43 pesquisadores de diferentes pa\u00edses e \u00e9 coordenado pelo epidemiologista brasileiro e professor da Faculdade de Sa\u00fade P\u00fablica da Universidade de S\u00e3o Paulo (USP), Carlos Monteiro.<\/p>\n<p>Monteiro afirma que os dados revelam que os ultraprocessados n\u00e3o s\u00f3 s\u00e3o um <b>problema grave de sa\u00fade,<\/b> aumentando o risco de muitas doen\u00e7as cr\u00f4nicas, como o seu consumo est\u00e1 em alta no mundo inteiro. <b>Em 93 pa\u00edses analisados, o consumo aumentou em 91 deles<\/b>, tornando-se um fen\u00f4meno global que remodela padr\u00f5es alimentares, comportamentos e at\u00e9 a sa\u00fade coletiva. E as consequ\u00eancias j\u00e1 s\u00e3o refletidas no mundo todo, como o aumento da obesidade, de doen\u00e7as cardiovasculares, diabetes tipo 2, inflama\u00e7\u00f5es cr\u00f4nicas e at\u00e9 de certos tipos de c\u00e2ncer.\u00a0<\/p>\n<p>Os pesquisadores refor\u00e7am a urg\u00eancia de pol\u00edticas que v<b>alorizem alimentos frescos,<\/b> minimamente processados e modos de comer que respeitem a cultura, o territ\u00f3rio e a sa\u00fade, como orienta o <a href=\"https:\/\/docs.google.com\/document\/d\/1oyXvf9PMyA64OB7L1Jk4kTXpQ2y1G6EMfFVlHMQ1IGY\/edit?tab=t.0\" target=\"_blank\" rel=\"noopener\">Guia Alimentar da Popula\u00e7\u00e3o Brasileira.<\/a> Entre as recomenda\u00e7\u00f5es, destacam-se a rotulagem clara de aditivos, restri\u00e7\u00e3o \u00e0 publicidade, especialmente para crian\u00e7as, proibi\u00e7\u00e3o de ultraprocessados em escolas e institui\u00e7\u00f5es p\u00fablicas e incentivos para que fam\u00edlias de baixa renda tenham acesso facilitado a alimentos naturais.<\/p>\n<p><b>O que s\u00e3o alimentos ultraprocessados?<\/b><br \/>\nOs ultraprocessados nascem da combina\u00e7\u00e3o de fra\u00e7\u00f5es baratas de ingredientes como amidos, a\u00e7\u00facares, \u00f3leos refinados, misturados a corantes, aromatizantes, conservantes e estabilizantes. O objetivo \u00e9 criar algo pronto, dur\u00e1vel e altamente palat\u00e1vel, quase sempre mais sedutor do que nutritivo. <b>Biscoitos recheados, refrigerantes, macarr\u00e3o instant\u00e2neo, salgadinhos, \u201ciogurtes\u201d cheios de saborizantes e cereais matinais a\u00e7ucarados s\u00e3o exemplos de alimentos ultraprocessados.<\/b><\/p>\n<p>\t\t\t\t\t\t\t\t\t<img decoding=\"async\" src=\"https:\/\/brasil61.com\/api\/v1\/serve_pixel\/22254\/85954\" alt=\"Pixel Brasil 61\" class=\"b61_pixel\" width=\"0\" height=\"0\"><\/p>\n<div class=\"br61_backlink\">\n<p>\n\t\t\t\tFonte: <a href=\"https:\/\/brasil61.com\/avanca-consumo-de-alimentos-ultraprocessados-bras2515177\" title=\"Artigo Original: Avan\u00e7a consumo de alimentos ultraprocessados\" target=\"_blank\" rel=\"noopener\">Brasil 61<\/a>\n\t\t\t<\/p>\n<\/p><\/div>\n<input type=\"hidden\" id=\"baseurl\" value=\"https:\/\/noticiasregionais.com.br\"><input type=\"hidden\" id=\"audio_nonce\" value=\"533fbb67b1\">","protected":false},"excerpt":{"rendered":"<p>Eles j\u00e1 representam um quarto da alimenta\u00e7\u00e3o dos brasileiros<\/p>\n","protected":false},"author":1,"featured_media":11229,"comment_status":"closed","ping_status":"open","sticky":false,"template":"","format":"standard","meta":{"sfsi_plus_gutenberg_text_before_share":"","sfsi_plus_gutenberg_show_text_before_share":"","sfsi_plus_gutenberg_icon_type":"","sfsi_plus_gutenberg_icon_alignemt":"","sfsi_plus_gutenburg_max_per_row":"","footnotes":""},"categories":[8],"tags":[],"class_list":["post-11208","post","type-post","status-publish","format-standard","has-post-thumbnail","hentry","category-brasil"],"_links":{"self":[{"href":"https:\/\/noticiasregionais.com.br\/index.php?rest_route=\/wp\/v2\/posts\/11208","targetHints":{"allow":["GET"]}}],"collection":[{"href":"https:\/\/noticiasregionais.com.br\/index.php?rest_route=\/wp\/v2\/posts"}],"about":[{"href":"https:\/\/noticiasregionais.com.br\/index.php?rest_route=\/wp\/v2\/types\/post"}],"author":[{"embeddable":true,"href":"https:\/\/noticiasregionais.com.br\/index.php?rest_route=\/wp\/v2\/users\/1"}],"replies":[{"embeddable":true,"href":"https:\/\/noticiasregionais.com.br\/index.php?rest_route=%2Fwp%2Fv2%2Fcomments&post=11208"}],"version-history":[{"count":1,"href":"https:\/\/noticiasregionais.com.br\/index.php?rest_route=\/wp\/v2\/posts\/11208\/revisions"}],"predecessor-version":[{"id":11228,"href":"https:\/\/noticiasregionais.com.br\/index.php?rest_route=\/wp\/v2\/posts\/11208\/revisions\/11228"}],"wp:featuredmedia":[{"embeddable":true,"href":"https:\/\/noticiasregionais.com.br\/index.php?rest_route=\/wp\/v2\/media\/11229"}],"wp:attachment":[{"href":"https:\/\/noticiasregionais.com.br\/index.php?rest_route=%2Fwp%2Fv2%2Fmedia&parent=11208"}],"wp:term":[{"taxonomy":"category","embeddable":true,"href":"https:\/\/noticiasregionais.com.br\/index.php?rest_route=%2Fwp%2Fv2%2Fcategories&post=11208"},{"taxonomy":"post_tag","embeddable":true,"href":"https:\/\/noticiasregionais.com.br\/index.php?rest_route=%2Fwp%2Fv2%2Ftags&post=11208"}],"curies":[{"name":"wp","href":"https:\/\/api.w.org\/{rel}","templated":true}]}}