{"id":11210,"date":"2025-11-23T04:00:00","date_gmt":"2025-11-23T07:00:00","guid":{"rendered":"https:\/\/noticiasregionais.com.br\/?p=11210"},"modified":"2025-11-24T07:31:20","modified_gmt":"2025-11-24T10:31:20","slug":"regioes-metropolitanas-recebem-programa-de-modernizacao-administrativa-e-inovacao-urbana","status":"publish","type":"post","link":"https:\/\/noticiasregionais.com.br\/?p=11210","title":{"rendered":"Regi\u00f5es metropolitanas recebem programa de moderniza\u00e7\u00e3o administrativa e inova\u00e7\u00e3o urbana"},"content":{"rendered":"<p>\t\t\t\t\t\t\t\t\t\t<audio controls class=\"b61_audio_player\" data-noticia=\"85980\" src=\"https:\/\/brasil61.com\/rails\/active_storage\/blobs\/eyJfcmFpbHMiOnsibWVzc2FnZSI6IkJBaHBBOXZDQXc9PSIsImV4cCI6bnVsbCwicHVyIjoiYmxvYl9pZCJ9fQ==--2537e8b6813e2cf89f816a78db1f9e88b3ee6d24\/BRAS2515188A\"><\/audio><\/p>\n<p>A <strong>Frente Nacional de Prefeitas e Prefeitos (<a href=\"https:\/\/fnp.org.br\/noticias\/item\/3675-fnp-e-sebrae-lancam-projeto-voltado-a-governanca-e-ao-futuro-das-cidades-brasileiras\" target=\"_blank\" rel=\"noopener\">FNP<\/a>)<\/strong>, em <strong>parceria com o <a href=\"https:\/\/sebrae.com.br\/sites\/PortalSebrae\/\" target=\"_blank\" rel=\"noopener\">Sebrae<\/a><\/strong>, lan\u00e7a o <strong>Conex\u00e3o Urbana \u2013 Gest\u00e3o, inclus\u00e3o e desenvolvimento que transformam as cidades<\/strong>, iniciativa voltada a promover governan\u00e7a metropolitana e integrar pol\u00edticas urbanas, econ\u00f4micas e ambientais em grandes centros urbanos. O projeto contempla cinco regi\u00f5es metropolitanas, envolvendo at\u00e9 52 cidades, e busca reduzir desigualdades, fortalecer o empreendedorismo e ampliar a sustentabilidade a partir de a\u00e7\u00f5es coordenadas entre munic\u00edpios vizinhos.<\/p>\n<p>A implementa\u00e7\u00e3o est\u00e1\u00a0<strong>estruturada em tr\u00eas eixos<\/strong> \u2014 <strong>Desenvolvimento Urbano<\/strong>, <strong>Inclus\u00e3o Produtiva<\/strong> e<strong> Sustentabilidade<\/strong> \u2014 com apoio t\u00e9cnico direto \u00e0s prefeituras, incluindo consultorias especializadas, diagn\u00f3sticos locais, oficinas de capacita\u00e7\u00e3o e solu\u00e7\u00f5es tecnol\u00f3gicas. Na fase inicial, as Regi\u00f5es Metropolitanas participar\u00e3o de atividades de engajamento e moderniza\u00e7\u00e3o administrativa, com foco na digitaliza\u00e7\u00e3o de processos, integra\u00e7\u00e3o de pol\u00edticas sociais e ado\u00e7\u00e3o de pr\u00e1ticas sustent\u00e1veis.<\/p>\n<h2>As Regi\u00f5es Metropolitanas e as lideran\u00e7as<\/h2>\n<ul>\n<li>RM Rio de Janeiro (RJ) \u2013 Urbano: Rodrigo Neves (Niter\u00f3i) | Inclus\u00e3o: Eduardo Paes (RJ)<\/li>\n<li>RM Belo Horizonte (MG) \u2013 Urbano: \u00c1lvaro Dami\u00e3o (BH) | Inclus\u00e3o: Mar\u00edlia Campos (Contagem)<\/li>\n<li>RM Recife (PE) \u2013 Urbano: Jo\u00e3o Campos (Recife) | Inclus\u00e3o: Mirella Almeida (Olinda)<\/li>\n<li>RM Curitiba (PR) \u2013 Urbano: Eduardo Pimentel (Curitiba) | Inclus\u00e3o: Marquinhos (Piraquara)<\/li>\n<li>RM Baixada Santista (SP) \u2013 Urbano: Rog\u00e9rio Santos (Santos) | Inclus\u00e3o: Kayo Amado (S\u00e3o Vicente)<\/li>\n<\/ul>\n<h2>Como ser\u00e1 implementado<\/h2>\n<ul>\n<li>Consultorias t\u00e9cnicas, diagn\u00f3sticos regionais e oficinas de capacita\u00e7\u00e3o<\/li>\n<li>Digitaliza\u00e7\u00e3o de processos e harmoniza\u00e7\u00e3o dos C\u00f3digos de Obras (COEs)<\/li>\n<li>Ado\u00e7\u00e3o de Modelagem da Informa\u00e7\u00e3o da Constru\u00e7\u00e3o (BIM) em obras p\u00fablicas e moderniza\u00e7\u00e3o de licenciamentos<\/li>\n<li>Integra\u00e7\u00e3o entre Centro de Refer\u00eancia de Assist\u00eancia Social (CRAS) e Salas do Empreendedor<\/li>\n<li>Pol\u00edticas de economia circular, empregos verdes e inova\u00e7\u00e3o sustent\u00e1vel<\/li>\n<\/ul>\n<p>O <strong>lan\u00e7amento oficial do projeto<\/strong> ocorre em 2 e 3 de dezembro, na <a href=\"https:\/\/sites.niteroi.rj.gov.br\/mercocidades\/index.php\/sobre-a-cupula\/\" target=\"_blank\" rel=\"noopener\">XXX C\u00fapula de Mercocidades<\/a>.<\/p>\n<p>As informa\u00e7\u00f5es s\u00e3o da Frente Nacional de Prefeitas e Prefeitos (<a href=\"https:\/\/fnp.org.br\" target=\"_blank\" rel=\"noopener\">FNP<\/a>).<\/p>\n<p>\t\t\t\t\t\t\t\t\t<img decoding=\"async\" src=\"https:\/\/brasil61.com\/api\/v1\/serve_pixel\/22254\/85980\" alt=\"Pixel Brasil 61\" class=\"b61_pixel\" width=\"0\" height=\"0\"><\/p>\n<div class=\"br61_backlink\">\n<p>\n\t\t\t\tFonte: <a href=\"https:\/\/brasil61.com\/regioes-metropolitanas-recebem-programa-de-modernizacao-administrativa-e-inovacao-urbana-bras2515188\" title=\"Artigo Original: Regi\u00f5es metropolitanas recebem programa de moderniza\u00e7\u00e3o administrativa e inova\u00e7\u00e3o urbana\" target=\"_blank\" rel=\"noopener\">Brasil 61<\/a>\n\t\t\t<\/p>\n<\/p><\/div>\n<input type=\"hidden\" id=\"baseurl\" value=\"https:\/\/noticiasregionais.com.br\"><input type=\"hidden\" id=\"audio_nonce\" value=\"533fbb67b1\">","protected":false},"excerpt":{"rendered":"<p>Iniciativa re\u00fane 52 cidades em a\u00e7\u00f5es de desenvolvimento urbano, inclus\u00e3o produtiva e sustentabilidade, com digitaliza\u00e7\u00e3o de processos e fortalecimento do empreendedorismo<\/p>\n","protected":false},"author":1,"featured_media":11227,"comment_status":"closed","ping_status":"open","sticky":false,"template":"","format":"standard","meta":{"sfsi_plus_gutenberg_text_before_share":"","sfsi_plus_gutenberg_show_text_before_share":"","sfsi_plus_gutenberg_icon_type":"","sfsi_plus_gutenberg_icon_alignemt":"","sfsi_plus_gutenburg_max_per_row":"","footnotes":""},"categories":[8],"tags":[],"class_list":["post-11210","post","type-post","status-publish","format-standard","has-post-thumbnail","hentry","category-brasil"],"_links":{"self":[{"href":"https:\/\/noticiasregionais.com.br\/index.php?rest_route=\/wp\/v2\/posts\/11210","targetHints":{"allow":["GET"]}}],"collection":[{"href":"https:\/\/noticiasregionais.com.br\/index.php?rest_route=\/wp\/v2\/posts"}],"about":[{"href":"https:\/\/noticiasregionais.com.br\/index.php?rest_route=\/wp\/v2\/types\/post"}],"author":[{"embeddable":true,"href":"https:\/\/noticiasregionais.com.br\/index.php?rest_route=\/wp\/v2\/users\/1"}],"replies":[{"embeddable":true,"href":"https:\/\/noticiasregionais.com.br\/index.php?rest_route=%2Fwp%2Fv2%2Fcomments&post=11210"}],"version-history":[{"count":1,"href":"https:\/\/noticiasregionais.com.br\/index.php?rest_route=\/wp\/v2\/posts\/11210\/revisions"}],"predecessor-version":[{"id":11226,"href":"https:\/\/noticiasregionais.com.br\/index.php?rest_route=\/wp\/v2\/posts\/11210\/revisions\/11226"}],"wp:featuredmedia":[{"embeddable":true,"href":"https:\/\/noticiasregionais.com.br\/index.php?rest_route=\/wp\/v2\/media\/11227"}],"wp:attachment":[{"href":"https:\/\/noticiasregionais.com.br\/index.php?rest_route=%2Fwp%2Fv2%2Fmedia&parent=11210"}],"wp:term":[{"taxonomy":"category","embeddable":true,"href":"https:\/\/noticiasregionais.com.br\/index.php?rest_route=%2Fwp%2Fv2%2Fcategories&post=11210"},{"taxonomy":"post_tag","embeddable":true,"href":"https:\/\/noticiasregionais.com.br\/index.php?rest_route=%2Fwp%2Fv2%2Ftags&post=11210"}],"curies":[{"name":"wp","href":"https:\/\/api.w.org\/{rel}","templated":true}]}}