{"id":11214,"date":"2025-11-24T04:15:00","date_gmt":"2025-11-24T07:15:00","guid":{"rendered":"https:\/\/noticiasregionais.com.br\/?p=11214"},"modified":"2025-11-24T22:31:16","modified_gmt":"2025-11-25T01:31:16","slug":"brasil-desperdica-o-equivalente-a-6-mil-piscinas-olimpicas-de-agua-tratada-por-dia-revela-trata-brasil","status":"publish","type":"post","link":"https:\/\/noticiasregionais.com.br\/?p=11214","title":{"rendered":"Brasil desperdi\u00e7a o equivalente a 6 mil piscinas ol\u00edmpicas de \u00e1gua tratada por dia, revela Trata Brasil"},"content":{"rendered":"<p>\t\t\t\t\t\t\t\t\t\t<audio controls class=\"b61_audio_player\" data-noticia=\"86006\" src=\"https:\/\/brasil61.com\/rails\/active_storage\/blobs\/eyJfcmFpbHMiOnsibWVzc2FnZSI6IkJBaHBBOHJDQXc9PSIsImV4cCI6bnVsbCwicHVyIjoiYmxvYl9pZCJ9fQ==--e64f1ef306b4f7cb572fe091dbf344e9c78cdf94\/BRAS2515197A\"><\/audio><\/p>\n<p><strong>O volume total de \u00e1gua n\u00e3o faturada em 2023, aproximadamente 5,8 bilh\u00f5es de m\u00b3, equivale ao desperd\u00edcio di\u00e1rio de 6.346 piscinas ol\u00edmpicas de \u00e1gua tratada. \u00c9 o que revela novo levantamento divulgado nesta segunda-feira (24), pelo Instituto Trata Brasil.<\/strong><\/p>\n<p><strong>O estudo mostra que essa mesma propor\u00e7\u00e3o corresponde\u00a0ao conte\u00fado de 21.153.224 caixas d\u2019\u00e1gua dom\u00e9sticas<\/strong>, cada uma capaz de atender uma fam\u00edlia de 5 pessoas durante um dia. Levando-se em conta apenas perdas com vazamentos, o volume perdido de mais de 3 bilh\u00f5es de m\u00b3 abasteceriam cerca de 50 milh\u00f5es de brasileiros no per\u00edodo de um ano.<\/p>\n<p><a href=\"https:\/\/brasil61.com\/n\/cep-rural-ccj-aprova-projeto-que-cria-codigo-de-georreferenciamento-para-propriedades-rurais-bras2515184\" target=\"_blank\" rel=\"noopener\">CEP Rural: CCJ aprova projeto que cria c\u00f3digo de georreferenciamento para propriedades rurais<\/a><\/p>\n<p><a href=\"https:\/\/brasil61.com\/n\/revisao-do-ibge-redefine-limites-entre-cerrado-e-mata-atlantica-em-mg-e-sp-bras2515178\" target=\"_blank\" rel=\"noopener\">Revis\u00e3o do IBGE redefine limites entre Cerrado e Mata Atl\u00e2ntica em MG e SP<\/a><\/p>\n<p><strong>Em \u00e2mbito regional, o Norte e o Nordeste brasileiros contam com os maiores \u00edndices de perdas na distribui\u00e7\u00e3o<\/strong>, com taxas de 49,78% e 46,25%, respectivamente. A classifica\u00e7\u00e3o total por regi\u00e3o fica da seguinte forma:<\/p>\n<ul>\n<li>Norte (49,78%)<\/li>\n<li>Nordeste (46,25%)<\/li>\n<li>Sudeste (38,56)<\/li>\n<li>Sul (36,49)<\/li>\n<li>Centro-Oeste (34,12)<\/li>\n<\/ul>\n<p>A m\u00e9dia brasileira chega a 40,31%. A Portaria 490\/2021 prev\u00ea uma redu\u00e7\u00e3o desse n\u00edvel para 25%, o que promoveria uma economia de 1,9 bilh\u00e3o de m\u00b3 de \u00e1gua, o equivalente ao consumo m\u00e9dio de mais de 30 milh\u00f5es de brasileiros em um ano.<\/p>\n<p><strong>Em rela\u00e7\u00e3o aos estados, Alagoas lidera entre os que mais perdem \u00e1gua na distribui\u00e7\u00e3o, com uma taxa de 69,86%.<\/strong> Na sequ\u00eancia aparece Roraima, com 62,51% e Acre, com 62,25%. Confira a lista completa por unidade da federa\u00e7\u00e3o:<\/p>\n<ul>\n<li>Goi\u00e1s (GO) \u2013 25,68%<\/li>\n<li>Tocantins (TO) \u2013 30,96%<\/li>\n<li>Distrito Federal (DF) \u2013 31,46%<\/li>\n<li>S\u00e3o Paulo (SP) \u2013 32,60%<\/li>\n<li>Paran\u00e1 (PR) \u2013 33,11%<\/li>\n<li>Santa Catarina (SC) \u2013 35,31%<\/li>\n<li>Minas Gerais (MG) \u2013 36,22%<\/li>\n<li>Rond\u00f4nia (RO) \u2013 37,03%<\/li>\n<li>Para\u00edba (PB) \u2013 37,09%<\/li>\n<li>Mato Grosso do Sul (MS) \u2013 38,58%<\/li>\n<li>Esp\u00edrito Santo (ES) \u2013 38,70%<\/li>\n<li>Rio Grande do Sul (RS) \u2013 40,14%<\/li>\n<li>Brasil \u2013 40,31%<\/li>\n<li>Piau\u00ed (PI) \u2013 40,57%<\/li>\n<li>Amazonas (AM) \u2013 40,68%<\/li>\n<li>Pernambuco (PE) \u2013 41,79%<\/li>\n<li>Bahia (BA) \u2013 42,08%<\/li>\n<li>Cear\u00e1 (CE) \u2013 42,60%<\/li>\n<li>Mato Grosso (MT) \u2013 44,19%<\/li>\n<li>Sergipe (SE) \u2013 45,74%<\/li>\n<li>Rio Grande do Norte (RN) \u2013 47,19%<\/li>\n<li>Rio de Janeiro (RJ) \u2013 52,23%<\/li>\n<li>Amap\u00e1 (AP) \u2013 53,71%<\/li>\n<li>Maranh\u00e3o (MA) \u2013 55,95%<\/li>\n<li>Par\u00e1 (PA) \u2013 58,71%<\/li>\n<li>Acre (AC) \u2013 62,25%<\/li>\n<li>Roraima (RR) \u2013 62,51%<\/li>\n<li>Alagoas (AL) \u2013 69,68%<\/li>\n<\/ul>\n<p><strong>Quanto aos munic\u00edpios, vale destacar que 13 entre os 100 mais populosos do Brasil atendem \u00e0s metas de at\u00e9 25% em perdas na distribui\u00e7\u00e3o e 216 L\/liga\u00e7\u00e3o\/dia em perdas por liga\u00e7\u00e3o.<\/strong> Entre eles est\u00e3o Santos (SP), Duque de Caxias (RJ), Goi\u00e2nia (GO), Maring\u00e1 (PR) e Teresina (PI).<br \/>\n\u00a0<\/p>\n<p>\t\t\t\t\t\t\t\t\t<img decoding=\"async\" src=\"https:\/\/brasil61.com\/api\/v1\/serve_pixel\/22254\/86006\" alt=\"Pixel Brasil 61\" class=\"b61_pixel\" width=\"0\" height=\"0\"><\/p>\n<div class=\"br61_backlink\">\n<p>\n\t\t\t\tFonte: <a href=\"https:\/\/brasil61.com\/brasil-desperdica-o-equivalente-a-6-mil-piscinas-olimpicas-de-agua-tratada-por-dia-revela-trata-brasil-bras2515197\" title=\"Artigo Original: Brasil desperdi\u00e7a o equivalente a 6 mil piscinas ol\u00edmpicas de \u00e1gua tratada por dia, revela Trata Brasil\" target=\"_blank\" rel=\"noopener\">Brasil 61<\/a>\n\t\t\t<\/p>\n<\/p><\/div>\n<input type=\"hidden\" id=\"baseurl\" value=\"https:\/\/noticiasregionais.com.br\"><input type=\"hidden\" id=\"audio_nonce\" value=\"5c13e0637f\">","protected":false},"excerpt":{"rendered":"<p>Em \u00e2mbito regional, o Norte e o Nordeste brasileiros contam com os maiores \u00edndices de perdas na distribui\u00e7\u00e3o, com taxas de 49,78% e 46,25%, respectivamente<\/p>\n","protected":false},"author":1,"featured_media":11239,"comment_status":"closed","ping_status":"open","sticky":false,"template":"","format":"standard","meta":{"sfsi_plus_gutenberg_text_before_share":"","sfsi_plus_gutenberg_show_text_before_share":"","sfsi_plus_gutenberg_icon_type":"","sfsi_plus_gutenberg_icon_alignemt":"","sfsi_plus_gutenburg_max_per_row":"","footnotes":""},"categories":[8],"tags":[],"class_list":["post-11214","post","type-post","status-publish","format-standard","has-post-thumbnail","hentry","category-brasil"],"_links":{"self":[{"href":"https:\/\/noticiasregionais.com.br\/index.php?rest_route=\/wp\/v2\/posts\/11214","targetHints":{"allow":["GET"]}}],"collection":[{"href":"https:\/\/noticiasregionais.com.br\/index.php?rest_route=\/wp\/v2\/posts"}],"about":[{"href":"https:\/\/noticiasregionais.com.br\/index.php?rest_route=\/wp\/v2\/types\/post"}],"author":[{"embeddable":true,"href":"https:\/\/noticiasregionais.com.br\/index.php?rest_route=\/wp\/v2\/users\/1"}],"replies":[{"embeddable":true,"href":"https:\/\/noticiasregionais.com.br\/index.php?rest_route=%2Fwp%2Fv2%2Fcomments&post=11214"}],"version-history":[{"count":1,"href":"https:\/\/noticiasregionais.com.br\/index.php?rest_route=\/wp\/v2\/posts\/11214\/revisions"}],"predecessor-version":[{"id":11238,"href":"https:\/\/noticiasregionais.com.br\/index.php?rest_route=\/wp\/v2\/posts\/11214\/revisions\/11238"}],"wp:featuredmedia":[{"embeddable":true,"href":"https:\/\/noticiasregionais.com.br\/index.php?rest_route=\/wp\/v2\/media\/11239"}],"wp:attachment":[{"href":"https:\/\/noticiasregionais.com.br\/index.php?rest_route=%2Fwp%2Fv2%2Fmedia&parent=11214"}],"wp:term":[{"taxonomy":"category","embeddable":true,"href":"https:\/\/noticiasregionais.com.br\/index.php?rest_route=%2Fwp%2Fv2%2Fcategories&post=11214"},{"taxonomy":"post_tag","embeddable":true,"href":"https:\/\/noticiasregionais.com.br\/index.php?rest_route=%2Fwp%2Fv2%2Ftags&post=11214"}],"curies":[{"name":"wp","href":"https:\/\/api.w.org\/{rel}","templated":true}]}}