{"id":11218,"date":"2025-11-24T04:40:00","date_gmt":"2025-11-24T07:40:00","guid":{"rendered":"https:\/\/noticiasregionais.com.br\/?p=11218"},"modified":"2025-11-24T04:40:00","modified_gmt":"2025-11-24T07:40:00","slug":"doacao-de-sangue-gestores-de-saude-chamam-atencao-para-estoque-critico-nos-hemocentros-do-pais","status":"publish","type":"post","link":"https:\/\/noticiasregionais.com.br\/?p=11218","title":{"rendered":"Doa\u00e7\u00e3o de sangue: gestores de sa\u00fade chamam aten\u00e7\u00e3o para estoque cr\u00edtico nos hemocentros do pa\u00eds"},"content":{"rendered":"<p>\t\t\t\t\t\t\t\t\t\t\t<audio controls class=\"b61_audio_player\" data-noticia=\"85988\" src=\"https:\/\/brasil61.com\/rails\/active_storage\/blobs\/eyJfcmFpbHMiOnsibWVzc2FnZSI6IkJBaHBBK2JDQXc9PSIsImV4cCI6bnVsbCwicHVyIjoiYmxvYl9pZCJ9fQ==--98a7fee8ad5f06ab18281d55bffae53a5ae555e3\/BRAS2515189A\"><\/audio><\/p>\n<p>Dia 25 de novembro \u00e9 celebrado o Dia Nacional do Doador de Sangue. Embora seja um dia de conscientiza\u00e7\u00e3o sobre a import\u00e2ncia da doa\u00e7\u00e3o de sangue, gestores de sa\u00fade chamam aten\u00e7\u00e3o para o <b>estoque cr\u00edtico nos hemocentros do pa\u00eds<\/b>. No per\u00edodo de f\u00e9rias, viagens e festas de fim de ano as doa\u00e7\u00f5es diminuem e o resultado \u00e9 um cen\u00e1rio de risco.<\/p>\n<p>O<a href=\"http:\/\/www.gov.br\/saude\" target=\"_blank\" rel=\"noopener\"> <b>Minist\u00e9rio da Sa\u00fade<\/b><\/a> lembra que <b>cada doa\u00e7\u00e3o pode salvar at\u00e9 quatro vidas<\/b>. Ainda assim, apenas 1,4% da popula\u00e7\u00e3o brasileira doa regularmente, abaixo da faixa recomendada pela OMS, que orienta entre 1% e 3%. Mesmo com esse desafio, h\u00e1 um movimento de crescimento: o pa\u00eds registrou aumento de 1,9% nas coletas nos \u00faltimos dois anos, de 3.248.737 em 2023 para 3.310.025 em 2024.<\/p>\n<p>De acordo com o hematologista Carlos Alberto Rodrigues, do<a href=\"https:\/\/hospitalpalmasmedical.com.br\/\" target=\"_blank\" rel=\"noopener\"> Hospital Palmas Medical<\/a>, uma \u00fanica bolsa \u00e9 dividida em quatro componentes: <b>hem\u00e1cias, plaquetas, plasma e crioprecipitado. <\/b>Cada um, destinado a diferentes tratamentos e \u00e9 por isso que uma doa\u00e7\u00e3o pode alcan\u00e7ar tantas pessoas.<\/p>\n<p>\u201cA doa\u00e7\u00e3o de sangue \u00e9 fundamental para garantir o tratamento de muitas pessoas, como nas doen\u00e7as do sangue, os pacientes que ir\u00e3o realizar grandes cirurgias, as v\u00edtimas de acidentes e as que est\u00e3o em tratamento contra o c\u00e2ncer. Portanto, a doa\u00e7\u00e3o de sangue \u00e9 um ato de solidariedade que pode salvar vidas\u201d, refor\u00e7a Carlos Alberto.<\/p>\n<h2>Quem pode doar<\/h2>\n<p>De modo geral, os hemocentros pedem que o doador esteja saud\u00e1vel, sentindo-se bem e sem sintomas de doen\u00e7as recentes.<\/p>\n<h2>As condi\u00e7\u00f5es b\u00e1sicas incluem:<\/h2>\n<ul>\n<li>Ter entre 16 e 69 anos;<\/li>\n<li>Pesar mais de 50 kg;<\/li>\n<li>N\u00e3o ter feito tatuagem, piercing ou maquiagem definitiva nos \u00faltimos 12 meses;<\/li>\n<li>Ter dormido bem e n\u00e3o ter consumido \u00e1lcool nas \u00faltimas 12 horas.<\/li>\n<\/ul>\n<h2>\u00a0Impedimentos tempor\u00e1rios mais comuns:<\/h2>\n<ul>\n<li>Gripe ou resfriado: aguardar 15 dias ap\u00f3s o fim dos sintomas;<\/li>\n<li>Covid-19: aguardar 10 dias (sem sequelas);<\/li>\n<li>Dengue cl\u00e1ssica: 30 dias; hemorr\u00e1gica: 6 meses.<\/li>\n<\/ul>\n<h2>\u00a0Onde doar<\/h2>\n<p>O <b>Brasil possui 32 hemocentros estaduais<\/b>, al\u00e9m de unidades regionais e municipais que realizam coleta e distribui\u00e7\u00e3o de sangue. Cada estado disponibiliza um mapa atualizado dos locais de doa\u00e7\u00e3o, com hor\u00e1rios e orienta\u00e7\u00f5es. <a href=\"https:\/\/app.powerbi.com\/view?r=eyJrIjoiMDhiZGE5MjktN2RiMi00NjA0LWE1NDctYzNiZWJlNGQ5NzQ0IiwidCI6ImI0MWExODliLWVlZjItNDZkZi1hN2ExLWFmN2UwNTU0YjkzYiJ9&amp;pageName=ReportSection\" target=\"_blank\" rel=\"noopener\">Acesse onde encontrar um hemocentro mais pr\u00f3ximo de voc\u00ea.<\/a>\u00a0Para informa\u00e7\u00f5es adicionais, consulte o site ou redes sociais do hemocentro regional.<\/p>\n<p>\t\t\t\t\t\t\t\t\t\t<img decoding=\"async\" src=\"https:\/\/brasil61.com\/api\/v1\/serve_pixel\/22254\/85988\" alt=\"Pixel Brasil 61\" class=\"b61_pixel\" width=\"0\" height=\"0\"><\/p>\n<div class=\"br61_backlink\">\n<p>\n\t\t\t\tFonte: <a href=\"https:\/\/brasil61.com\/doacao-de-sangue-gestores-de-saude-chamam-atencao-para-estoque-critico-nos-hemocentros-do-pais-bras2515189\" title=\"Artigo Original: Doa\u00e7\u00e3o de sangue: gestores de sa\u00fade chamam aten\u00e7\u00e3o para estoque cr\u00edtico nos hemocentros do pa\u00eds\" target=\"_blank\" rel=\"noopener\">Brasil 61<\/a>\n\t\t\t<\/p>\n<\/p><\/div>\n<input type=\"hidden\" id=\"baseurl\" value=\"https:\/\/noticiasregionais.com.br\"><input type=\"hidden\" id=\"audio_nonce\" value=\"5c13e0637f\">","protected":false},"excerpt":{"rendered":"<p>Cada doa\u00e7\u00e3o pode salvar at\u00e9 quatro vidas<\/p>\n","protected":false},"author":1,"featured_media":11219,"comment_status":"","ping_status":"open","sticky":false,"template":"","format":"standard","meta":{"sfsi_plus_gutenberg_text_before_share":"","sfsi_plus_gutenberg_show_text_before_share":"","sfsi_plus_gutenberg_icon_type":"","sfsi_plus_gutenberg_icon_alignemt":"","sfsi_plus_gutenburg_max_per_row":"","footnotes":""},"categories":[8],"tags":[],"class_list":["post-11218","post","type-post","status-publish","format-standard","has-post-thumbnail","hentry","category-brasil"],"_links":{"self":[{"href":"https:\/\/noticiasregionais.com.br\/index.php?rest_route=\/wp\/v2\/posts\/11218","targetHints":{"allow":["GET"]}}],"collection":[{"href":"https:\/\/noticiasregionais.com.br\/index.php?rest_route=\/wp\/v2\/posts"}],"about":[{"href":"https:\/\/noticiasregionais.com.br\/index.php?rest_route=\/wp\/v2\/types\/post"}],"author":[{"embeddable":true,"href":"https:\/\/noticiasregionais.com.br\/index.php?rest_route=\/wp\/v2\/users\/1"}],"replies":[{"embeddable":true,"href":"https:\/\/noticiasregionais.com.br\/index.php?rest_route=%2Fwp%2Fv2%2Fcomments&post=11218"}],"version-history":[{"count":0,"href":"https:\/\/noticiasregionais.com.br\/index.php?rest_route=\/wp\/v2\/posts\/11218\/revisions"}],"wp:featuredmedia":[{"embeddable":true,"href":"https:\/\/noticiasregionais.com.br\/index.php?rest_route=\/wp\/v2\/media\/11219"}],"wp:attachment":[{"href":"https:\/\/noticiasregionais.com.br\/index.php?rest_route=%2Fwp%2Fv2%2Fmedia&parent=11218"}],"wp:term":[{"taxonomy":"category","embeddable":true,"href":"https:\/\/noticiasregionais.com.br\/index.php?rest_route=%2Fwp%2Fv2%2Fcategories&post=11218"},{"taxonomy":"post_tag","embeddable":true,"href":"https:\/\/noticiasregionais.com.br\/index.php?rest_route=%2Fwp%2Fv2%2Ftags&post=11218"}],"curies":[{"name":"wp","href":"https:\/\/api.w.org\/{rel}","templated":true}]}}