{"id":1122,"date":"2023-11-09T21:37:06","date_gmt":"2023-11-10T00:37:06","guid":{"rendered":"https:\/\/noticiasregionais.com.br\/?p=1122"},"modified":"2023-11-09T22:22:24","modified_gmt":"2023-11-10T01:22:24","slug":"trafico-de-drogas-dois-individuos-sao-presos-em-ourinhos","status":"publish","type":"post","link":"https:\/\/noticiasregionais.com.br\/?p=1122","title":{"rendered":"Tr\u00e1fico de drogas: dois indiv\u00edduos s\u00e3o presos em Ourinhos"},"content":{"rendered":"\n<p>Dois indiv\u00edduos foram presos em flagrante por tr\u00e1fico de drogas na noite de ontem (8) em Ourinhos, interior de S\u00e3o Paulo.<\/p>\n\n\n\n<p>Segundo a Pol\u00edcia Militar, policiais estavam em patrulhamento pela Rodovia Raposo Tavares (SP-270) quando observaram um Corsa verde. Ao se aproximarem do ve\u00edculo, o passageiro levantou o vidro, o que levantou suspeitas da equipe policial.<\/p>\n\n\n\n<p>Os policiais ordenaram uma parada, mas o motorista desobedeceu e entrou na cidade de Ourinhos. O passageiro, identificado como A.P.P., de 31 anos, saltou do ve\u00edculo em movimento com uma mochila.<\/p>\n\n\n\n<p>Posteriormente, foi constatado que a mochila continha grande quantidade de envelopes pl\u00e1sticos de coca\u00edna com a marca &#8220;ARICANDUVA&#8221;. A.P.P. confessou que foi contratado por R$ 1.500 para transportar a droga de Canitar para Bernardino de Campos.<\/p>\n\n\n\n<p>O condutor do ve\u00edculo, E.S., permaneceu no carro e afirmou que A.P.P. havia solicitado para lev\u00e1-lo at\u00e9 Canitar para buscar roupas, alegando que pagaria R$ 50 pelo servi\u00e7o.<\/p>\n\n\n\n<p>Ambos os detidos receberam atendimento na UPA de Ourinhos antes de serem apresentados \u00e0 autoridade policial. Em uma revista no motorista, foram encontradas tr\u00eas por\u00e7\u00f5es de coca\u00edna em sua carteira, al\u00e9m de R$ 627 em dinheiro.<\/p>\n\n\n\n<p>Os dois detidos foram presos em flagrante por tr\u00e1fico de drogas e apresentados na delegacia, juntamente com a droga, o dinheiro e dois celulares.<\/p>\n<input type=\"hidden\" id=\"baseurl\" value=\"https:\/\/noticiasregionais.com.br\"><input type=\"hidden\" id=\"audio_nonce\" value=\"533fbb67b1\">","protected":false},"excerpt":{"rendered":"<p>Dois indiv\u00edduos foram presos em flagrante por tr\u00e1fico de drogas na noite de ontem (8) em Ourinhos, interior de S\u00e3o&hellip;<\/p>\n","protected":false},"author":1,"featured_media":1123,"comment_status":"closed","ping_status":"open","sticky":false,"template":"","format":"standard","meta":{"sfsi_plus_gutenberg_text_before_share":"","sfsi_plus_gutenberg_show_text_before_share":"","sfsi_plus_gutenberg_icon_type":"","sfsi_plus_gutenberg_icon_alignemt":"","sfsi_plus_gutenburg_max_per_row":"","footnotes":""},"categories":[5,10,1],"tags":[],"class_list":["post-1122","post","type-post","status-publish","format-standard","has-post-thumbnail","hentry","category-ourinhos","category-destaques","category-noticias"],"_links":{"self":[{"href":"https:\/\/noticiasregionais.com.br\/index.php?rest_route=\/wp\/v2\/posts\/1122","targetHints":{"allow":["GET"]}}],"collection":[{"href":"https:\/\/noticiasregionais.com.br\/index.php?rest_route=\/wp\/v2\/posts"}],"about":[{"href":"https:\/\/noticiasregionais.com.br\/index.php?rest_route=\/wp\/v2\/types\/post"}],"author":[{"embeddable":true,"href":"https:\/\/noticiasregionais.com.br\/index.php?rest_route=\/wp\/v2\/users\/1"}],"replies":[{"embeddable":true,"href":"https:\/\/noticiasregionais.com.br\/index.php?rest_route=%2Fwp%2Fv2%2Fcomments&post=1122"}],"version-history":[{"count":2,"href":"https:\/\/noticiasregionais.com.br\/index.php?rest_route=\/wp\/v2\/posts\/1122\/revisions"}],"predecessor-version":[{"id":1125,"href":"https:\/\/noticiasregionais.com.br\/index.php?rest_route=\/wp\/v2\/posts\/1122\/revisions\/1125"}],"wp:featuredmedia":[{"embeddable":true,"href":"https:\/\/noticiasregionais.com.br\/index.php?rest_route=\/wp\/v2\/media\/1123"}],"wp:attachment":[{"href":"https:\/\/noticiasregionais.com.br\/index.php?rest_route=%2Fwp%2Fv2%2Fmedia&parent=1122"}],"wp:term":[{"taxonomy":"category","embeddable":true,"href":"https:\/\/noticiasregionais.com.br\/index.php?rest_route=%2Fwp%2Fv2%2Fcategories&post=1122"},{"taxonomy":"post_tag","embeddable":true,"href":"https:\/\/noticiasregionais.com.br\/index.php?rest_route=%2Fwp%2Fv2%2Ftags&post=1122"}],"curies":[{"name":"wp","href":"https:\/\/api.w.org\/{rel}","templated":true}]}}