{"id":11220,"date":"2025-11-24T04:20:00","date_gmt":"2025-11-24T07:20:00","guid":{"rendered":"https:\/\/noticiasregionais.com.br\/?p=11220"},"modified":"2025-11-24T04:20:00","modified_gmt":"2025-11-24T07:20:00","slug":"semana-comeca-com-tensao-no-senado-apos-indicacao-de-jorge-messias-ao-stf","status":"publish","type":"post","link":"https:\/\/noticiasregionais.com.br\/?p=11220","title":{"rendered":"Semana come\u00e7a com tens\u00e3o no Senado ap\u00f3s indica\u00e7\u00e3o de Jorge Messias ao STF"},"content":{"rendered":"<p>\t\t\t\t\t\t\t\t\t\t\t<audio controls class=\"b61_audio_player\" data-noticia=\"85974\" src=\"https:\/\/brasil61.com\/rails\/active_storage\/blobs\/eyJfcmFpbHMiOnsibWVzc2FnZSI6IkJBaHBBNXZDQXc9PSIsImV4cCI6bnVsbCwicHVyIjoiYmxvYl9pZCJ9fQ==--a62541aadc50559977078fc6de7c2bc545986388\/BRAS2515187B\"><\/audio><\/p>\n<p>\t\t\t\t\t\t\t\t\t\t\t<audio controls class=\"b61_audio_player\" data-noticia=\"85974\" src=\"https:\/\/brasil61.com\/rails\/active_storage\/blobs\/eyJfcmFpbHMiOnsibWVzc2FnZSI6IkJBaHBBNXpDQXc9PSIsImV4cCI6bnVsbCwicHVyIjoiYmxvYl9pZCJ9fQ==--cb2384a346c1b344ab7f858c518647f13af174fe\/BRAS2515187C\"><\/audio><\/p>\n<p>A semana inicia com temperatura elevada no Senado ap\u00f3s a indica\u00e7\u00e3o de Jorge Messias ao Supremo Tribunal Federal (STF). A escolha do presidente Luiz In\u00e1cio Lula da Silva contrariou o presidente da Casa, Davi Alcolumbre, que defendia outro nome para a Corte. Agora, Messias ter\u00e1 pela frente o desafio de consolidar apoio para alcan\u00e7ar os 41 votos necess\u00e1rios \u00e0 aprova\u00e7\u00e3o, enquanto o clima pol\u00edtico deve dominar conversas e articula\u00e7\u00f5es nos pr\u00f3ximos dias.<\/p>\n<p>Na C\u00e2mara dos Deputados, a ter\u00e7a-feira ser\u00e1 marcada por uma s\u00e9rie de agendas relevantes. A Comiss\u00e3o de Seguran\u00e7a P\u00fablica recebe o ministro da Justi\u00e7a, Ricardo Lewandowski, para prestar esclarecimentos sobre temas da pasta, e o Conselho de \u00c9tica deve analisar pareceres de processos envolvendo nove parlamentares.<\/p>\n<p>No Senado, al\u00e9m das negocia\u00e7\u00f5es internas sobre a indica\u00e7\u00e3o ao STF, duas comiss\u00f5es concentram aten\u00e7\u00e3o: a CPMI do INSS, que ouve Rodrigo Moraes, da ARPAR, e Jucimar Fonseca, ex-coordenador de pagamentos do instituto; e a CPI do Crime Organizado, que recebe o diretor de Intelig\u00eancia da Pol\u00edcia Federal, Leandro Almada, e o promotor Lincoln Gakiya.<\/p>\n<p>Mesmo sem vota\u00e7\u00f5es de plen\u00e1rio previstas para ter\u00e7a e quarta, Alcolumbre confirmou que o Senado deve analisar o PLP 185\/2024, que regulamenta a aposentadoria especial para agentes comunit\u00e1rios de sa\u00fade e de combate \u00e0s endemias \u2014 mat\u00e9ria considerada priorit\u00e1ria pela Casa. Tamb\u00e9m segue em discuss\u00e3o o PL Antifac\u00e7\u00e3o, relatado pelo senador Alessandro Vieira, que deve apresentar ajustes no texto, especialmente no trecho que trata do or\u00e7amento da Pol\u00edcia Federal.<\/p>\n<h2>STF retoma julgamento sobre poder de voto da Uni\u00e3o na Eletrobras<\/h2>\n<p>No Judici\u00e1rio, o Supremo Tribunal Federal volta a examinar, nesta quinta-feira (27), a A\u00e7\u00e3o Direta de Inconstitucionalidade (ADI 7.385), que discute o poder de voto da Uni\u00e3o na Eletrobras ap\u00f3s a privatiza\u00e7\u00e3o. O governo sustenta que, embora detenha cerca de 42% das a\u00e7\u00f5es ordin\u00e1rias, acabou limitado a menos de 10% do capital votante \u2014 situa\u00e7\u00e3o considerada desequilibrada pela Advocacia-Geral da Uni\u00e3o.<\/p>\n<p>O tema deve mobilizar aten\u00e7\u00e3o pol\u00edtica e econ\u00f4mica, enquanto outra frente no Supremo tamb\u00e9m volta ao debate: o prazo para novos recursos do ex-presidente Jair Bolsonaro no processo que trata da tentativa de golpe de Estado voltou a correr. O relator, ministro Alexandre de Moraes, avalia se as novas peti\u00e7\u00f5es constituem apenas manobras protelat\u00f3rias. Caso o processo seja considerado encerrado, abre-se caminho para a decreta\u00e7\u00e3o da pris\u00e3o definitiva dos condenados.<\/p>\n<p>A combina\u00e7\u00e3o de tens\u00f5es no Senado, pautas sens\u00edveis no Congresso e julgamentos de grande impacto no STF devem marcar uma semana decisiva em Bras\u00edlia.<\/p>\n<p>\t\t\t\t\t\t\t\t\t\t<img decoding=\"async\" src=\"https:\/\/brasil61.com\/api\/v1\/serve_pixel\/22254\/85974\" alt=\"Pixel Brasil 61\" class=\"b61_pixel\" width=\"0\" height=\"0\"><\/p>\n<div class=\"br61_backlink\">\n<p>\n\t\t\t\tFonte: <a href=\"https:\/\/brasil61.com\/semana-comeca-com-tensao-no-senado-apos-indicacao-de-jorge-messias-ao-stf-bras2515187\" title=\"Artigo Original: Semana come\u00e7a com tens\u00e3o no Senado ap\u00f3s indica\u00e7\u00e3o de Jorge Messias ao STF\" target=\"_blank\" rel=\"noopener\">Brasil 61<\/a>\n\t\t\t<\/p>\n<\/p><\/div>\n<input type=\"hidden\" id=\"baseurl\" value=\"https:\/\/noticiasregionais.com.br\"><input type=\"hidden\" id=\"audio_nonce\" value=\"296231ceac\">","protected":false},"excerpt":{"rendered":"<p>Disputa interna entre Lula e Alcolumbre, agendas carregadas nas comiss\u00f5es e julgamento sobre a Eletrobras no STF movimentam o cen\u00e1rio pol\u00edtico em Bras\u00edlia<\/p>\n","protected":false},"author":1,"featured_media":11221,"comment_status":"","ping_status":"open","sticky":false,"template":"","format":"standard","meta":{"sfsi_plus_gutenberg_text_before_share":"","sfsi_plus_gutenberg_show_text_before_share":"","sfsi_plus_gutenberg_icon_type":"","sfsi_plus_gutenberg_icon_alignemt":"","sfsi_plus_gutenburg_max_per_row":"","footnotes":""},"categories":[8],"tags":[],"class_list":["post-11220","post","type-post","status-publish","format-standard","has-post-thumbnail","hentry","category-brasil"],"_links":{"self":[{"href":"https:\/\/noticiasregionais.com.br\/index.php?rest_route=\/wp\/v2\/posts\/11220","targetHints":{"allow":["GET"]}}],"collection":[{"href":"https:\/\/noticiasregionais.com.br\/index.php?rest_route=\/wp\/v2\/posts"}],"about":[{"href":"https:\/\/noticiasregionais.com.br\/index.php?rest_route=\/wp\/v2\/types\/post"}],"author":[{"embeddable":true,"href":"https:\/\/noticiasregionais.com.br\/index.php?rest_route=\/wp\/v2\/users\/1"}],"replies":[{"embeddable":true,"href":"https:\/\/noticiasregionais.com.br\/index.php?rest_route=%2Fwp%2Fv2%2Fcomments&post=11220"}],"version-history":[{"count":0,"href":"https:\/\/noticiasregionais.com.br\/index.php?rest_route=\/wp\/v2\/posts\/11220\/revisions"}],"wp:featuredmedia":[{"embeddable":true,"href":"https:\/\/noticiasregionais.com.br\/index.php?rest_route=\/wp\/v2\/media\/11221"}],"wp:attachment":[{"href":"https:\/\/noticiasregionais.com.br\/index.php?rest_route=%2Fwp%2Fv2%2Fmedia&parent=11220"}],"wp:term":[{"taxonomy":"category","embeddable":true,"href":"https:\/\/noticiasregionais.com.br\/index.php?rest_route=%2Fwp%2Fv2%2Fcategories&post=11220"},{"taxonomy":"post_tag","embeddable":true,"href":"https:\/\/noticiasregionais.com.br\/index.php?rest_route=%2Fwp%2Fv2%2Ftags&post=11220"}],"curies":[{"name":"wp","href":"https:\/\/api.w.org\/{rel}","templated":true}]}}