{"id":11222,"date":"2025-11-24T04:50:00","date_gmt":"2025-11-24T07:50:00","guid":{"rendered":"https:\/\/noticiasregionais.com.br\/?p=11222"},"modified":"2025-11-24T04:50:00","modified_gmt":"2025-11-24T07:50:00","slug":"salvador-ba-recebe-etapa-regional-da-jornada-de-inovacao-da-industria-com-foco-em-tecnologia-e-sustentabilidade","status":"publish","type":"post","link":"https:\/\/noticiasregionais.com.br\/?p=11222","title":{"rendered":"Salvador (BA) recebe etapa regional da Jornada de Inova\u00e7\u00e3o da Ind\u00fastria com foco em tecnologia e sustentabilidade"},"content":{"rendered":"<p>\t\t\t\t\t\t\t\t\t\t\t<audio controls class=\"b61_audio_player\" data-noticia=\"86011\" src=\"https:\/\/brasil61.com\/rails\/active_storage\/blobs\/eyJfcmFpbHMiOnsibWVzc2FnZSI6IkJBaHBBODNDQXc9PSIsImV4cCI6bnVsbCwicHVyIjoiYmxvYl9pZCJ9fQ==--50aadeb24777e084a6de09f25182f140759be4ce\/PIND254689A\"><\/audio><\/p>\n<p><strong>A<\/strong>p<strong>\u00f3s passar por v\u00e1rias cidades do Nordeste brasileiro, a <a href=\"https:\/\/jornadanacionaldeinovacao.com.br\/caravana-nordeste\" target=\"_blank\" rel=\"noopener\">Jornada Nacional de Inova\u00e7\u00e3o da Ind\u00fastria chega a Salvador (BA)<\/a> para promover um encontro regional. O evento est\u00e1 agendado para esta ter\u00e7a-feira (25), no <a href=\"https:\/\/www.senaicimatec.com.br\/\" target=\"_blank\" rel=\"noopener\">SENAI CIMATEC<\/a>, localizado na Avenida Orlando Gomes, 1845, no bairro Piat\u00e3.<\/strong><\/p>\n<p>A iniciativa \u00e9 desenvolvida pela Confedera\u00e7\u00e3o Nacional da Ind\u00fastria <a href=\"https:\/\/cni.portaldaindustria.com.br\/pt\/\" target=\"_blank\" rel=\"noopener\">(CNI)<\/a>, em parceria com o Servi\u00e7o Brasileiro de Apoio \u00e0s Micro e Pequenas Empresas <a href=\"https:\/\/sebrae.com.br\/sites\/PortalSebrae\/\" target=\"_blank\" rel=\"noopener\">(Sebrae)<\/a>. A a\u00e7\u00e3o pretende mapear desafios, revelar solu\u00e7\u00f5es e impulsionar conex\u00f5es em torno das transi\u00e7\u00f5es ecol\u00f3gica e digital.<\/p>\n<p>O superintendente de Projetos de Inova\u00e7\u00e3o da CNI, Carlos Bork, explica que esse movimento busca ouvir diferentes atores para que, de maneira conjunta, possam promover a cria\u00e7\u00e3o de uma ind\u00fastria mais moderna, competitiva e sustent\u00e1vel.<\/p>\n<p>\u201cJ\u00e1 ouvimos mais de praticamente 2 mil empres\u00e1rios nos mais diversos setores, nas mais diversas \u00e1reas, principalmente sobre transforma\u00e7\u00e3o digital e transi\u00e7\u00e3o ecol\u00f3gica. Estamos descobrindo que os temas que eles est\u00e3o preocupados, que s\u00e3o desafios para ind\u00fastrias de todos os portes, s\u00e3o muito similares. O empres\u00e1rio que est\u00e1 participando tem voz ativa para dizer quais s\u00e3o os seus problemas e quais as suas oportunidades\u201d, destaca.<\/p>\n<p><strong>A programa\u00e7\u00e3o da etapa regional contar\u00e1 com apresenta\u00e7\u00e3o de um panorama da ind\u00fastria e do ecossistema de inova\u00e7\u00e3o. Tamb\u00e9m ser\u00e3o expostos os resultados da Jornada no Nordeste do pa\u00eds. <\/strong>Os participantes ainda v\u00e3o acompanhar o endere\u00e7amento dos desafios mapeados na regi\u00e3o. Al\u00e9m disso, haver\u00e1 pain\u00e9is sobre como encaminhar as oportunidades, demandas e temas priorit\u00e1rios para a Inova\u00e7\u00e3o.<\/p>\n<p>Entre os convidados a participarem do evento est\u00e3o lideran\u00e7as empresariais regionais, investidores, companhias de base tecnol\u00f3gica, gestores de Institui\u00e7\u00f5es de Ci\u00eancia e Tecnologia (ICTs) e de Parques Tecnol\u00f3gicos, assim como representantes do poder p\u00fablico e organiza\u00e7\u00f5es nacionais ou internacionais.<\/p>\n<h2>Exemplos de empresas inovadoras com atua\u00e7\u00e3o no Nordeste<\/h2>\n<p><strong>Das empresas que se destacam com potencial inovador no Nordeste est\u00e1 a f\u00e1brica de m\u00f3veis sob medida Essanto, do Grupo Officina.<\/strong> A unidade j\u00e1 produziu mais de 400 mil pe\u00e7as.<\/p>\n<p>Atualmente, a empresa distribui para mais de 30 lojistas em todo Nordeste e, a partir de investimentos em m\u00e1quinas e softwares de automa\u00e7\u00e3o, registrou um crescimento anual de 35%.<\/p>\n<p>Entre os produtos mais interessantes, est\u00e1 a poltrona \u2018Baixa o facho\u2019, feita de a\u00e7o e algod\u00e3o org\u00e2nico colorido naturalmente. O item \u00e9 produzido em parceria com o designer brasiliense Marcelo Bilac. A pe\u00e7a foi inspirada no Lajedo do Pai Mateus &#8211; forma\u00e7\u00e3o rochosa no Cariri paraibano de mais de 570 milh\u00f5es de anos.<\/p>\n<p><a href=\"https:\/\/brasil61.com\/n\/infraestrutura-projetos-de-transportes-precisam-passar-por-teste-de-viabilidade-e-integracao-recomenda-cni-pind254684\" target=\"_blank\" rel=\"noopener\">INFRAESTRUTURA: projetos de transportes precisam passar por teste de viabilidade e integra\u00e7\u00e3o, recomenda CNI<\/a><\/p>\n<p><a href=\"https:\/\/brasil61.com\/n\/iel-lanca-novas-vagas-do-programa-inova-talentos-com-bolsas-de-ate-r-12-mil-pind254686\" target=\"_blank\" rel=\"noopener\">IEL lan\u00e7a novas vagas do Programa Inova Talentos com bolsas de at\u00e9 R$ 12 mil<\/a><\/p>\n<p><strong>Outro exemplo de empresa inovadora com atua\u00e7\u00e3o no Nordeste \u00e9 a Microciclo, estabelecida a partir de um trabalho de uma equipe multidisciplinar do laborat\u00f3rio de Biologia Molecular e Gen\u00f4mica da Universidade Federal do Rio Grande do Norte <a href=\"https:\/\/www.ufrn.br\/\" target=\"_blank\" rel=\"noopener\">(UFRN)<\/a>. <\/strong>Por 15 anos, o grupo se dedicou a desenvolver novas t\u00e9cnicas de gen\u00e9tica ambiental, microbiologia de petr\u00f3leo, biologia molecular, bioqu\u00edmica e bioinform\u00e1tica.<\/p>\n<p>A startup criou um m\u00e9todo de tratamento de res\u00edduos oleosos da ind\u00fastria. No caso, os pesquisadores usam bact\u00e9rias n\u00e3o patog\u00eanicas para degradar fra\u00e7\u00f5es do petr\u00f3leo dos efluentes industriais, que exigem tratamento e destina\u00e7\u00e3o correta.<\/p>\n<p>Ao longo de seis anos, a companhia conquistou oito programas de acelera\u00e7\u00e3o\/editais, R$800 mil de investimento e quatro pr\u00eamios, sendo tr\u00eas internacionais. Al\u00e9m disso, a empresa validou a solu\u00e7\u00e3o com 15 diferentes tipos de res\u00edduos.<\/p>\n<h2>Congresso de Inova\u00e7\u00e3o da Ind\u00fastria<\/h2>\n<p><strong>Ap\u00f3s a passagem da Jornada por todas as regi\u00f5es do pa\u00eds, os organizadores v\u00e3o apresentar o resultado do trabalho no 11\u00ba Congresso de Inova\u00e7\u00e3o da Ind\u00fastria, previsto para mar\u00e7o de 2026, em S\u00e3o Paulo. \u00a0<\/strong><\/p>\n<p>\u201cA expectativa \u00e9 que consigamos trabalhar projetos estruturantes a partir dos insumos que sa\u00edram da Jornada por estados e regi\u00f5es e deixar um legado real da Jornada. Al\u00e9m dos aprendizados e conex\u00f5es, teremos uma plataforma digital que vai reunir solu\u00e7\u00f5es, desafios e oportunidades identificadas ao longo do percurso\u201d, projeta a analista de desenvolvimento industrial da CNI, Marilene Castro.<\/p>\n<p>O objetivo da Jornada \u00e9 promover a articula\u00e7\u00e3o do ecossistema de inova\u00e7\u00e3o em torno dos temas intelig\u00eancia artificial, economia circular, transi\u00e7\u00e3o energ\u00e9tica e deep techs.<\/p>\n<h2>Sobre as deep techs<\/h2>\n<p>As deep techs s\u00e3o startups baseadas em descobertas cient\u00edficas com alto potencial de impacto. Atualmente, o Brasil conta com mais de 20 mil startups.<br \/>\n<strong>De acordo com dados do Deep Tech Radar Brasil 2025, produzido pela Emerge em parceria com o Sebrae, o Nordeste conta com 65 deep techs.<\/strong> Na regi\u00e3o, a quantidade dessas companhias \u00e9 dividida geograficamente da seguinte forma:<\/p>\n<ul>\n<li>Pernambuco (17)<\/li>\n<li>Rio Grande do Norte (13)<\/li>\n<li>Cear\u00e1 (12)<\/li>\n<li>Bahia (8)<\/li>\n<li>Piau\u00ed (4)<\/li>\n<li>Maranh\u00e3o (4)<\/li>\n<li>Alagoas (4)<\/li>\n<li>Sergipe (2)<\/li>\n<li>Para\u00edba (1)<\/li>\n<\/ul>\n<p>Confira a programa\u00e7\u00e3o completa do encontro regional da Jornada no Nordeste<\/p>\n<ul>\n<li>13h30: Boas-vindas<\/li>\n<li>14h: Abertura<\/li>\n<li>15h: Apresenta\u00e7\u00e3o: panorama da ind\u00fastria e do ecossistema de inova\u00e7\u00e3o e resultados da Jornada na Regi\u00e3o Nordeste \u2013 como endere\u00e7ar os desafios mapeados?<\/li>\n<li>15h45: Painel 1: Como empresas est\u00e3o conseguindo superar desafios comuns e gerar inova\u00e7\u00e3o na Regi\u00e3o Nordeste?<\/li>\n<li>16h45: Painel 2: Como o ecossistema de fomento pode destravar desafios e alavancar a inova\u00e7\u00e3o no Nordeste?<\/li>\n<li>17h45: S\u00edntese<\/li>\n<\/ul>\n<p>Vale destacar que a programa\u00e7\u00e3o tamb\u00e9m contar\u00e1 com atividades para a quarta-feira (26). Confira:<\/p>\n<ul>\n<li>09h \u00e0s 11h: Visita ao Senai CIMATEC &#8211; Av. Orlando Gomes, 1845 &#8211; Piat\u00e3, Salvador &#8211; BA<\/li>\n<li>11h30 \u00e0s 13h: Almo\u00e7o livre &#8211; Restaurante sugerido pelo CIMATEC<\/li>\n<li>13h \u00e0s 14h: Deslocamento para o Senai CIMATEC Park &#8211; Transporte oferecido pela organiza\u00e7\u00e3o<\/li>\n<li>14h \u00e0s 15h30: Visita ao Senai CIMATEC Park &#8211; Via Atl\u00e2ntica, BA 530, km 2,5, Cama\u00e7ari &#8211; BA<\/li>\n<li>15h30- 16h30 Retorno ao Senai CIMATEC<br \/>\n\t\u00a0<\/li>\n<\/ul>\n<p>\t\t\t\t\t\t\t\t\t\t<img decoding=\"async\" src=\"https:\/\/brasil61.com\/api\/v1\/serve_pixel\/22254\/86011\" alt=\"Pixel Brasil 61\" class=\"b61_pixel\" width=\"0\" height=\"0\"><\/p>\n<div class=\"br61_backlink\">\n<p>\n\t\t\t\tFonte: <a href=\"https:\/\/brasil61.com\/salvador-ba-recebe-etapa-regional-da-jornada-de-inovacao-da-industria-com-foco-em-tecnologia-e-sustentabilidade-pind254689\" title=\"Artigo Original: Salvador (BA) recebe etapa regional da Jornada de Inova\u00e7\u00e3o da Ind\u00fastria com foco em tecnologia e sustentabilidade\" target=\"_blank\" rel=\"noopener\">Brasil 61<\/a>\n\t\t\t<\/p>\n<\/p><\/div>\n<input type=\"hidden\" id=\"baseurl\" value=\"https:\/\/noticiasregionais.com.br\"><input type=\"hidden\" id=\"audio_nonce\" value=\"5c13e0637f\">","protected":false},"excerpt":{"rendered":"<p>O evento \u00e9 promovido pela CNI e pelo Sebrae. A programa\u00e7\u00e3o re\u00fane lideran\u00e7as empresariais, startups e centros tecnol\u00f3gicos com o prop\u00f3sito de mapear desafios e revelar solu\u00e7\u00f5es<\/p>\n","protected":false},"author":1,"featured_media":11223,"comment_status":"","ping_status":"open","sticky":false,"template":"","format":"standard","meta":{"sfsi_plus_gutenberg_text_before_share":"","sfsi_plus_gutenberg_show_text_before_share":"","sfsi_plus_gutenberg_icon_type":"","sfsi_plus_gutenberg_icon_alignemt":"","sfsi_plus_gutenburg_max_per_row":"","footnotes":""},"categories":[8],"tags":[],"class_list":["post-11222","post","type-post","status-publish","format-standard","has-post-thumbnail","hentry","category-brasil"],"_links":{"self":[{"href":"https:\/\/noticiasregionais.com.br\/index.php?rest_route=\/wp\/v2\/posts\/11222","targetHints":{"allow":["GET"]}}],"collection":[{"href":"https:\/\/noticiasregionais.com.br\/index.php?rest_route=\/wp\/v2\/posts"}],"about":[{"href":"https:\/\/noticiasregionais.com.br\/index.php?rest_route=\/wp\/v2\/types\/post"}],"author":[{"embeddable":true,"href":"https:\/\/noticiasregionais.com.br\/index.php?rest_route=\/wp\/v2\/users\/1"}],"replies":[{"embeddable":true,"href":"https:\/\/noticiasregionais.com.br\/index.php?rest_route=%2Fwp%2Fv2%2Fcomments&post=11222"}],"version-history":[{"count":0,"href":"https:\/\/noticiasregionais.com.br\/index.php?rest_route=\/wp\/v2\/posts\/11222\/revisions"}],"wp:featuredmedia":[{"embeddable":true,"href":"https:\/\/noticiasregionais.com.br\/index.php?rest_route=\/wp\/v2\/media\/11223"}],"wp:attachment":[{"href":"https:\/\/noticiasregionais.com.br\/index.php?rest_route=%2Fwp%2Fv2%2Fmedia&parent=11222"}],"wp:term":[{"taxonomy":"category","embeddable":true,"href":"https:\/\/noticiasregionais.com.br\/index.php?rest_route=%2Fwp%2Fv2%2Fcategories&post=11222"},{"taxonomy":"post_tag","embeddable":true,"href":"https:\/\/noticiasregionais.com.br\/index.php?rest_route=%2Fwp%2Fv2%2Ftags&post=11222"}],"curies":[{"name":"wp","href":"https:\/\/api.w.org\/{rel}","templated":true}]}}