{"id":11224,"date":"2025-11-24T04:55:00","date_gmt":"2025-11-24T07:55:00","guid":{"rendered":"https:\/\/noticiasregionais.com.br\/?p=11224"},"modified":"2025-11-24T04:55:00","modified_gmt":"2025-11-24T07:55:00","slug":"senai-oferece-mais-de-60-mil-vagas-em-cursos-tecnicos-qualificacao-e-pos-graduacao","status":"publish","type":"post","link":"https:\/\/noticiasregionais.com.br\/?p=11224","title":{"rendered":"SENAI oferece mais de 60 mil vagas em cursos t\u00e9cnicos, qualifica\u00e7\u00e3o e p\u00f3s-gradua\u00e7\u00e3o"},"content":{"rendered":"<p>\t\t\t\t\t\t\t\t\t\t\t<audio controls class=\"b61_audio_player\" data-noticia=\"86020\" src=\"https:\/\/brasil61.com\/rails\/active_storage\/blobs\/eyJfcmFpbHMiOnsibWVzc2FnZSI6IkJBaHBBK25DQXc9PSIsImV4cCI6bnVsbCwicHVyIjoiYmxvYl9pZCJ9fQ==--b4342392685cd6670f68da1ab970314c8c493d93\/PIND254690B\"><\/audio><\/p>\n<p>O <a href=\"https:\/\/www.portaldaindustria.com.br\/senai\" target=\"_blank\" rel=\"noopener\">Servi\u00e7o Nacional de Aprendizagem Industrial (SENAI) <\/a>est\u00e1 com 60,5 mil vagas abertas em cursos gratuitos e pagos em todo o Brasil, nas modalidades presencial e a dist\u00e2ncia, distribu\u00eddas pelas unidades estaduais e pelo <a href=\"https:\/\/www.futuro.digital\/\" target=\"_blank\" rel=\"noopener\">Futuro.Digital<\/a>, marketplace educacional da institui\u00e7\u00e3o. O dado faz parte do levantamento quinzenal da <a href=\"https:\/\/noticias.portaldaindustria.com.br\/\" target=\"_blank\" rel=\"noopener\">Ag\u00eancia de Not\u00edcias da Ind\u00fastria<\/a>, que re\u00fane as oportunidades ativas em todas as regi\u00f5es do pa\u00eds (veja lista abaixo).<\/p>\n<p>As vagas abrangem cursos t\u00e9cnicos, de qualifica\u00e7\u00e3o, aperfei\u00e7oamento, aprendizagem industrial, gradua\u00e7\u00e3o e p\u00f3s-gradua\u00e7\u00e3o, refor\u00e7ando o papel do SENAI como a maior rede de educa\u00e7\u00e3o profissional da Am\u00e9rica Latina. Ao todo, s\u00e3o 25,6 mil oportunidades nas escolas do <strong>SENAI <\/strong>e 34,8 mil dispon\u00edveis no Futuro.Digital, em turmas presenciais, semipresenciais e online.<\/p>\n<h2>Perfil dos alunos e impacto no mercado de trabalho<\/h2>\n<p>O gerente de Educa\u00e7\u00e3o Profissional e Superior do <strong>SENAI<\/strong>, Mateus Sim\u00f5es, explica que o p\u00fablico dos cursos \u00e9 formado, principalmente, por jovens entre 18 e 29 anos, mas o interesse pelas forma\u00e7\u00f5es tem atra\u00eddo tamb\u00e9m profissionais mais experientes.<\/p>\n<p>&#8220;O perfil de alunos que mais buscam os cursos do <strong>SENAI <\/strong>\u00e9 de jovens, mas tamb\u00e9m temos profissionais que j\u00e1 est\u00e3o no mercado ou buscam uma recoloca\u00e7\u00e3o, buscando crescimento e realiza\u00e7\u00e3o profissional. Temos inclusive alunos com mais de 60 anos frequentando as aulas&#8221;, afirma.<\/p>\n<p>Segundo Sim\u00f5es, o impacto das forma\u00e7\u00f5es \u00e9 imediato, tanto na conquista do primeiro emprego quanto no avan\u00e7o na carreira de quem j\u00e1 atua na ind\u00fastria. &#8220;As forma\u00e7\u00f5es do SENAI j\u00e1 mostram resultados concretos, seja na conquista de uma oportunidade de trabalho em empresas locais, seja na promo\u00e7\u00e3o dentro das ind\u00fastrias. Esse tem sido nosso foco: oferecer cursos capazes de gerar empregabilidade real e r\u00e1pida&#8221;, destaca.<\/p>\n<h2>Setores com maior demanda e atualiza\u00e7\u00e3o dos cursos<\/h2>\n<p>Ainda de acordo com Sim\u00f5es, os setores industriais que mais t\u00eam demandado m\u00e3o de obra s\u00e3o os de log\u00edstica, constru\u00e7\u00e3o civil, alimentos e bebidas, al\u00e9m das \u00e1reas mais tecnol\u00f3gicas.<\/p>\n<p>&#8220;H\u00e1 uma procura crescente por cursos ligados \u00e0 tecnologia da informa\u00e7\u00e3o, intelig\u00eancia artificial e transforma\u00e7\u00e3o digital. Essas compet\u00eancias s\u00e3o transversais e impactam todos os setores da ind\u00fastria&#8221;, explica.<\/p>\n<p>Para garantir que as forma\u00e7\u00f5es acompanhem a evolu\u00e7\u00e3o do mercado, o SENAI mant\u00e9m comit\u00eas setoriais que re\u00fanem representantes da ind\u00fastria para definir o perfil de profissionais que o setor produtivo precisa.<\/p>\n<p>&#8220;Formamos um comit\u00ea setorial para definir o perfil do profissional que a ind\u00fastria vai precisar. As empresas participam diretamente desse processo, o que garante que os cursos do SENAI estejam conectados \u00e0s reais necessidades do mercado de trabalho&#8221;, esclarece o gerente.<br \/>\nO superintendente de Educa\u00e7\u00e3o Profissional e Superior, Felipe Morgado, destaca tr\u00eas principais vantagens para quem escolhe um curso do SENAI: empregabilidade, aumento de renda e inser\u00e7\u00e3o r\u00e1pida no mercado.<\/p>\n<p>&#8220;O SENAI registra mais de 86% de empregabilidade entre os alunos dos cursos t\u00e9cnicos e um aumento de 24% na renda m\u00e9dia ap\u00f3s a conclus\u00e3o. Esses resultados mostram o impacto direto das forma\u00e7\u00f5es na vida dos estudantes&#8221;, explica Morgado.<\/p>\n<h2>VAGAS NAS UNIDADES DO SENAI: Oportunidades por estado<\/h2>\n<p><strong>RIO DE JANEIRO<\/strong>\u00a0<br \/>\nNo Rio de Janeiro, o SENAI-RJ oferece 11.320 vagas em \u00e1reas como audiovisual e anima\u00e7\u00e3o digital, automotiva, energias renov\u00e1veis, petr\u00f3leo e g\u00e1s, refrigera\u00e7\u00e3o e climatiza\u00e7\u00e3o e tecnologia da informa\u00e7\u00e3o. As aulas come\u00e7am entre janeiro e abril de 2026. Mais informa\u00e7\u00f5es est\u00e3o dispon\u00edveis no <a href=\"https:\/\/firjansenai.com.br\/editais-gratuitos\" target=\"_blank\" rel=\"noopener\">site do SENAI-RJ<\/a>.<\/p>\n<p><strong>PARA\u00cdBA\u00a0<\/strong><br \/>\nNa Para\u00edba, h\u00e1 1.020 vagas em cursos como ajustador mec\u00e2nico, assentador de revestimento cer\u00e2mico, desenhista mec\u00e2nico, operador de empilhadeira e t\u00e9cnico em energias renov\u00e1veis. S\u00e3o 820 oportunidades presenciais e 220 a dist\u00e2ncia. Detalhes podem ser consultados no <a href=\"https:\/\/fiepb.com.br\/senai\" target=\"_blank\" rel=\"noopener\">site do SENAI-PB<\/a>.<\/p>\n<p><strong>PARAN\u00c1<\/strong><br \/>\nNo Paran\u00e1, o SENAI oferta 1.915 vagas em cursos de aperfei\u00e7oamento e qualifica\u00e7\u00e3o profissional nas \u00e1reas de constru\u00e7\u00e3o civil, desenvolvimento de sistemas, design, eletr\u00f4nica, automa\u00e7\u00e3o e produ\u00e7\u00e3o aliment\u00edcia. S\u00e3o 181 oportunidades EAD e 1.734 presenciais. As inscri\u00e7\u00f5es podem ser feitas no <a href=\"https:\/\/senaipr.org.br\/cursos\/rapidos\" target=\"_blank\" rel=\"noopener\">site do SENAI-PR<\/a>.<\/p>\n<p><strong>S\u00c3O PAULO<\/strong><br \/>\nEm S\u00e3o Paulo, o SENAI-SP disponibiliza mais de 11 mil vagas em cursos t\u00e9cnicos gratuitos, entre eles ciberseguran\u00e7a na nuvem, cria\u00e7\u00e3o de jogos digitais, dashboards com Google Looker Studio, Adobe Photoshop e design 2D de personagens. As forma\u00e7\u00f5es s\u00e3o presenciais e alinhadas \u00e0s demandas da ind\u00fastria paulista. Mais informa\u00e7\u00f5es est\u00e3o dispon\u00edveis no <a href=\"https:\/\/www.sp.senai.br\/ps-superiores-comunidade\" target=\"_blank\" rel=\"noopener\">site do SENAI-SP<\/a>.<\/p>\n<p><strong>SERGIPE<\/strong><br \/>\nJ\u00e1 em Sergipe, o <a href=\"https:\/\/www.se.senai.br\/\" target=\"_blank\" rel=\"noopener\">SENAI-SE<\/a> tem 415 vagas abertas nas \u00e1reas de infraestrutura de informa\u00e7\u00e3o e comunica\u00e7\u00e3o, constru\u00e7\u00e3o, seguran\u00e7a do trabalho e metalmec\u00e2nica. H\u00e1 op\u00e7\u00f5es presenciais e semipresenciais, em diferentes turnos. Detalhes podem ser conferidos tamb\u00e9m no perfil <a href=\"https:\/\/www.instagram.com\/senaisergipe\/#\" target=\"_blank\" rel=\"noopener\">@senaisergipe<\/a><\/p>\n<p><a href=\"https:\/\/noticias.portaldaindustria.com.br\/\" target=\"_blank\" rel=\"noopener\">(Fonte: Ag\u00eancia de Not\u00edcias da Ind\u00fastria)<\/a><\/p>\n<h2><strong>Refer\u00eancia em educa\u00e7\u00e3o profissional<\/strong><\/h2>\n<p>Com 83 anos de hist\u00f3ria, o SENAI \u00e9 refer\u00eancia em educa\u00e7\u00e3o e inova\u00e7\u00e3o industrial. Presente nos 26 estados e no Distrito Federal, a institui\u00e7\u00e3o possui cerca de 3,1 milh\u00f5es de matr\u00edculas por ano e j\u00e1 formou mais de 92 milh\u00f5es de pessoas ao longo de sua trajet\u00f3ria.<br \/>\nOs cursos do SENAI est\u00e3o dispon\u00edveis para consulta no <a href=\"https:\/\/www.futuro.digital\/\" target=\"_blank\" rel=\"noopener\">Futuro.Digital<\/a>, com informa\u00e7\u00f5es sobre valores, carga hor\u00e1ria e certifica\u00e7\u00f5es. O conte\u00fado \u00e9 atualizado frequentemente, conforme novas turmas s\u00e3o abertas.<\/p>\n<p>\t\t\t\t\t\t\t\t\t\t<img decoding=\"async\" src=\"https:\/\/brasil61.com\/api\/v1\/serve_pixel\/22254\/86020\" alt=\"Pixel Brasil 61\" class=\"b61_pixel\" width=\"0\" height=\"0\"><\/p>\n<div class=\"br61_backlink\">\n<p>\n\t\t\t\tFonte: <a href=\"https:\/\/brasil61.com\/senai-oferece-mais-de-60-mil-vagas-em-cursos-tecnicos-qualificacao-e-pos-graduacao-pind254690\" title=\"Artigo Original: SENAI oferece mais de 60 mil vagas em cursos t\u00e9cnicos, qualifica\u00e7\u00e3o e p\u00f3s-gradua\u00e7\u00e3o\" target=\"_blank\" rel=\"noopener\">Brasil 61<\/a>\n\t\t\t<\/p>\n<\/p><\/div>\n<input type=\"hidden\" id=\"baseurl\" value=\"https:\/\/noticiasregionais.com.br\"><input type=\"hidden\" id=\"audio_nonce\" value=\"5c13e0637f\">","protected":false},"excerpt":{"rendered":"<p>Inscri\u00e7\u00f5es est\u00e3o abertas nas unidades estaduais e no Futuro.Digital; empregabilidade ultrapassa 86% entre formados.<\/p>\n","protected":false},"author":1,"featured_media":11225,"comment_status":"","ping_status":"open","sticky":false,"template":"","format":"standard","meta":{"sfsi_plus_gutenberg_text_before_share":"","sfsi_plus_gutenberg_show_text_before_share":"","sfsi_plus_gutenberg_icon_type":"","sfsi_plus_gutenberg_icon_alignemt":"","sfsi_plus_gutenburg_max_per_row":"","footnotes":""},"categories":[8],"tags":[],"class_list":["post-11224","post","type-post","status-publish","format-standard","has-post-thumbnail","hentry","category-brasil"],"_links":{"self":[{"href":"https:\/\/noticiasregionais.com.br\/index.php?rest_route=\/wp\/v2\/posts\/11224","targetHints":{"allow":["GET"]}}],"collection":[{"href":"https:\/\/noticiasregionais.com.br\/index.php?rest_route=\/wp\/v2\/posts"}],"about":[{"href":"https:\/\/noticiasregionais.com.br\/index.php?rest_route=\/wp\/v2\/types\/post"}],"author":[{"embeddable":true,"href":"https:\/\/noticiasregionais.com.br\/index.php?rest_route=\/wp\/v2\/users\/1"}],"replies":[{"embeddable":true,"href":"https:\/\/noticiasregionais.com.br\/index.php?rest_route=%2Fwp%2Fv2%2Fcomments&post=11224"}],"version-history":[{"count":0,"href":"https:\/\/noticiasregionais.com.br\/index.php?rest_route=\/wp\/v2\/posts\/11224\/revisions"}],"wp:featuredmedia":[{"embeddable":true,"href":"https:\/\/noticiasregionais.com.br\/index.php?rest_route=\/wp\/v2\/media\/11225"}],"wp:attachment":[{"href":"https:\/\/noticiasregionais.com.br\/index.php?rest_route=%2Fwp%2Fv2%2Fmedia&parent=11224"}],"wp:term":[{"taxonomy":"category","embeddable":true,"href":"https:\/\/noticiasregionais.com.br\/index.php?rest_route=%2Fwp%2Fv2%2Fcategories&post=11224"},{"taxonomy":"post_tag","embeddable":true,"href":"https:\/\/noticiasregionais.com.br\/index.php?rest_route=%2Fwp%2Fv2%2Ftags&post=11224"}],"curies":[{"name":"wp","href":"https:\/\/api.w.org\/{rel}","templated":true}]}}