{"id":11248,"date":"2025-11-25T04:20:00","date_gmt":"2025-11-25T07:20:00","guid":{"rendered":"https:\/\/noticiasregionais.com.br\/?p=11248"},"modified":"2025-11-25T04:20:00","modified_gmt":"2025-11-25T07:20:00","slug":"violencia-domestica-7-em-cada-10-agressoes-acontecem-diante-de-outras-pessoas","status":"publish","type":"post","link":"https:\/\/noticiasregionais.com.br\/?p=11248","title":{"rendered":"Viol\u00eancia dom\u00e9stica: 7 em cada 10 agress\u00f5es acontecem diante de outras pessoas"},"content":{"rendered":"<p>\t\t\t\t\t\t\t\t\t\t\t<audio controls class=\"b61_audio_player\" data-noticia=\"86028\" src=\"https:\/\/brasil61.com\/rails\/active_storage\/blobs\/eyJfcmFpbHMiOnsibWVzc2FnZSI6IkJBaHBBM1REQXc9PSIsImV4cCI6bnVsbCwicHVyIjoiYmxvYl9pZCJ9fQ==--7817e2412ee9bbe1eacb100b7eae3532d6b45498\/BRAS2515204A\"><\/audio><\/p>\n<p><strong>Sete em cada dez epis\u00f3dios de viol\u00eancia dom\u00e9stica acontecem na presen\u00e7a de outras pessoas<\/strong>. \u00c9 o que revela a 11\u00aa edi\u00e7\u00e3o da <a href=\"https:\/\/www.senado.leg.br\/institucional\/datasenado\/mapadaviolencia\/#\/pesquisanacional\/pesquisa\" target=\"_blank\" rel=\"noopener\">Pesquisa Nacional de Viol\u00eancia contra a Mulher<\/a>, realizada em 2025 pelo Instituto DataSenado e pela Nexus, em parceria com o Observat\u00f3rio da Mulher contra a Viol\u00eancia (OMV).<\/p>\n<p>Entre as 3,7 milh\u00f5es de brasileiras que declararam ter sofrido viol\u00eancia dom\u00e9stica ou familiar nos \u00faltimos 12 meses, <strong>71% relataram agress\u00f5es diante de testemunhas<\/strong>. Em 70% desses casos, <strong>havia crian\u00e7as presentes<\/strong>, geralmente filhos e filhas das v\u00edtimas. Mesmo assim, em <strong>40% das situa\u00e7\u00f5es, nenhuma testemunha ofereceu ajuda<\/strong>.<\/p>\n<h2>Primeira escuta fora do Estado<\/h2>\n<p>A pesquisa revela que, diante da viol\u00eancia, <strong>redes pessoais e comunidades de f\u00e9 continuam sendo os principais espa\u00e7os de acolhimento<\/strong>. Em 2025, antes de buscar ajuda junto ao poder p\u00fablico:<\/p>\n<ul>\n<li><strong>58%<\/strong> dessas mulheres procuraram apoio na fam\u00edlia;<\/li>\n<li><strong>53% <\/strong>recorreram \u00e0 igreja;<\/li>\n<li><strong>52%<\/strong> buscaram amparo em amigos.<\/li>\n<\/ul>\n<p>Apenas <strong>28%<\/strong> registraram den\u00fancia em Delegacias da Mulher e <strong>11%<\/strong> acionaram o <a href=\"https:\/\/www.gov.br\/mulheres\/pt-br\/ligue180\" target=\"_blank\" rel=\"noopener\">Ligue 180<\/a>.<\/p>\n<p>O recorte por religi\u00e3o mostra que <strong>70% das mulheres evang\u00e9licas<\/strong> procuraram apoio religioso, enquanto <strong>59% das cat\u00f3licas<\/strong> recorreram \u00e0 fam\u00edlia.<\/p>\n<p>Para a antrop\u00f3loga e l\u00edder de Pol\u00edticas P\u00fablicas pelo Fim da Viol\u00eancia Contra Meninas e Mulheres do Instituto Natura, Beatriz Accioly, esses n\u00fameros s\u00e3o uma fotografia da realidade do pa\u00eds, em que a maior parte dos casos de viol\u00eancia dom\u00e9stica ainda \u00e9 tratada no \u00e2mbito privado.\u00a0<\/p>\n<p>\u201cNo Brasil, n\u00e3o se enfrenta de fato a viol\u00eancia dom\u00e9stica sem a presen\u00e7a das comunidades de f\u00e9, que s\u00e3o amplamente procuradas pelas v\u00edtimas, em especial, as evang\u00e9licas. \u00c9 essencial que quem acolhe \u2014 seja um familiar, uma lideran\u00e7a religiosa ou uma amiga \u2014 saiba orientar com clareza sobre os caminhos e \u00f3rg\u00e3os respons\u00e1veis pelo atendimento, garantindo que essa mulher se sinta segura para buscar prote\u00e7\u00e3o e exercer seus direitos\u201d, afirma em nota.<\/p>\n<h2>Falta conhecimento sobre os mecanismos de prote\u00e7\u00e3o<\/h2>\n<p>A falta de conhecimento sobre os mecanismos de prote\u00e7\u00e3o agrava o problema. Segundo o levantamento, <strong>67% das brasileiras conhecem pouco<\/strong> a <a href=\"https:\/\/www.planalto.gov.br\/ccivil_03\/_ato2004-2006\/2006\/lei\/l11340.htm\" target=\"_blank\" rel=\"noopener\">Lei Maria da Penha (Lei n\u00ba 11.340\/2006)<\/a> e <strong>11% desconhecem<\/strong> <strong>completamente seu conte\u00fado<\/strong>.\u00a0<\/p>\n<p>As mulheres mais vulner\u00e1veis \u2014 com menor renda e escolaridade \u2014 s\u00e3o tamb\u00e9m as que menos conhecem seus direitos. O percentual de desconhecimento da lei \u00e9 de <strong>30% entre mulheres analfabetas <\/strong>e <strong>20% entre aquelas com ensino fundamental incompleto<\/strong>, enquanto cai para <strong>3%<\/strong> entre mulheres com ensino superior completo e <strong>4%<\/strong> entre as que t\u00eam n\u00edvel superior incompleto.<\/p>\n<p>A desigualdade tamb\u00e9m aparece na renda: entre mulheres com at\u00e9 dois sal\u00e1rios m\u00ednimos, <strong>13% desconhecem totalmente a lei<\/strong>, mais que o dobro do \u00edndice entre quem recebe de dois a seis sal\u00e1rios m\u00ednimos (<strong>6%<\/strong>) e quatro vezes maior que entre aquelas com renda acima de seis sal\u00e1rios m\u00ednimos (<strong>3%<\/strong>).<\/p>\n<p>Para Vit\u00f3ria R\u00e9gia da Silva, diretora executiva da Associa\u00e7\u00e3o G\u00eanero e N\u00famero, o acesso \u00e0 informa\u00e7\u00e3o \u00e9 decisivo para romper ciclos de viol\u00eancia.<\/p>\n<p>\u201cA desigualdade no conhecimento sobre a Lei Maria da Penha e sobre os servi\u00e7os de prote\u00e7\u00e3o mostra que ainda h\u00e1 um longo caminho para garantir que todas as mulheres saibam onde buscar ajuda\u201d, ressalta em nota. \u201cEssa pesquisa refor\u00e7a a urg\u00eancia de investir em informa\u00e7\u00e3o acess\u00edvel, que chegue \u00e0s mulheres nas comunidades, nos territ\u00f3rios e nas redes que elas j\u00e1 confiam\u201d, refor\u00e7a.<\/p>\n<h2>Viol\u00eancia que persiste<\/h2>\n<p>Outro dado alarmante \u00e9 a recorr\u00eancia das agress\u00f5es: <strong>mais da metade das entrevistadas (58%) convivem com situa\u00e7\u00f5es de viol\u00eancia h\u00e1 mais de um ano<\/strong>, indicando a persist\u00eancia do ciclo de abusos.<\/p>\n<p>Em nota, a coordenadora do Observat\u00f3rio da Mulher contra a Viol\u00eancia do Senado Federal, Maria Teresa Firmino, destaca que \u201ca viol\u00eancia de g\u00eanero n\u00e3o \u00e9 um problema isolado, mas uma quest\u00e3o estrutural que afeta fam\u00edlias e comunidades e exige uma resposta coletiva, coordenada e permanente, capaz de contribuir para o desenvolvimento do pa\u00eds\u201d.<\/p>\n<h2>O maior levantamento sobre viol\u00eancia contra mulheres no Brasil<\/h2>\n<p>A Pesquisa Nacional de Viol\u00eancia contra a Mulher \u00e9 o maior levantamento sobre o tema no Brasil e contribui para a atualiza\u00e7\u00e3o do <a href=\"https:\/\/www.senado.leg.br\/institucional\/datasenado\/mapadaviolencia\/\" target=\"_blank\" rel=\"noopener\">Mapa Nacional da Viol\u00eancia de G\u00eanero<\/a>, plataforma p\u00fablica criada para ampliar a compreens\u00e3o sobre a viol\u00eancia contra mulheres no pa\u00eds.\u00a0<\/p>\n<p>Desenvolvido pelo OMV, pelo Instituto Natura e a G\u00eanero e N\u00famero, o Mapa re\u00fane dados\u00a0de diferentes fontes, oferecendo uma vis\u00e3o estrat\u00e9gica para o aprimoramento das pol\u00edticas p\u00fablicas de enfrentamento \u00e0 viol\u00eancia de g\u00eanero.<\/p>\n<p>Nesta edi\u00e7\u00e3o, foram entrevistadas <strong>21.641 mulheres com 16 anos ou mais<\/strong> em todo o pa\u00eds. Os destaques da pesquisa est\u00e3o dispon\u00edveis na p\u00e1gina <a href=\"https:\/\/www.senado.leg.br\/institucional\/datasenado\/mapadaviolencia\/#\/pesquisanacional\/pesquisa\" target=\"_blank\" rel=\"noopener\">\u201cPesquisa Nacional\u201d<\/a> do Mapa Nacional da Viol\u00eancia de G\u00eanero.<\/p>\n<p>\t\t\t\t\t\t\t\t\t\t<img decoding=\"async\" src=\"https:\/\/brasil61.com\/api\/v1\/serve_pixel\/22254\/86028\" alt=\"Pixel Brasil 61\" class=\"b61_pixel\" width=\"0\" height=\"0\"><\/p>\n<div class=\"br61_backlink\">\n<p>\n\t\t\t\tFonte: <a href=\"https:\/\/brasil61.com\/violencia-domestica-7-em-cada-10-agressoes-acontecem-diante-de-outras-pessoas-bras2515204\" title=\"Artigo Original: Viol\u00eancia dom\u00e9stica: 7 em cada 10 agress\u00f5es acontecem diante de outras pessoas\" target=\"_blank\" rel=\"noopener\">Brasil 61<\/a>\n\t\t\t<\/p>\n<\/p><\/div>\n<input type=\"hidden\" id=\"baseurl\" value=\"https:\/\/noticiasregionais.com.br\"><input type=\"hidden\" id=\"audio_nonce\" value=\"5c13e0637f\">","protected":false},"excerpt":{"rendered":"<p>Em 70% dos casos com testemunhas, h\u00e1 crian\u00e7as no local, aponta pesquisa do Instituto DataSenado<\/p>\n","protected":false},"author":1,"featured_media":11249,"comment_status":"","ping_status":"open","sticky":false,"template":"","format":"standard","meta":{"sfsi_plus_gutenberg_text_before_share":"","sfsi_plus_gutenberg_show_text_before_share":"","sfsi_plus_gutenberg_icon_type":"","sfsi_plus_gutenberg_icon_alignemt":"","sfsi_plus_gutenburg_max_per_row":"","footnotes":""},"categories":[8],"tags":[],"class_list":["post-11248","post","type-post","status-publish","format-standard","has-post-thumbnail","hentry","category-brasil"],"_links":{"self":[{"href":"https:\/\/noticiasregionais.com.br\/index.php?rest_route=\/wp\/v2\/posts\/11248","targetHints":{"allow":["GET"]}}],"collection":[{"href":"https:\/\/noticiasregionais.com.br\/index.php?rest_route=\/wp\/v2\/posts"}],"about":[{"href":"https:\/\/noticiasregionais.com.br\/index.php?rest_route=\/wp\/v2\/types\/post"}],"author":[{"embeddable":true,"href":"https:\/\/noticiasregionais.com.br\/index.php?rest_route=\/wp\/v2\/users\/1"}],"replies":[{"embeddable":true,"href":"https:\/\/noticiasregionais.com.br\/index.php?rest_route=%2Fwp%2Fv2%2Fcomments&post=11248"}],"version-history":[{"count":0,"href":"https:\/\/noticiasregionais.com.br\/index.php?rest_route=\/wp\/v2\/posts\/11248\/revisions"}],"wp:featuredmedia":[{"embeddable":true,"href":"https:\/\/noticiasregionais.com.br\/index.php?rest_route=\/wp\/v2\/media\/11249"}],"wp:attachment":[{"href":"https:\/\/noticiasregionais.com.br\/index.php?rest_route=%2Fwp%2Fv2%2Fmedia&parent=11248"}],"wp:term":[{"taxonomy":"category","embeddable":true,"href":"https:\/\/noticiasregionais.com.br\/index.php?rest_route=%2Fwp%2Fv2%2Fcategories&post=11248"},{"taxonomy":"post_tag","embeddable":true,"href":"https:\/\/noticiasregionais.com.br\/index.php?rest_route=%2Fwp%2Fv2%2Ftags&post=11248"}],"curies":[{"name":"wp","href":"https:\/\/api.w.org\/{rel}","templated":true}]}}