{"id":11262,"date":"2025-11-26T04:00:00","date_gmt":"2025-11-26T07:00:00","guid":{"rendered":"https:\/\/noticiasregionais.com.br\/?p=11262"},"modified":"2025-11-26T04:00:00","modified_gmt":"2025-11-26T07:00:00","slug":"preco-do-boi-gordo-hoje-confira-as-cotacoes-para-quarta-feira-26","status":"publish","type":"post","link":"https:\/\/noticiasregionais.com.br\/?p=11262","title":{"rendered":"Pre\u00e7o do boi gordo hoje: confira as cota\u00e7\u00f5es para quarta-feira (26)"},"content":{"rendered":"<p>\t\t\t\t\t\t\t\t\t\t\t<audio controls class=\"b61_audio_player\" data-noticia=\"86060\" src=\"https:\/\/brasil61.com\/rails\/active_storage\/blobs\/eyJfcmFpbHMiOnsibWVzc2FnZSI6IkJBaHBBNGpFQXc9PSIsImV4cCI6bnVsbCwicHVyIjoiYmxvYl9pZCJ9fQ==--47145b72b1c5cff23d4ab4dba9817deca7f53dd6\/PAGR255949A\"><\/audio><\/p>\n<p>O pre\u00e7o do boi gordo nesta quarta-feira (26) apresenta baixa de 0,37%; a arroba est\u00e1 sendo negociada a R$321,25, no estado de S\u00e3o Paulo.\u00a0<\/p>\n<\/p>\n<p>\n<b>INDICADOR DO BOI GORDO CEPEA\/ESALQ<\/b><\/p>\n<table id=\"imagenet-indicador1\">\n<thead>\n<tr>\n<th>Data<\/th>\n<th>Valor R$*<\/th>\n<th>Var.\/Dia<\/th>\n<th>Var.\/M\u00eas<\/th>\n<th>Valor US$*<\/th>\n<\/tr>\n<\/thead>\n<tbody>\n<tr>\n<td>25\/11\/2025<\/td>\n<td>321,25<\/td>\n<td>-0,37%<\/td>\n<td>0,75%<\/td>\n<td>59,76<\/td>\n<\/tr>\n<tr>\n<td>24\/11\/2025<\/td>\n<td>322,45<\/td>\n<td>0,00%<\/td>\n<td>1,13%<\/td>\n<td>59,75<\/td>\n<\/tr>\n<tr>\n<td>21\/11\/2025<\/td>\n<td>322,45<\/td>\n<td>0,30%<\/td>\n<td>1,13%<\/td>\n<td>59,75<\/td>\n<\/tr>\n<tr>\n<td>19\/11\/2025<\/td>\n<td>321,50<\/td>\n<td>0,08%<\/td>\n<td>0,83%<\/td>\n<td>60,23<\/td>\n<\/tr>\n<tr>\n<td>18\/11\/2025<\/td>\n<td>321,25<\/td>\n<td>-0,03%<\/td>\n<td>0,75%<\/td>\n<td>60,41<\/td>\n<\/tr>\n<\/tbody>\n<\/table>\n<p>\u00a0<\/p>\n<\/p>\n<p>Na Grande S\u00e3o Paulo, S\u00e3o Jos\u00e9 do Rio Preto e Descalvado,o pre\u00e7o do frango congelado e o do resfriado apresentam estabilidade. A primeira op\u00e7\u00e3o est\u00e1 sendo vendida a R$8,11. J\u00e1 a segunda \u00e9 comercializada a R$ 8,12.<\/p>\n<p>\n<b>PRE\u00c7OS DO FRANGO CONGELADO CEPEA\/ESALQ &#8211; ESTADO SP<\/b><\/p>\n<table id=\"imagenet-indicador2\">\n<thead>\n<tr>\n<th>Data<\/th>\n<th>Valor R$<\/th>\n<th>Var.\/Dia<\/th>\n<th>Var.\/M\u00eas<\/th>\n<\/tr>\n<\/thead>\n<tbody>\n<tr>\n<td>25\/11\/2025<\/td>\n<td>8,11<\/td>\n<td>0,00%<\/td>\n<td>1,25%<\/td>\n<\/tr>\n<tr>\n<td>24\/11\/2025<\/td>\n<td>8,11<\/td>\n<td>0,00%<\/td>\n<td>1,25%<\/td>\n<\/tr>\n<tr>\n<td>21\/11\/2025<\/td>\n<td>8,11<\/td>\n<td>0,00%<\/td>\n<td>1,25%<\/td>\n<\/tr>\n<tr>\n<td>19\/11\/2025<\/td>\n<td>8,11<\/td>\n<td>0,00%<\/td>\n<td>1,25%<\/td>\n<\/tr>\n<tr>\n<td>18\/11\/2025<\/td>\n<td>8,11<\/td>\n<td>1,25%<\/td>\n<td>1,25%<\/td>\n<\/tr>\n<\/tbody>\n<\/table>\n<p><strong>PRE\u00c7OS DO FRANGO RESFRIADO CEPEA\/ESALQ &#8211; ESTADO SP<\/strong><\/p>\n<table id=\"imagenet-indicador3\">\n<thead>\n<tr>\n<th>Data<\/th>\n<th>Valor R$<\/th>\n<th>Var.\/Dia<\/th>\n<th>Var.\/M\u00eas<\/th>\n<\/tr>\n<\/thead>\n<tbody>\n<tr>\n<td>25\/11\/2025<\/td>\n<td>8,12<\/td>\n<td>0,00%<\/td>\n<td>0,50%<\/td>\n<\/tr>\n<tr>\n<td>24\/11\/2025<\/td>\n<td>8,12<\/td>\n<td>0,00%<\/td>\n<td>0,50%<\/td>\n<\/tr>\n<tr>\n<td>21\/11\/2025<\/td>\n<td>8,12<\/td>\n<td>0,00%<\/td>\n<td>0,50%<\/td>\n<\/tr>\n<tr>\n<td>19\/11\/2025<\/td>\n<td>8,12<\/td>\n<td>0,00%<\/td>\n<td>0,50%<\/td>\n<\/tr>\n<tr>\n<td>18\/11\/2025<\/td>\n<td>8,12<\/td>\n<td>1,12%<\/td>\n<td>0,50%<\/td>\n<\/tr>\n<\/tbody>\n<\/table>\n<h2>Pre\u00e7o da carca\u00e7a su\u00edna especial e su\u00edno vivo<\/h2>\n<p>A carca\u00e7a su\u00edna especial registra baixa no pre\u00e7o, com a mercadoria sendo negociada a R$ 12,76, por quilo, nos atacados da Grande S\u00e3o Paulo.\u00a0<br \/>\nO pre\u00e7o do su\u00edno vivo tamb\u00e9m apresenta estabilidade na maioria dos estados, com destaque para Minas Gerais, sendo vendido a R$ 8,46.\u00a0<\/p>\n<p>\n<b>PRE\u00c7OS DA CARCA\u00c7A SU\u00cdNA ESPECIAL (R$\/kg)<\/b><\/p>\n<table id=\"imagenet-indicador4\">\n<thead>\n<tr>\n<th>Data<\/th>\n<th>M\u00e9dia<\/th>\n<th>Var.\/Dia<\/th>\n<th>Var.\/M\u00eas<\/th>\n<\/tr>\n<\/thead>\n<tbody>\n<tr>\n<td>25\/11\/2025<\/td>\n<td>12,76<\/td>\n<td>-0,39%<\/td>\n<td>2,99%<\/td>\n<\/tr>\n<tr>\n<td>24\/11\/2025<\/td>\n<td>12,81<\/td>\n<td>-0,16%<\/td>\n<td>3,39%<\/td>\n<\/tr>\n<tr>\n<td>21\/11\/2025<\/td>\n<td>12,83<\/td>\n<td>0,16%<\/td>\n<td>3,55%<\/td>\n<\/tr>\n<tr>\n<td>19\/11\/2025<\/td>\n<td>12,81<\/td>\n<td>0,00%<\/td>\n<td>3,39%<\/td>\n<\/tr>\n<tr>\n<td>18\/11\/2025<\/td>\n<td>12,81<\/td>\n<td>0,39%<\/td>\n<td>3,39%<\/td>\n<\/tr>\n<\/tbody>\n<\/table>\n<p><strong>INDICADOR DO SU\u00cdNO VIVO CEPEA\/ESALQ (R$\/kg)<\/strong><\/p>\n<table id=\"imagenet-indicador5\">\n<thead>\n<tr>\n<th>Data<\/th>\n<th>Estado<\/th>\n<th>Valor R$*<\/th>\n<th>Var.\/Dia<\/th>\n<th>Var.\/M\u00eas<\/th>\n<\/tr>\n<\/thead>\n<tbody>\n<tr>\n<td>25\/11\/2025<\/td>\n<td>MG &#8211; posto<\/td>\n<td>8,46<\/td>\n<td>0,00%<\/td>\n<td>2,79%<\/td>\n<\/tr>\n<tr>\n<td>25\/11\/2025<\/td>\n<td>PR &#8211; a retirar<\/td>\n<td>8,43<\/td>\n<td>0,12%<\/td>\n<td>0,96%<\/td>\n<\/tr>\n<tr>\n<td>25\/11\/2025<\/td>\n<td>RS &#8211; a retirar<\/td>\n<td>8,36<\/td>\n<td>0,00%<\/td>\n<td>0,97%<\/td>\n<\/tr>\n<tr>\n<td>25\/11\/2025<\/td>\n<td>SC &#8211; a retirar<\/td>\n<td>8,29<\/td>\n<td>0,00%<\/td>\n<td>0,48%<\/td>\n<\/tr>\n<tr>\n<td>25\/11\/2025<\/td>\n<td>SP &#8211; posto<\/td>\n<td>8,72<\/td>\n<td>-1,13%<\/td>\n<td>-0,57%<\/td>\n<\/tr>\n<\/tbody>\n<\/table>\n<p>\u00a0<\/p>\n<p>\u00a0<\/p>\n<\/p>\n<p dir=\"ltr\">Os valores s\u00e3o do <a href=\"https:\/\/www.cepea.org.br\/br\/indicador\/suino.aspx\" target=\"_blank\" rel=\"noopener\">Cepea<\/a>.<\/p>\n<h2 dir=\"ltr\">O que \u00e9 o boi gordo? Entenda o termo do mercado bovino<\/h2>\n<p dir=\"ltr\">O boi gordo \u00e9 o bovino macho pronto para o abate, com peso m\u00ednimo de 16 arrobas l\u00edquidas de carca\u00e7a (aproximadamente 240 kg) e at\u00e9 42 meses de idade. Atende aos padr\u00f5es do mercado nacional e internacional, incluindo exporta\u00e7\u00f5es para Europa, China e cota Hilton.<\/p>\n<h2 dir=\"ltr\">Diferen\u00e7as entre frango congelado e frango resfriado<\/h2>\n<p dir=\"ltr\">O frango congelado passa por congelamento r\u00e1pido, com temperaturas abaixo de -12\u00b0C, garantindo maior vida \u00fatil para armazenamento e transporte a longas dist\u00e2ncias. J\u00e1 o frango resfriado \u00e9 mantido entre 0\u00b0C e 4\u00b0C, com validade de 5 a 7 dias, oferecendo textura e sabor mais pr\u00f3ximos do fresco, ideal para consumidores exigentes e restaurantes.<\/p>\n<p>\t\t\t\t\t\t\t\t\t\t<img decoding=\"async\" src=\"https:\/\/brasil61.com\/api\/v1\/serve_pixel\/22254\/86060\" alt=\"Pixel Brasil 61\" class=\"b61_pixel\" width=\"0\" height=\"0\"><\/p>\n<div class=\"br61_backlink\">\n<p>\n\t\t\t\tFonte: <a href=\"https:\/\/brasil61.com\/preco-do-boi-gordo-hoje-confira-as-cotacoes-para-quarta-feira-26-pagr255949\" title=\"Artigo Original: Pre\u00e7o do boi gordo hoje: confira as cota\u00e7\u00f5es para quarta-feira (26)\" target=\"_blank\" rel=\"noopener\">Brasil 61<\/a>\n\t\t\t<\/p>\n<\/p><\/div>\n<input type=\"hidden\" id=\"baseurl\" value=\"https:\/\/noticiasregionais.com.br\"><input type=\"hidden\" id=\"audio_nonce\" value=\"5c13e0637f\">","protected":false},"excerpt":{"rendered":"<p>Frango e su\u00edno vivo registram estabilidade nos valores<\/p>\n","protected":false},"author":1,"featured_media":11263,"comment_status":"","ping_status":"open","sticky":false,"template":"","format":"standard","meta":{"sfsi_plus_gutenberg_text_before_share":"","sfsi_plus_gutenberg_show_text_before_share":"","sfsi_plus_gutenberg_icon_type":"","sfsi_plus_gutenberg_icon_alignemt":"","sfsi_plus_gutenburg_max_per_row":"","footnotes":""},"categories":[8],"tags":[],"class_list":["post-11262","post","type-post","status-publish","format-standard","has-post-thumbnail","hentry","category-brasil"],"_links":{"self":[{"href":"https:\/\/noticiasregionais.com.br\/index.php?rest_route=\/wp\/v2\/posts\/11262","targetHints":{"allow":["GET"]}}],"collection":[{"href":"https:\/\/noticiasregionais.com.br\/index.php?rest_route=\/wp\/v2\/posts"}],"about":[{"href":"https:\/\/noticiasregionais.com.br\/index.php?rest_route=\/wp\/v2\/types\/post"}],"author":[{"embeddable":true,"href":"https:\/\/noticiasregionais.com.br\/index.php?rest_route=\/wp\/v2\/users\/1"}],"replies":[{"embeddable":true,"href":"https:\/\/noticiasregionais.com.br\/index.php?rest_route=%2Fwp%2Fv2%2Fcomments&post=11262"}],"version-history":[{"count":0,"href":"https:\/\/noticiasregionais.com.br\/index.php?rest_route=\/wp\/v2\/posts\/11262\/revisions"}],"wp:featuredmedia":[{"embeddable":true,"href":"https:\/\/noticiasregionais.com.br\/index.php?rest_route=\/wp\/v2\/media\/11263"}],"wp:attachment":[{"href":"https:\/\/noticiasregionais.com.br\/index.php?rest_route=%2Fwp%2Fv2%2Fmedia&parent=11262"}],"wp:term":[{"taxonomy":"category","embeddable":true,"href":"https:\/\/noticiasregionais.com.br\/index.php?rest_route=%2Fwp%2Fv2%2Fcategories&post=11262"},{"taxonomy":"post_tag","embeddable":true,"href":"https:\/\/noticiasregionais.com.br\/index.php?rest_route=%2Fwp%2Fv2%2Ftags&post=11262"}],"curies":[{"name":"wp","href":"https:\/\/api.w.org\/{rel}","templated":true}]}}