{"id":11266,"date":"2025-11-26T04:05:00","date_gmt":"2025-11-26T07:05:00","guid":{"rendered":"https:\/\/noticiasregionais.com.br\/?p=11266"},"modified":"2025-11-26T04:05:00","modified_gmt":"2025-11-26T07:05:00","slug":"soja-e-trigo-confira-as-cotacoes-de-preco-para-esta-quarta-feira-26","status":"publish","type":"post","link":"https:\/\/noticiasregionais.com.br\/?p=11266","title":{"rendered":"Soja e trigo: confira as cota\u00e7\u00f5es de pre\u00e7o para esta quarta-feira (26)"},"content":{"rendered":"<p>\t\t\t\t\t\t\t\t\t\t\t<audio controls class=\"b61_audio_player\" data-noticia=\"86058\" src=\"https:\/\/brasil61.com\/rails\/active_storage\/blobs\/eyJfcmFpbHMiOnsibWVzc2FnZSI6IkJBaHBBNHJFQXc9PSIsImV4cCI6bnVsbCwicHVyIjoiYmxvYl9pZCJ9fQ==--1a3a6fc0969499d9dd0ad06a7ef5ebb3537fb6ed\/PAGR255947A\"><\/audio><\/p>\n<p>A saca de 60 kg da soja, nesta quarta-feira (26), registra aumento no interior do Paran\u00e1 e no litoral do estado, em Paranagu\u00e1. Na primeira regi\u00e3o, o gr\u00e3o \u00e9 negociado a R$ 135,69, com alta de 0,82%, enquanto no litoral a cota\u00e7\u00e3o teve um aumento de 0,39%, chegando a R$ 141,08.<\/p>\n<\/p>\n<p>\n<b>INDICADOR DA SOJA CEPEA\/ESALQ &#8211; PARAN\u00c1<\/b><\/p>\n<table id=\"imagenet-indicador2\">\n<thead>\n<tr>\n<th>Data<\/th>\n<th>Valor R$*<\/th>\n<th>Var.\/Dia<\/th>\n<th>Var.\/M\u00eas<\/th>\n<th>Valor US$*<\/th>\n<\/tr>\n<\/thead>\n<tbody>\n<tr>\n<td>25\/11\/2025<\/td>\n<td>135,69<\/td>\n<td>0,82%<\/td>\n<td>1,58%<\/td>\n<td>25,24<\/td>\n<\/tr>\n<tr>\n<td>24\/11\/2025<\/td>\n<td>134,58<\/td>\n<td>-0,58%<\/td>\n<td>0,75%<\/td>\n<td>24,95<\/td>\n<\/tr>\n<tr>\n<td>21\/11\/2025<\/td>\n<td>135,37<\/td>\n<td>-0,35%<\/td>\n<td>1,34%<\/td>\n<td>25,08<\/td>\n<\/tr>\n<tr>\n<td>19\/11\/2025<\/td>\n<td>135,85<\/td>\n<td>0,30%<\/td>\n<td>1,70%<\/td>\n<td>25,45<\/td>\n<\/tr>\n<tr>\n<td>18\/11\/2025<\/td>\n<td>135,44<\/td>\n<td>0,39%<\/td>\n<td>1,39%<\/td>\n<td>25,47<\/td>\n<\/tr>\n<\/tbody>\n<\/table>\n<p>\u00a0<\/p>\n<p>\u00a0<\/p>\n<\/p>\n<p dir=\"ltr\"><b>INDICADOR DA SOJA CEPEA\/ESALQ &#8211; PARANAGU<\/b><\/p>\n<table id=\"imagenet-indicador1\">\n<thead>\n<tr>\n<th>Data<\/th>\n<th>Valor R$*<\/th>\n<th>Var.\/Dia<\/th>\n<th>Var.\/M\u00eas<\/th>\n<th>Valor US$*<\/th>\n<\/tr>\n<\/thead>\n<tbody>\n<tr>\n<td>25\/11\/2025<\/td>\n<td>141,08<\/td>\n<td>0,39%<\/td>\n<td>0,86%<\/td>\n<td>26,24<\/td>\n<\/tr>\n<tr>\n<td>24\/11\/2025<\/td>\n<td>140,53<\/td>\n<td>-0,28%<\/td>\n<td>0,46%<\/td>\n<td>26,05<\/td>\n<\/tr>\n<tr>\n<td>21\/11\/2025<\/td>\n<td>140,93<\/td>\n<td>-0,54%<\/td>\n<td>0,75%<\/td>\n<td>26,11<\/td>\n<\/tr>\n<tr>\n<td>19\/11\/2025<\/td>\n<td>141,70<\/td>\n<td>0,40%<\/td>\n<td>1,30%<\/td>\n<td>26,55<\/td>\n<\/tr>\n<tr>\n<td>18\/11\/2025<\/td>\n<td>141,13<\/td>\n<td>0,60%<\/td>\n<td>0,89%<\/td>\n<td>26,54<\/td>\n<\/tr>\n<\/tbody>\n<\/table>\n<h2>Trigo<\/h2>\n<p>O pre\u00e7o do trigo apresenta alta de 0,28% no Paran\u00e1 e a tonelada \u00e9 negociada a R$ 1.199,56. E no Rio Grande do Sul, a tonelada do gr\u00e3o teve queda, sendo cotada a R$1.037,08.<\/p>\n<p>\n<b>PRE\u00c7O M\u00c9DIO DO TRIGO CEPEA\/ESALQ &#8211; PARAN\u00c1<\/b><\/p>\n<table id=\"imagenet-indicador3\">\n<thead>\n<tr>\n<th>Data<\/th>\n<th>Valor R$\/t*<\/th>\n<th>Var.\/Dia<\/th>\n<th>Var.\/M\u00eas<\/th>\n<th>Valor US$\/t*<\/th>\n<\/tr>\n<\/thead>\n<tbody>\n<tr>\n<td>25\/11\/2025<\/td>\n<td>1.199,56<\/td>\n<td>0,28%<\/td>\n<td>0,50%<\/td>\n<td>223,13<\/td>\n<\/tr>\n<tr>\n<td>24\/11\/2025<\/td>\n<td>1.196,20<\/td>\n<td>0,17%<\/td>\n<td>0,22%<\/td>\n<td>221,77<\/td>\n<\/tr>\n<tr>\n<td>21\/11\/2025<\/td>\n<td>1.194,18<\/td>\n<td>-0,45%<\/td>\n<td>0,05%<\/td>\n<td>221,27<\/td>\n<\/tr>\n<tr>\n<td>19\/11\/2025<\/td>\n<td>1.199,57<\/td>\n<td>0,21%<\/td>\n<td>0,50%<\/td>\n<td>224,72<\/td>\n<\/tr>\n<tr>\n<td>18\/11\/2025<\/td>\n<td>1.197,06<\/td>\n<td>0,18%<\/td>\n<td>0,29%<\/td>\n<td>225,10<\/td>\n<\/tr>\n<\/tbody>\n<\/table>\n<p>\u00a0<\/p>\n<p>\u00a0<\/p>\n<\/p>\n<p dir=\"ltr\"><b>PRE\u00c7O M\u00c9DIO DO TRIGO CEPEA\/ESALQ &#8211; RIO GRANDE DO SUL<\/b><\/p>\n<table id=\"imagenet-indicador4\">\n<thead>\n<tr>\n<th>Data<\/th>\n<th>Valor R$\/t*<\/th>\n<th>Var.\/Dia<\/th>\n<th>Var.\/M\u00eas<\/th>\n<th>Valor US$\/t*<\/th>\n<\/tr>\n<\/thead>\n<tbody>\n<tr>\n<td>25\/11\/2025<\/td>\n<td>1.037,08<\/td>\n<td>-0,21%<\/td>\n<td>-3,96%<\/td>\n<td>192,91<\/td>\n<\/tr>\n<tr>\n<td>24\/11\/2025<\/td>\n<td>1.039,30<\/td>\n<td>-0,30%<\/td>\n<td>-3,75%<\/td>\n<td>192,68<\/td>\n<\/tr>\n<tr>\n<td>21\/11\/2025<\/td>\n<td>1.042,42<\/td>\n<td>-0,17%<\/td>\n<td>-3,47%<\/td>\n<td>193,15<\/td>\n<\/tr>\n<tr>\n<td>19\/11\/2025<\/td>\n<td>1.044,16<\/td>\n<td>0,00%<\/td>\n<td>-3,30%<\/td>\n<td>195,61<\/td>\n<\/tr>\n<tr>\n<td>18\/11\/2025<\/td>\n<td>1.044,16<\/td>\n<td>0,13%<\/td>\n<td>-3,30%<\/td>\n<td>196,34<\/td>\n<\/tr>\n<\/tbody>\n<\/table>\n<p>Os dados s\u00e3o do <a href=\"https:\/\/www.cepea.org.br\/br\/indicador\/trigo.aspx\" target=\"_blank\" rel=\"noopener\">Cepea<\/a>.<\/p>\n<h2>O que \u00e9 uma saca de soja ou de trigo? Entenda a unidade de medida no mercado de gr\u00e3os<\/h2>\n<p>A saca de soja e a saca de trigo s\u00e3o as principais unidades de comercializa\u00e7\u00e3o de gr\u00e3os no Brasil. Cada saca equivale a 60 quilos, padr\u00e3o adotado por \u00f3rg\u00e3os oficiais como a <a href=\"https:\/\/www.gov.br\/conab\/pt-br\" target=\"_blank\" rel=\"noopener\">Companhia Nacional de Abastecimento (Conab)<\/a>, o <a href=\"https:\/\/www.gov.br\/agricultura\/pt-br\" target=\"_blank\" rel=\"noopener\">Minist\u00e9rio da Agricultura (MAPA)<\/a> e o <a href=\"https:\/\/www.cepea.org.br\/br\/indicador\/trigo.aspx\" target=\"_blank\" rel=\"noopener\">Centro de Estudos Avan\u00e7ados em Economia Aplicada (Cepea)<\/a>.<\/p>\n<p>Esse formato padronizado facilita o com\u00e9rcio da soja e do trigo, al\u00e9m de permitir um acompanhamento mais preciso das cota\u00e7\u00f5es e varia\u00e7\u00f5es de pre\u00e7os no mercado nacional.<\/p>\n<p>\u00a0<\/p>\n<p>\t\t\t\t\t\t\t\t\t\t<img decoding=\"async\" src=\"https:\/\/brasil61.com\/api\/v1\/serve_pixel\/22254\/86058\" alt=\"Pixel Brasil 61\" class=\"b61_pixel\" width=\"0\" height=\"0\"><\/p>\n<div class=\"br61_backlink\">\n<p>\n\t\t\t\tFonte: <a href=\"https:\/\/brasil61.com\/soja-e-trigo-confira-as-cotacoes-de-preco-para-esta-quarta-feira-26-pagr255947\" title=\"Artigo Original: Soja e trigo: confira as cota\u00e7\u00f5es de pre\u00e7o para esta quarta-feira (26)\" target=\"_blank\" rel=\"noopener\">Brasil 61<\/a>\n\t\t\t<\/p>\n<\/p><\/div>\n<input type=\"hidden\" id=\"baseurl\" value=\"https:\/\/noticiasregionais.com.br\"><input type=\"hidden\" id=\"audio_nonce\" value=\"5c13e0637f\">","protected":false},"excerpt":{"rendered":"<p>Cota\u00e7\u00f5es da soja sobem em Paranagu\u00e1; enquanto o valor do trigo diminui no Rio Grande do Sul<\/p>\n","protected":false},"author":1,"featured_media":11267,"comment_status":"","ping_status":"open","sticky":false,"template":"","format":"standard","meta":{"sfsi_plus_gutenberg_text_before_share":"","sfsi_plus_gutenberg_show_text_before_share":"","sfsi_plus_gutenberg_icon_type":"","sfsi_plus_gutenberg_icon_alignemt":"","sfsi_plus_gutenburg_max_per_row":"","footnotes":""},"categories":[8],"tags":[],"class_list":["post-11266","post","type-post","status-publish","format-standard","has-post-thumbnail","hentry","category-brasil"],"_links":{"self":[{"href":"https:\/\/noticiasregionais.com.br\/index.php?rest_route=\/wp\/v2\/posts\/11266","targetHints":{"allow":["GET"]}}],"collection":[{"href":"https:\/\/noticiasregionais.com.br\/index.php?rest_route=\/wp\/v2\/posts"}],"about":[{"href":"https:\/\/noticiasregionais.com.br\/index.php?rest_route=\/wp\/v2\/types\/post"}],"author":[{"embeddable":true,"href":"https:\/\/noticiasregionais.com.br\/index.php?rest_route=\/wp\/v2\/users\/1"}],"replies":[{"embeddable":true,"href":"https:\/\/noticiasregionais.com.br\/index.php?rest_route=%2Fwp%2Fv2%2Fcomments&post=11266"}],"version-history":[{"count":0,"href":"https:\/\/noticiasregionais.com.br\/index.php?rest_route=\/wp\/v2\/posts\/11266\/revisions"}],"wp:featuredmedia":[{"embeddable":true,"href":"https:\/\/noticiasregionais.com.br\/index.php?rest_route=\/wp\/v2\/media\/11267"}],"wp:attachment":[{"href":"https:\/\/noticiasregionais.com.br\/index.php?rest_route=%2Fwp%2Fv2%2Fmedia&parent=11266"}],"wp:term":[{"taxonomy":"category","embeddable":true,"href":"https:\/\/noticiasregionais.com.br\/index.php?rest_route=%2Fwp%2Fv2%2Fcategories&post=11266"},{"taxonomy":"post_tag","embeddable":true,"href":"https:\/\/noticiasregionais.com.br\/index.php?rest_route=%2Fwp%2Fv2%2Ftags&post=11266"}],"curies":[{"name":"wp","href":"https:\/\/api.w.org\/{rel}","templated":true}]}}