{"id":11270,"date":"2025-11-26T04:25:00","date_gmt":"2025-11-26T07:25:00","guid":{"rendered":"https:\/\/noticiasregionais.com.br\/?p=11270"},"modified":"2025-11-26T04:25:00","modified_gmt":"2025-11-26T07:25:00","slug":"ibge-abre-processo-seletivo-com-95-mil-vagas-temporarias-grandes-capitais-concentram-mais-oportunidades","status":"publish","type":"post","link":"https:\/\/noticiasregionais.com.br\/?p=11270","title":{"rendered":"IBGE abre processo seletivo com 9,5 mil vagas tempor\u00e1rias; grandes capitais concentram mais oportunidades"},"content":{"rendered":"<p>\t\t\t\t\t\t\t\t\t\t\t<audio controls class=\"b61_audio_player\" data-noticia=\"86040\" src=\"https:\/\/brasil61.com\/rails\/active_storage\/blobs\/eyJfcmFpbHMiOnsibWVzc2FnZSI6IkJBaHBBNHJEQXc9PSIsImV4cCI6bnVsbCwicHVyIjoiYmxvYl9pZCJ9fQ==--3a6614358ab69b4a464a678ec675ca9a4b426bf4\/BRAS2515208A\"><\/audio><\/p>\n<p>O <a href=\"https:\/\/www.ibge.gov.br\/\" target=\"_blank\" rel=\"noopener\">Instituto Brasileiro de Geografia e Estat\u00edstica (IBGE)<\/a> abriu inscri\u00e7\u00f5es para o processo seletivo simplificado com <strong>9.590<\/strong> vagas tempor\u00e1rias em todo o pa\u00eds. Os sal\u00e1rios chegam a R$ 3.379, com aux\u00edlio-alimenta\u00e7\u00e3o de R$ 1.175. As oportunidades s\u00e3o para <strong>Agente de Pesquisas e Mapeamento<\/strong> (APM) e <strong>Supervisor de Coleta e Qualidade<\/strong> (SCQ).<\/p>\n<\/p>\n<p>Entre os munic\u00edpios com maior n\u00famero de vagas para APM, destacam-se:<\/p>\n<ul>\n<li>\u00a0Fortaleza (CE) \u2013 204<\/li>\n<li>\u00a0Bras\u00edlia (DF) \u2013 178<\/li>\n<li>\u00a0Belo Horizonte (MG) \u2013 182<\/li>\n<li>\u00a0Salvador (BA) \u2013 176<\/li>\n<li>\u00a0Manaus (AM) \u2013 157<\/li>\n<li>\u00a0Goi\u00e2nia (GO) \u2013 152<\/li>\n<li>\u00a0Bel\u00e9m (PA) \u2013 146<\/li>\n<li>\u00a0Cuiab\u00e1 (MT) \u2013 130<\/li>\n<li>\u00a0Porto Alegre (RS) \u2013 130<\/li>\n<li>\u00a0Rio Branco (AC) \u2013 111<\/li>\n<\/ul>\n<p>J\u00e1 para SCQ, as cidades com mais oportunidades s\u00e3o:<\/p>\n<ul>\n<li>\u00a0Belo Horizonte (MG) \u2013 29<\/li>\n<li>\u00a0Cuiab\u00e1 (MT) \u2013 29<\/li>\n<li>\u00a0Bras\u00edlia (DF) \u2013 28<\/li>\n<li>\u00a0Salvador (BA) \u2013 26<\/li>\n<li>\u00a0Goi\u00e2nia (GO) \u2013 24<\/li>\n<li>\u00a0Macei\u00f3 (AL) \u2013 21<\/li>\n<li>\u00a0Recife (PE) \u2013 20<\/li>\n<li>\u00a0Manaus (AM) \u2013 19<\/li>\n<li>\u00a0Campo Grande (MS) \u2013 18<\/li>\n<li>\u00a0Rio Branco (AC) \u2013 18<\/li>\n<li>\u00a0Curitiba (PR) \u2013 17<\/li>\n<li>\u00a0S\u00e3o Lu\u00eds (MA) \u2013 17<\/li>\n<li>\u00a0Vit\u00f3ria (ES) \u2013 16<\/li>\n<li>\u00a0Macap\u00e1 (AP) \u2013 14<\/li>\n<\/ul>\n<h2>Distribui\u00e7\u00e3o das vagas<\/h2>\n<p>Para APM, s\u00e3o 8.480 vagas, distribu\u00eddas da seguinte forma:<\/p>\n<ul>\n<li>Ampla concorr\u00eancia: 5.512<\/li>\n<li>Pretos ou pardos: 2.120 (25%)<\/li>\n<li>Ind\u00edgenas: 254 (3%)<\/li>\n<li>Quilombolas: 170 (2%)<\/li>\n<li>Pessoas com defici\u00eancia (PCD): 424 (5%)<\/li>\n<\/ul>\n<h2>Para SCQ, s\u00e3o 1.110 vagas, distribu\u00eddas assim:<\/h2>\n<ul>\n<li>Ampla concorr\u00eancia: 715<\/li>\n<li>Pretos ou pardos: 275 (25%)<\/li>\n<li>Ind\u00edgenas: 33 (3%)<\/li>\n<li>Quilombolas: 22 (2%)<\/li>\n<li>PCD: 55 (5%)<\/li>\n<\/ul>\n<p>\nSegundo o presidente do <a href=\"https:\/\/www.ibge.gov.br\/\" target=\"_blank\" rel=\"noopener\">IBGE<\/a>, Carlos Pochmann, este processo representa a retomada da capacidade operacional do instituto:\u00a0\u201cuma demanda j\u00e1 antiga, que n\u00e3o vinha sendo atendida, mas o esfor\u00e7o da atual dire\u00e7\u00e3o permitiu, junto com os Minist\u00e9rios do Planejamento e Or\u00e7amento e o Minist\u00e9rio de Gest\u00e3o e Inova\u00e7\u00e3o, a concretiza\u00e7\u00e3o desse grande concurso, de quase dez mil novos servidores que estar\u00e3o \u00e0 disposi\u00e7\u00e3o da realiza\u00e7\u00e3o do plano de trabalho do IBGE e toda a coleta que \u00e9 feita em termos nacionais. E, para isso, n\u00f3s vamos entrar ent\u00e3o nessa fase seletiva.\u201d<\/p>\n<p>As provas ser\u00e3o realizadas nas pr\u00f3prias cidades com vagas, facilitando a participa\u00e7\u00e3o dos candidatos. Al\u00e9m de refor\u00e7ar a coleta de dados estat\u00edsticos essenciais, o processo seletivo contribui para gerar empregos e movimentar a economia das cidades.<\/p>\n<p>As inscri\u00e7\u00f5es seguem at\u00e9 <strong>11 de dezembro de 2025<\/strong>, no site da <a href=\"https:\/\/portal.fgv.br\/\" target=\"_blank\" rel=\"noopener\">Funda\u00e7\u00e3o Get\u00falio Vargas (FGV)<\/a>. A sele\u00e7\u00e3o ser\u00e1 feita por prova objetiva de m\u00faltipla escolha, que ser\u00e1 aplicada no dia <strong>22 de fevereiro de 2026<\/strong>, em dois turnos: manh\u00e3 para APM e tarde para SCQ, permitindo que os candidatos participem das provas das duas fun\u00e7\u00f5es.<\/p>\n<p>As informa\u00e7\u00f5es s\u00e3o do <a href=\"https:\/\/www.ibge.gov.br\/\" target=\"_blank\" rel=\"noopener\">Instituto Brasileiro de Geografia e Estat\u00edstica<\/a>.<br \/>\n\u00a0<\/p>\n<p>\t\t\t\t\t\t\t\t\t\t<img decoding=\"async\" src=\"https:\/\/brasil61.com\/api\/v1\/serve_pixel\/22254\/86040\" alt=\"Pixel Brasil 61\" class=\"b61_pixel\" width=\"0\" height=\"0\"><\/p>\n<div class=\"br61_backlink\">\n<p>\n\t\t\t\tFonte: <a href=\"https:\/\/brasil61.com\/ibge-abre-processo-seletivo-com-9-5-mil-vagas-temporarias-grandes-capitais-concentram-mais-oportunidades-bras2515208\" title=\"Artigo Original: IBGE abre processo seletivo com 9,5 mil vagas tempor\u00e1rias; grandes capitais concentram mais oportunidades\" target=\"_blank\" rel=\"noopener\">Brasil 61<\/a>\n\t\t\t<\/p>\n<\/p><\/div>\n<input type=\"hidden\" id=\"baseurl\" value=\"https:\/\/noticiasregionais.com.br\"><input type=\"hidden\" id=\"audio_nonce\" value=\"5c13e0637f\">","protected":false},"excerpt":{"rendered":"<p>Inscri\u00e7\u00f5es v\u00e3o at\u00e9 11 de dezembro de 2025; vagas distribu\u00eddas por centenas de munic\u00edpios refor\u00e7am emprego e coleta estat\u00edstica nacional<\/p>\n","protected":false},"author":1,"featured_media":11271,"comment_status":"","ping_status":"open","sticky":false,"template":"","format":"standard","meta":{"sfsi_plus_gutenberg_text_before_share":"","sfsi_plus_gutenberg_show_text_before_share":"","sfsi_plus_gutenberg_icon_type":"","sfsi_plus_gutenberg_icon_alignemt":"","sfsi_plus_gutenburg_max_per_row":"","footnotes":""},"categories":[8],"tags":[],"class_list":["post-11270","post","type-post","status-publish","format-standard","has-post-thumbnail","hentry","category-brasil"],"_links":{"self":[{"href":"https:\/\/noticiasregionais.com.br\/index.php?rest_route=\/wp\/v2\/posts\/11270","targetHints":{"allow":["GET"]}}],"collection":[{"href":"https:\/\/noticiasregionais.com.br\/index.php?rest_route=\/wp\/v2\/posts"}],"about":[{"href":"https:\/\/noticiasregionais.com.br\/index.php?rest_route=\/wp\/v2\/types\/post"}],"author":[{"embeddable":true,"href":"https:\/\/noticiasregionais.com.br\/index.php?rest_route=\/wp\/v2\/users\/1"}],"replies":[{"embeddable":true,"href":"https:\/\/noticiasregionais.com.br\/index.php?rest_route=%2Fwp%2Fv2%2Fcomments&post=11270"}],"version-history":[{"count":0,"href":"https:\/\/noticiasregionais.com.br\/index.php?rest_route=\/wp\/v2\/posts\/11270\/revisions"}],"wp:featuredmedia":[{"embeddable":true,"href":"https:\/\/noticiasregionais.com.br\/index.php?rest_route=\/wp\/v2\/media\/11271"}],"wp:attachment":[{"href":"https:\/\/noticiasregionais.com.br\/index.php?rest_route=%2Fwp%2Fv2%2Fmedia&parent=11270"}],"wp:term":[{"taxonomy":"category","embeddable":true,"href":"https:\/\/noticiasregionais.com.br\/index.php?rest_route=%2Fwp%2Fv2%2Fcategories&post=11270"},{"taxonomy":"post_tag","embeddable":true,"href":"https:\/\/noticiasregionais.com.br\/index.php?rest_route=%2Fwp%2Fv2%2Ftags&post=11270"}],"curies":[{"name":"wp","href":"https:\/\/api.w.org\/{rel}","templated":true}]}}