{"id":11276,"date":"2025-11-26T04:25:00","date_gmt":"2025-11-26T07:25:00","guid":{"rendered":"https:\/\/noticiasregionais.com.br\/?p=11276"},"modified":"2025-11-26T04:25:00","modified_gmt":"2025-11-26T07:25:00","slug":"salario-educacao-estados-municipios-e-df-repartem-r-167-bilhao","status":"publish","type":"post","link":"https:\/\/noticiasregionais.com.br\/?p=11276","title":{"rendered":"Sal\u00e1rio-Educa\u00e7\u00e3o: estados, munic\u00edpios e DF repartem R$ 1,67 bilh\u00e3o"},"content":{"rendered":"<p>\t\t\t\t\t\t\t\t\t\t\t<audio controls class=\"b61_audio_player\" data-noticia=\"86055\" src=\"https:\/\/brasil61.com\/rails\/active_storage\/blobs\/eyJfcmFpbHMiOnsibWVzc2FnZSI6IkJBaHBBNFRFQXc9PSIsImV4cCI6bnVsbCwicHVyIjoiYmxvYl9pZCJ9fQ==--c4093c9e840489ac612df6fc06e8699e0bdd1569\/BRAS2515215A\"><\/audio><\/p>\n<p>A parcela da <strong>quota estadual e municipal do <a href=\"https:\/\/www.gov.br\/fnde\/pt-br\/acesso-a-informacao\/acoes-e-programas\/financiamento\/salario-educacao\" target=\"_blank\" rel=\"noopener\">Sal\u00e1rio-Educa\u00e7\u00e3o<\/a><\/strong>, referente \u00e0 <strong>arrecada\u00e7\u00e3o de outubro de 2025<\/strong>,<strong> foi creditada em 19 de novembro nas contas dos entes federados<\/strong>. O <strong>repasse soma R$ 1,67 bilh\u00e3o<\/strong> e eleva para R$ 19,7 bilh\u00f5es o total distribu\u00eddo neste ano pelo Fundo Nacional de Desenvolvimento da Educa\u00e7\u00e3o (<a href=\"https:\/\/www.gov.br\/fnde\/pt-br\" target=\"_blank\" rel=\"noopener\">FNDE<\/a>), vinculado ao Minist\u00e9rio da Educa\u00e7\u00e3o (<a href=\"https:\/\/www.gov.br\/mec\/pt-br\" target=\"_blank\" rel=\"noopener\">MEC<\/a>). Segundo estimativa da Pasta, a <strong>arrecada\u00e7\u00e3o anual deve atingir R$ 35,5 bilh\u00f5es<\/strong>.<\/p>\n<p>O Sal\u00e1rio-Educa\u00e7\u00e3o integra as principais fontes complementares de financiamento da educa\u00e7\u00e3o b\u00e1sica p\u00fablica. <strong>A verba<\/strong> <strong>pode ser aplicada em a\u00e7\u00f5es e investimentos:<\/strong><\/p>\n<ul>\n<li>forma\u00e7\u00e3o de profissionais;<\/li>\n<li>constru\u00e7\u00e3o, reforma e manuten\u00e7\u00e3o de escolas;<\/li>\n<li>compra de equipamentos e mobili\u00e1rios;<\/li>\n<li>aquisi\u00e7\u00e3o de materiais did\u00e1ticos;<\/li>\n<li>transporte escolar;\u00a0<\/li>\n<li>despesas com alimenta\u00e7\u00e3o escolar (autorizado pelo MEC desde junho de 2025).<\/li>\n<\/ul>\n<p>A contribui\u00e7\u00e3o do <strong>recurso corresponde ao recolhimento de 2,5% sobre a folha de pagamento das empresas vinculadas \u00e0 previd\u00eancia social<\/strong>. Do total arrecadado,<strong> 60% s\u00e3o destinados \u00e0s cotas estaduais e municipais<\/strong>, <strong>30% \u00e0 Uni\u00e3o e 10% permanecem sob gest\u00e3o do FNDE<\/strong>. Os valores chegam mensalmente \u00e0s contas dos estados, munic\u00edpios e do <a href=\"https:\/\/www.df.gov.br\/\" target=\"_blank\" rel=\"noopener\">Distrito Federal<\/a>.<\/p>\n<p>Desde 2024, a <strong>distribui\u00e7\u00e3o<\/strong> passou a seguir um <strong>crit\u00e9rio \u00fanico e equitativo<\/strong>, baseado exclusivamente no <strong>n\u00famero de matr\u00edculas da educa\u00e7\u00e3o b\u00e1sica p\u00fablica<\/strong>. Dessa forma, <strong>cada aluno recebe o mesmo valor<\/strong>, independentemente da regi\u00e3o do pa\u00eds.<\/p>\n<p><strong>VEJA MAIS:<\/strong><\/p>\n<ul>\n<li><a href=\"https:\/\/brasil61.com\/n\/salario-educacao-estados-e-municipios-devem-partilhar-r-35-5-bi-em-2025-bras2513545\" target=\"_blank\" rel=\"noopener\">Sal\u00e1rio-educa\u00e7\u00e3o: estados e munic\u00edpios devem partilhar R$ 35,5 bi em 2025<\/a><\/li>\n<\/ul>\n<p>\t\t\t\t\t\t\t\t\t\t<img decoding=\"async\" src=\"https:\/\/brasil61.com\/api\/v1\/serve_pixel\/22254\/86055\" alt=\"Pixel Brasil 61\" class=\"b61_pixel\" width=\"0\" height=\"0\"><\/p>\n<div class=\"br61_backlink\">\n<p>\n\t\t\t\tFonte: <a href=\"https:\/\/brasil61.com\/salario-educacao-estados-municipios-e-df-repartem-r-1-67-bilhao-bras2515215\" title=\"Artigo Original: Sal\u00e1rio-Educa\u00e7\u00e3o: estados, munic\u00edpios e DF repartem R$ 1,67 bilh\u00e3o\" target=\"_blank\" rel=\"noopener\">Brasil 61<\/a>\n\t\t\t<\/p>\n<\/p><\/div>\n<input type=\"hidden\" id=\"baseurl\" value=\"https:\/\/noticiasregionais.com.br\"><input type=\"hidden\" id=\"audio_nonce\" value=\"533fbb67b1\">","protected":false},"excerpt":{"rendered":"<p>Repasse referente \u00e0 arrecada\u00e7\u00e3o de outubro eleva para R$ 19,7 bilh\u00f5es o total distribu\u00eddo em 2025; verba pode ser usada em obras, transporte, capacita\u00e7\u00e3o e alimenta\u00e7\u00e3o escolar<\/p>\n","protected":false},"author":1,"featured_media":11277,"comment_status":"","ping_status":"open","sticky":false,"template":"","format":"standard","meta":{"sfsi_plus_gutenberg_text_before_share":"","sfsi_plus_gutenberg_show_text_before_share":"","sfsi_plus_gutenberg_icon_type":"","sfsi_plus_gutenberg_icon_alignemt":"","sfsi_plus_gutenburg_max_per_row":"","footnotes":""},"categories":[8],"tags":[],"class_list":["post-11276","post","type-post","status-publish","format-standard","has-post-thumbnail","hentry","category-brasil"],"_links":{"self":[{"href":"https:\/\/noticiasregionais.com.br\/index.php?rest_route=\/wp\/v2\/posts\/11276","targetHints":{"allow":["GET"]}}],"collection":[{"href":"https:\/\/noticiasregionais.com.br\/index.php?rest_route=\/wp\/v2\/posts"}],"about":[{"href":"https:\/\/noticiasregionais.com.br\/index.php?rest_route=\/wp\/v2\/types\/post"}],"author":[{"embeddable":true,"href":"https:\/\/noticiasregionais.com.br\/index.php?rest_route=\/wp\/v2\/users\/1"}],"replies":[{"embeddable":true,"href":"https:\/\/noticiasregionais.com.br\/index.php?rest_route=%2Fwp%2Fv2%2Fcomments&post=11276"}],"version-history":[{"count":0,"href":"https:\/\/noticiasregionais.com.br\/index.php?rest_route=\/wp\/v2\/posts\/11276\/revisions"}],"wp:featuredmedia":[{"embeddable":true,"href":"https:\/\/noticiasregionais.com.br\/index.php?rest_route=\/wp\/v2\/media\/11277"}],"wp:attachment":[{"href":"https:\/\/noticiasregionais.com.br\/index.php?rest_route=%2Fwp%2Fv2%2Fmedia&parent=11276"}],"wp:term":[{"taxonomy":"category","embeddable":true,"href":"https:\/\/noticiasregionais.com.br\/index.php?rest_route=%2Fwp%2Fv2%2Fcategories&post=11276"},{"taxonomy":"post_tag","embeddable":true,"href":"https:\/\/noticiasregionais.com.br\/index.php?rest_route=%2Fwp%2Fv2%2Ftags&post=11276"}],"curies":[{"name":"wp","href":"https:\/\/api.w.org\/{rel}","templated":true}]}}