{"id":11291,"date":"2025-11-27T04:05:00","date_gmt":"2025-11-27T07:05:00","guid":{"rendered":"https:\/\/noticiasregionais.com.br\/?p=11291"},"modified":"2025-11-27T04:05:00","modified_gmt":"2025-11-27T07:05:00","slug":"boi-gordo-hoje-confira-as-cotacoes-para-esta-quinta-feira-27","status":"publish","type":"post","link":"https:\/\/noticiasregionais.com.br\/?p=11291","title":{"rendered":"Boi gordo hoje: confira as cota\u00e7\u00f5es para esta\u00a0quinta-feira\u00a0(27)"},"content":{"rendered":"<p>\t\t\t\t\t\t\t\t\t\t\t<audio controls class=\"b61_audio_player\" data-noticia=\"86082\" src=\"https:\/\/brasil61.com\/rails\/active_storage\/blobs\/eyJfcmFpbHMiOnsibWVzc2FnZSI6IkJBaHBBempHQXc9PSIsImV4cCI6bnVsbCwicHVyIjoiYmxvYl9pZCJ9fQ==--329c92c88962798039216a7b8d583a9f2205db00\/PAGR255950A\"><\/audio><\/p>\n<p>O pre\u00e7o do <strong>boi gordo<\/strong> registra <strong>desvaloriza\u00e7\u00e3o\u00a0de 0,05%<\/strong> nesta\u00a0quinta-feira (27) e a arroba \u00e9 negociada a<strong> R$ 321,10<\/strong>, no estado de S\u00e3o Paulo.<\/p>\n<p><strong>INDICADOR DO BOI GORDO CEPEA\/ESALQ<\/strong><\/p>\n<\/p>\n<\/p>\n<\/p>\n<\/p>\n<table id=\"imagenet-indicador1\">\n<thead>\n<tr>\n<th>DATA<\/th>\n<th>VALOR R$*<\/th>\n<th>VAR.\/DIA<\/th>\n<th>VAR.\/M\u00caS<\/th>\n<th>VALOR US$*<\/th>\n<\/tr>\n<\/thead>\n<tbody>\n<tr>\n<td>26\/11\/2025<\/td>\n<td>321,10<\/td>\n<td>-0,05%<\/td>\n<td>0,71%<\/td>\n<td>60,18<\/td>\n<\/tr>\n<tr>\n<td>25\/11\/2025<\/td>\n<td>321,25<\/td>\n<td>-0,37%<\/td>\n<td>0,75%<\/td>\n<td>59,76<\/td>\n<\/tr>\n<tr>\n<td>24\/11\/2025<\/td>\n<td>322,45<\/td>\n<td>0,00%<\/td>\n<td>1,13%<\/td>\n<td>59,75<\/td>\n<\/tr>\n<tr>\n<td>21\/11\/2025<\/td>\n<td>322,45<\/td>\n<td>0,30%<\/td>\n<td>1,13%<\/td>\n<td>59,75<\/td>\n<\/tr>\n<tr>\n<td>19\/11\/2025<\/td>\n<td>321,50<\/td>\n<td>0,08%<\/td>\n<td>0,83%<\/td>\n<td>60,23<\/td>\n<\/tr>\n<\/tbody>\n<\/table>\n<p>\u00a0<\/p>\n<h2>Pre\u00e7o do frango congelado e resfriado<\/h2>\n<p>Nos atacados da Grande S\u00e3o Paulo, S\u00e3o Jos\u00e9 do Rio Preto e Descalvado, os pre\u00e7os do <strong>frango congelado<\/strong>\u00a0apresentaram <b>estabilidade<\/b>, assim como os do\u00a0<strong>frango resfriado<\/strong>. A primeira mercadoria \u00e9 vendida a<strong> R$ 8,11<\/strong>, enquanto a segunda \u00e9 comercializada a <strong>R$ 8,12<\/strong>.<\/p>\n<p>\u00a0<\/p>\n<p><strong>PRE\u00c7OS DO FRANGO CONGELADO CEPEA\/ESALQ &#8211; ESTADO SP\u00a0<\/strong><\/p>\n<\/p>\n<\/p>\n<\/p>\n<\/p>\n<table id=\"imagenet-indicador1\">\n<thead>\n<tr>\n<th>DATA<\/th>\n<th>VALOR R$<\/th>\n<th>VAR.\/DIA<\/th>\n<th>VAR.\/M\u00caS<\/th>\n<\/tr>\n<\/thead>\n<tbody>\n<tr>\n<td>26\/11\/2025<\/td>\n<td>8,11<\/td>\n<td>0,00%<\/td>\n<td>1,25%<\/td>\n<\/tr>\n<tr>\n<td>25\/11\/2025<\/td>\n<td>8,11<\/td>\n<td>0,00%<\/td>\n<td>1,25%<\/td>\n<\/tr>\n<tr>\n<td>24\/11\/2025<\/td>\n<td>8,11<\/td>\n<td>0,00%<\/td>\n<td>1,25%<\/td>\n<\/tr>\n<tr>\n<td>21\/11\/2025<\/td>\n<td>8,11<\/td>\n<td>0,00%<\/td>\n<td>1,25%<\/td>\n<\/tr>\n<tr>\n<td>19\/11\/2025<\/td>\n<td>8,11<\/td>\n<td>0,00%<\/td>\n<td>1,25%<\/td>\n<\/tr>\n<\/tbody>\n<\/table>\n<p>\u00a0<\/p>\n<p>\u00a0<\/p>\n<p><strong>PRE\u00c7OS DO FRANGO RESFRIADO CEPEA\/ESALQ &#8211; ESTADO SP<\/strong><\/p>\n<\/p>\n<\/p>\n<\/p>\n<\/p>\n<table id=\"imagenet-indicador2\">\n<thead>\n<tr>\n<th>DATA<\/th>\n<th>VALOR R$<\/th>\n<th>VAR.\/DIA<\/th>\n<th>VAR.\/M\u00caS<\/th>\n<\/tr>\n<\/thead>\n<tbody>\n<tr>\n<td>26\/11\/2025<\/td>\n<td>8,12<\/td>\n<td>0,00%<\/td>\n<td>0,50%<\/td>\n<\/tr>\n<tr>\n<td>25\/11\/2025<\/td>\n<td>8,12<\/td>\n<td>0,00%<\/td>\n<td>0,50%<\/td>\n<\/tr>\n<tr>\n<td>24\/11\/2025<\/td>\n<td>8,12<\/td>\n<td>0,00%<\/td>\n<td>0,50%<\/td>\n<\/tr>\n<tr>\n<td>21\/11\/2025<\/td>\n<td>8,12<\/td>\n<td>0,00%<\/td>\n<td>0,50%<\/td>\n<\/tr>\n<tr>\n<td>19\/11\/2025<\/td>\n<td>8,12<\/td>\n<td>0,00%<\/td>\n<td>0,50%<\/td>\n<\/tr>\n<\/tbody>\n<\/table>\n<p>\u00a0<\/p>\n<p>\u00a0<\/p>\n<h2>Pre\u00e7o da carca\u00e7a su\u00edna especial e do su\u00edno vivo<\/h2>\n<p>A <b>carca\u00e7a su\u00edna especial <\/b>tamb\u00e9m volta a apontar<b>\u00a0estabilidade<\/b>\u00a0no pre\u00e7o<b>,<\/b>\u00a0sendo negociada a <b>R$ 12,76\u00a0<\/b>por quilo nos atacados da Grande S\u00e3o Paulo.<\/p>\n<p>\u00a0<\/p>\n<p><strong>PRE\u00c7OS DA CARCA\u00c7A SU\u00cdNA ESPECIAL (R$\/kg)<\/strong><\/p>\n<\/p>\n<\/p>\n<\/p>\n<\/p>\n<table id=\"imagenet-indicador3\">\n<thead>\n<tr>\n<th>DATA<\/th>\n<th>M\u00c9DIA<\/th>\n<th>VAR.\/DIA<\/th>\n<th>VAR.\/M\u00caS<\/th>\n<\/tr>\n<\/thead>\n<tbody>\n<tr>\n<td>26\/11\/2025<\/td>\n<td>12,76<\/td>\n<td>0,00%<\/td>\n<td>2,99%<\/td>\n<\/tr>\n<tr>\n<td>25\/11\/2025<\/td>\n<td>12,76<\/td>\n<td>-0,39%<\/td>\n<td>2,99%<\/td>\n<\/tr>\n<tr>\n<td>24\/11\/2025<\/td>\n<td>12,81<\/td>\n<td>-0,16%<\/td>\n<td>3,39%<\/td>\n<\/tr>\n<tr>\n<td>21\/11\/2025<\/td>\n<td>12,83<\/td>\n<td>0,16%<\/td>\n<td>3,55%<\/td>\n<\/tr>\n<tr>\n<td>19\/11\/2025<\/td>\n<td>12,81<\/td>\n<td>0,00%<\/td>\n<td>3,39%<\/td>\n<\/tr>\n<\/tbody>\n<\/table>\n<p>\u00a0<\/p>\n<p>O pre\u00e7o do<strong> su\u00edno vivo<\/strong> registra <strong>estabilidade <\/strong>em <strong>Minas Gerais<\/strong>,\u00a0<strong>valoriza\u00e7\u00e3o <\/strong>de <strong>0,24%<\/strong> no\u00a0<strong>Rio Grande do Sul <\/strong>e de <strong>0,69%<\/strong> em\u00a0<strong>S\u00e3o Paulo<\/strong>, e\u00a0<strong>desvaloriza\u00e7\u00e3o\u00a0<\/strong>de <strong>0,12%<\/strong> no\u00a0<b>Paran\u00e1\u00a0<\/b>e em\u00a0<strong>Santa Catarina.<\/strong><b>\u00a0<\/b>As mercadorias variam entre\u00a0<strong>R$ 8,25\u00a0<\/strong>e<strong> R$8,81<\/strong>.<\/p>\n<p><strong>INDICADOR DO SU\u00cdNO VIVO CEPEA\/ESALQ (R$\/kg)\u00a0<\/strong><\/p>\n<\/p>\n<\/p>\n<\/p>\n<\/p>\n<table id=\"imagenet-indicador2\">\n<thead>\n<tr>\n<th>DATA<\/th>\n<th>ESTADO<\/th>\n<th>VALOR R$*<\/th>\n<th>VAR.\/DIA<\/th>\n<th>VAR.\/M\u00caS<\/th>\n<\/tr>\n<\/thead>\n<tbody>\n<tr>\n<td>26\/11\/2025<\/td>\n<td>MG &#8211; posto<\/td>\n<td>8,46<\/td>\n<td>0,00%<\/td>\n<td>2,79%<\/td>\n<\/tr>\n<tr>\n<td>26\/11\/2025<\/td>\n<td>PR &#8211; a retirar<\/td>\n<td>8,42<\/td>\n<td>-0,12%<\/td>\n<td>0,84%<\/td>\n<\/tr>\n<tr>\n<td>26\/11\/2025<\/td>\n<td>RS &#8211; a retirar<\/td>\n<td>8,38<\/td>\n<td>0,24%<\/td>\n<td>1,21%<\/td>\n<\/tr>\n<tr>\n<td>26\/11\/2025<\/td>\n<td>SC &#8211; a retirar<\/td>\n<td>8,28<\/td>\n<td>-0,12%<\/td>\n<td>0,36%<\/td>\n<\/tr>\n<tr>\n<td>26\/11\/2025<\/td>\n<td>SP &#8211; posto<\/td>\n<td>8,78<\/td>\n<td>0,69%<\/td>\n<td>0,11%<\/td>\n<\/tr>\n<\/tbody>\n<\/table>\n<p>\u00a0<\/p>\n<p>Os valores s\u00e3o do <a href=\"http:\/\/www.cepea.org.br\" target=\"_blank\" rel=\"noopener\"><strong>Cepea<\/strong><\/a>.<\/p>\n<p>\u00a0<\/p>\n<h2>O que \u00e9 o boi gordo? Entenda o termo do mercado bovino<\/h2>\n<p>O <strong>boi gordo \u00e9 o bovino macho pronto para o abate, com peso m\u00ednimo de 16 arrobas l\u00edquidas de carca\u00e7a (aproximadamente 240 kg) e at\u00e9 42 meses de idade<\/strong>. Atende aos padr\u00f5es do mercado nacional e internacional, incluindo exporta\u00e7\u00f5es para Europa, China e cota Hilton.<\/p>\n<h2>Diferen\u00e7as entre frango congelado e frango resfriado<\/h2>\n<p>O<strong> frango congelado passa por congelamento r\u00e1pido, com temperaturas abaixo de -12\u00b0C<\/strong>, garantindo maior vida \u00fatil para armazenamento e transporte a longas dist\u00e2ncias. J\u00e1 o<strong> frango resfriado \u00e9 mantido entre 0\u00b0C e 4\u00b0C, com validade de 5 a 7 dias<\/strong>, oferecendo textura e sabor mais pr\u00f3ximos do fresco, ideal para consumidores exigentes e restaurantes.<\/p>\n<p>\t\t\t\t\t\t\t\t\t\t<img decoding=\"async\" src=\"https:\/\/brasil61.com\/api\/v1\/serve_pixel\/22254\/86082\" alt=\"Pixel Brasil 61\" class=\"b61_pixel\" width=\"0\" height=\"0\"><\/p>\n<div class=\"br61_backlink\">\n<p>\n\t\t\t\tFonte: <a href=\"https:\/\/brasil61.com\/boi-gordo-hoje-confira-as-cotacoes-para-esta-quinta-feira-27-pagr255950\" title=\"Artigo Original: Boi gordo hoje: confira as cota\u00e7\u00f5es para esta\u00a0quinta-feira\u00a0(27)\" target=\"_blank\" rel=\"noopener\">Brasil 61<\/a>\n\t\t\t<\/p>\n<\/p><\/div>\n<input type=\"hidden\" id=\"baseurl\" value=\"https:\/\/noticiasregionais.com.br\"><input type=\"hidden\" id=\"audio_nonce\" value=\"533fbb67b1\">","protected":false},"excerpt":{"rendered":"<p>O pre\u00e7o do su\u00edno vivo apresenta estabilidade em MG; o frango congelado e resfriado e a carca\u00e7a su\u00edna especial se mant\u00eam est\u00e1veis<\/p>\n","protected":false},"author":1,"featured_media":11292,"comment_status":"","ping_status":"open","sticky":false,"template":"","format":"standard","meta":{"sfsi_plus_gutenberg_text_before_share":"","sfsi_plus_gutenberg_show_text_before_share":"","sfsi_plus_gutenberg_icon_type":"","sfsi_plus_gutenberg_icon_alignemt":"","sfsi_plus_gutenburg_max_per_row":"","footnotes":""},"categories":[8],"tags":[],"class_list":["post-11291","post","type-post","status-publish","format-standard","has-post-thumbnail","hentry","category-brasil"],"_links":{"self":[{"href":"https:\/\/noticiasregionais.com.br\/index.php?rest_route=\/wp\/v2\/posts\/11291","targetHints":{"allow":["GET"]}}],"collection":[{"href":"https:\/\/noticiasregionais.com.br\/index.php?rest_route=\/wp\/v2\/posts"}],"about":[{"href":"https:\/\/noticiasregionais.com.br\/index.php?rest_route=\/wp\/v2\/types\/post"}],"author":[{"embeddable":true,"href":"https:\/\/noticiasregionais.com.br\/index.php?rest_route=\/wp\/v2\/users\/1"}],"replies":[{"embeddable":true,"href":"https:\/\/noticiasregionais.com.br\/index.php?rest_route=%2Fwp%2Fv2%2Fcomments&post=11291"}],"version-history":[{"count":0,"href":"https:\/\/noticiasregionais.com.br\/index.php?rest_route=\/wp\/v2\/posts\/11291\/revisions"}],"wp:featuredmedia":[{"embeddable":true,"href":"https:\/\/noticiasregionais.com.br\/index.php?rest_route=\/wp\/v2\/media\/11292"}],"wp:attachment":[{"href":"https:\/\/noticiasregionais.com.br\/index.php?rest_route=%2Fwp%2Fv2%2Fmedia&parent=11291"}],"wp:term":[{"taxonomy":"category","embeddable":true,"href":"https:\/\/noticiasregionais.com.br\/index.php?rest_route=%2Fwp%2Fv2%2Fcategories&post=11291"},{"taxonomy":"post_tag","embeddable":true,"href":"https:\/\/noticiasregionais.com.br\/index.php?rest_route=%2Fwp%2Fv2%2Ftags&post=11291"}],"curies":[{"name":"wp","href":"https:\/\/api.w.org\/{rel}","templated":true}]}}