{"id":11293,"date":"2025-11-27T04:10:00","date_gmt":"2025-11-27T07:10:00","guid":{"rendered":"https:\/\/noticiasregionais.com.br\/?p=11293"},"modified":"2025-11-27T04:10:00","modified_gmt":"2025-11-27T07:10:00","slug":"soja-e-trigo-hoje-confira-as-cotacoes-para-esta-quinta-feira-27","status":"publish","type":"post","link":"https:\/\/noticiasregionais.com.br\/?p=11293","title":{"rendered":"Soja e trigo hoje: confira as cota\u00e7\u00f5es para esta\u00a0quinta-feira\u00a0(27)"},"content":{"rendered":"<p>\t\t\t\t\t\t\t\t\t\t\t<audio controls class=\"b61_audio_player\" data-noticia=\"86084\" src=\"https:\/\/brasil61.com\/rails\/active_storage\/blobs\/eyJfcmFpbHMiOnsibWVzc2FnZSI6IkJBaHBBemZHQXc9PSIsImV4cCI6bnVsbCwicHVyIjoiYmxvYl9pZCJ9fQ==--d9790eb526d826107eb1eaa06ffe2d84d34a5e74\/PAGR255952A\"><\/audio><\/p>\n<p>O valor da saca de 60 kg da <strong>soja <\/strong>abre esta\u00a0<strong>quinta-feira (27)\u00a0<\/strong>em <strong>alta,\u00a0<\/strong>tanto no interior do Paran\u00e1 quanto no litoral do estado, em Paranagu\u00e1.\u00a0<\/p>\n<p>Na primeira regi\u00e3o, o gr\u00e3o teve <strong>valoriza\u00e7\u00e3o de 0,04%<\/strong> e \u00e9 negociado a <strong>R$ 135,74<\/strong>; na segunda, o\u00a0<strong>ajuste <\/strong>foi <strong>de 0,44%<\/strong>, com a mercadoria cotada a <strong>R$ 141,70<\/strong>.<\/p>\n<p><strong>INDICADOR DA SOJA CEPEA\/ESALQ &#8211; PARAN\u00c1<\/strong><\/p>\n<\/p>\n<\/p>\n<\/p>\n<\/p>\n<table id=\"imagenet-indicador2\">\n<thead>\n<tr>\n<th>DATA<\/th>\n<th>VALOR R$*<\/th>\n<th>VAR.\/DIA<\/th>\n<th>VAR.\/M\u00caS<\/th>\n<th>VALOR US$*<\/th>\n<\/tr>\n<\/thead>\n<tbody>\n<tr>\n<td>26\/11\/2025<\/td>\n<td>135,74<\/td>\n<td>0,04%<\/td>\n<td>1,62%<\/td>\n<td>25,44<\/td>\n<\/tr>\n<tr>\n<td>25\/11\/2025<\/td>\n<td>135,69<\/td>\n<td>0,82%<\/td>\n<td>1,58%<\/td>\n<td>25,24<\/td>\n<\/tr>\n<tr>\n<td>24\/11\/2025<\/td>\n<td>134,58<\/td>\n<td>-0,58%<\/td>\n<td>0,75%<\/td>\n<td>24,95<\/td>\n<\/tr>\n<tr>\n<td>21\/11\/2025<\/td>\n<td>135,37<\/td>\n<td>-0,35%<\/td>\n<td>1,34%<\/td>\n<td>25,08<\/td>\n<\/tr>\n<tr>\n<td>19\/11\/2025<\/td>\n<td>135,85<\/td>\n<td>0,30%<\/td>\n<td>1,70%<\/td>\n<td>25,45<\/td>\n<\/tr>\n<\/tbody>\n<\/table>\n<p>\u00a0<\/p>\n<p><strong>INDICADOR DA SOJA CEPEA\/ESALQ &#8211; PARANAGU\u00c1<\/strong><\/p>\n<\/p>\n<\/p>\n<\/p>\n<\/p>\n<table id=\"imagenet-indicador1\">\n<thead>\n<tr>\n<th>DATA<\/th>\n<th>VALOR R$*<\/th>\n<th>VAR.\/DIA<\/th>\n<th>VAR.\/M\u00caS<\/th>\n<th>VALOR US$*<\/th>\n<\/tr>\n<\/thead>\n<tbody>\n<tr>\n<td>26\/11\/2025<\/td>\n<td>141,70<\/td>\n<td>0,44%<\/td>\n<td>1,30%<\/td>\n<td>26,55<\/td>\n<\/tr>\n<tr>\n<td>25\/11\/2025<\/td>\n<td>141,08<\/td>\n<td>0,39%<\/td>\n<td>0,86%<\/td>\n<td>26,24<\/td>\n<\/tr>\n<tr>\n<td>24\/11\/2025<\/td>\n<td>140,53<\/td>\n<td>-0,28%<\/td>\n<td>0,46%<\/td>\n<td>26,05<\/td>\n<\/tr>\n<tr>\n<td>21\/11\/2025<\/td>\n<td>140,93<\/td>\n<td>-0,54%<\/td>\n<td>0,75%<\/td>\n<td>26,11<\/td>\n<\/tr>\n<tr>\n<td>19\/11\/2025<\/td>\n<td>141,70<\/td>\n<td>0,40%<\/td>\n<td>1,30%<\/td>\n<td>26,55<\/td>\n<\/tr>\n<\/tbody>\n<\/table>\n<p>\u00a0<\/p>\n<h2>Trigo<\/h2>\n<p>O pre\u00e7o do <strong>trigo<\/strong>, por sua vez, registra <strong>valoriza\u00e7\u00e3o de 0,07% no Paran\u00e1 <\/strong>e<strong>\u00a0desvaloriza\u00e7\u00e3o de 0,75% no Rio Grande do Sul<\/strong>.<strong>\u00a0<\/strong>No primeiro estado, a tonelada\u00a0\u00e9 vendida a<strong> R$ 1.200,39<\/strong>, enquanto no segundo\u00a0\u00e9 comercializada a<strong> R$ 1.029,26<\/strong>.<\/p>\n<p><strong>PRE\u00c7O M\u00c9DIO DO TRIGO CEPEA\/ESALQ &#8211; PARAN\u00c1<\/strong><\/p>\n<\/p>\n<\/p>\n<\/p>\n<\/p>\n<table id=\"imagenet-indicador1\">\n<thead>\n<tr>\n<th>DATA<\/th>\n<th>VALOR R$\/T*<\/th>\n<th>VAR.\/DIA<\/th>\n<th>VAR.\/M\u00caS<\/th>\n<th>VALOR US$\/T*<\/th>\n<\/tr>\n<\/thead>\n<tbody>\n<tr>\n<td>26\/11\/2025<\/td>\n<td>1.200,39<\/td>\n<td>0,07%<\/td>\n<td>0,57%<\/td>\n<td>224,96<\/td>\n<\/tr>\n<tr>\n<td>25\/11\/2025<\/td>\n<td>1.199,56<\/td>\n<td>0,28%<\/td>\n<td>0,50%<\/td>\n<td>223,13<\/td>\n<\/tr>\n<tr>\n<td>24\/11\/2025<\/td>\n<td>1.196,20<\/td>\n<td>0,17%<\/td>\n<td>0,22%<\/td>\n<td>221,77<\/td>\n<\/tr>\n<tr>\n<td>21\/11\/2025<\/td>\n<td>1.194,18<\/td>\n<td>-0,45%<\/td>\n<td>0,05%<\/td>\n<td>221,27<\/td>\n<\/tr>\n<tr>\n<td>19\/11\/2025<\/td>\n<td>1.199,57<\/td>\n<td>0,21%<\/td>\n<td>0,50%<\/td>\n<td>224,72<\/td>\n<\/tr>\n<\/tbody>\n<\/table>\n<p><strong>PRE\u00c7O M\u00c9DIO DO TRIGO CEPEA\/ESALQ &#8211; RIO GRANDE DO SUL<\/strong><\/p>\n<\/p>\n<\/p>\n<\/p>\n<\/p>\n<table id=\"imagenet-indicador2\">\n<thead>\n<tr>\n<th>DATA<\/th>\n<th>VALOR R$\/T*<\/th>\n<th>VAR.\/DIA<\/th>\n<th>VAR.\/M\u00caS<\/th>\n<th>VALOR US$\/T*<\/th>\n<\/tr>\n<\/thead>\n<tbody>\n<tr>\n<td>26\/11\/2025<\/td>\n<td>1.029,26<\/td>\n<td>-0,75%<\/td>\n<td>-4,68%<\/td>\n<td>192,89<\/td>\n<\/tr>\n<tr>\n<td>25\/11\/2025<\/td>\n<td>1.037,08<\/td>\n<td>-0,21%<\/td>\n<td>-3,96%<\/td>\n<td>192,91<\/td>\n<\/tr>\n<tr>\n<td>24\/11\/2025<\/td>\n<td>1.039,30<\/td>\n<td>-0,30%<\/td>\n<td>-3,75%<\/td>\n<td>192,68<\/td>\n<\/tr>\n<tr>\n<td>21\/11\/2025<\/td>\n<td>1.042,42<\/td>\n<td>-0,17%<\/td>\n<td>-3,47%<\/td>\n<td>193,15<\/td>\n<\/tr>\n<tr>\n<td>19\/11\/2025<\/td>\n<td>1.044,16<\/td>\n<td>0,00%<\/td>\n<td>-3,30%<\/td>\n<td>195,61<\/td>\n<\/tr>\n<\/tbody>\n<\/table>\n<p>Os valores s\u00e3o do <a href=\"http:\/\/www.cepea.org.br\" target=\"_blank\" rel=\"noopener\">Cepea<\/a>.<\/p>\n<p>\u00a0<\/p>\n<h2>O que \u00e9 uma saca de soja ou de trigo? Entenda a unidade de medida no mercado de gr\u00e3os<\/h2>\n<p>A saca de soja e a saca de trigo s\u00e3o as principais unidades de comercializa\u00e7\u00e3o de gr\u00e3os no Brasil. Cada saca equivale a 60 quilos, padr\u00e3o adotado por \u00f3rg\u00e3os oficiais como a <strong>Companhia Nacional de Abastecimento (<a href=\"https:\/\/www.gov.br\/conab\/pt-br\" target=\"_blank\" rel=\"noopener\">Conab<\/a>)<\/strong>, o<strong> Minist\u00e9rio da Agricultura (<a href=\"http:\/\/www.gov.br\/agricultura\/pt-br\" target=\"_blank\" rel=\"noopener\">MAPA<\/a>)<\/strong> e o<strong> Centro de Estudos Avan\u00e7ados em Economia Aplicada (<a href=\"http:\/\/www.cepea.org.br\" target=\"_blank\" rel=\"noopener\">Cepea<\/a>)<\/strong>.<\/p>\n<p>Esse formato padronizado facilita o com\u00e9rcio da soja e do trigo, al\u00e9m de permitir um acompanhamento mais preciso das cota\u00e7\u00f5es e varia\u00e7\u00f5es de pre\u00e7os no mercado nacional.<\/p>\n<p>\t\t\t\t\t\t\t\t\t\t<img decoding=\"async\" src=\"https:\/\/brasil61.com\/api\/v1\/serve_pixel\/22254\/86084\" alt=\"Pixel Brasil 61\" class=\"b61_pixel\" width=\"0\" height=\"0\"><\/p>\n<div class=\"br61_backlink\">\n<p>\n\t\t\t\tFonte: <a href=\"https:\/\/brasil61.com\/soja-e-trigo-hoje-confira-as-cotacoes-para-esta-quinta-feira-27-pagr255952\" title=\"Artigo Original: Soja e trigo hoje: confira as cota\u00e7\u00f5es para esta\u00a0quinta-feira\u00a0(27)\" target=\"_blank\" rel=\"noopener\">Brasil 61<\/a>\n\t\t\t<\/p>\n<\/p><\/div>\n<input type=\"hidden\" id=\"baseurl\" value=\"https:\/\/noticiasregionais.com.br\"><input type=\"hidden\" id=\"audio_nonce\" value=\"533fbb67b1\">","protected":false},"excerpt":{"rendered":"<p>A soja apresenta alta no Paran\u00e1 e em Paranagu\u00e1; o trigo sofre reajustes<\/p>\n","protected":false},"author":1,"featured_media":11294,"comment_status":"","ping_status":"open","sticky":false,"template":"","format":"standard","meta":{"sfsi_plus_gutenberg_text_before_share":"","sfsi_plus_gutenberg_show_text_before_share":"","sfsi_plus_gutenberg_icon_type":"","sfsi_plus_gutenberg_icon_alignemt":"","sfsi_plus_gutenburg_max_per_row":"","footnotes":""},"categories":[8],"tags":[],"class_list":["post-11293","post","type-post","status-publish","format-standard","has-post-thumbnail","hentry","category-brasil"],"_links":{"self":[{"href":"https:\/\/noticiasregionais.com.br\/index.php?rest_route=\/wp\/v2\/posts\/11293","targetHints":{"allow":["GET"]}}],"collection":[{"href":"https:\/\/noticiasregionais.com.br\/index.php?rest_route=\/wp\/v2\/posts"}],"about":[{"href":"https:\/\/noticiasregionais.com.br\/index.php?rest_route=\/wp\/v2\/types\/post"}],"author":[{"embeddable":true,"href":"https:\/\/noticiasregionais.com.br\/index.php?rest_route=\/wp\/v2\/users\/1"}],"replies":[{"embeddable":true,"href":"https:\/\/noticiasregionais.com.br\/index.php?rest_route=%2Fwp%2Fv2%2Fcomments&post=11293"}],"version-history":[{"count":0,"href":"https:\/\/noticiasregionais.com.br\/index.php?rest_route=\/wp\/v2\/posts\/11293\/revisions"}],"wp:featuredmedia":[{"embeddable":true,"href":"https:\/\/noticiasregionais.com.br\/index.php?rest_route=\/wp\/v2\/media\/11294"}],"wp:attachment":[{"href":"https:\/\/noticiasregionais.com.br\/index.php?rest_route=%2Fwp%2Fv2%2Fmedia&parent=11293"}],"wp:term":[{"taxonomy":"category","embeddable":true,"href":"https:\/\/noticiasregionais.com.br\/index.php?rest_route=%2Fwp%2Fv2%2Fcategories&post=11293"},{"taxonomy":"post_tag","embeddable":true,"href":"https:\/\/noticiasregionais.com.br\/index.php?rest_route=%2Fwp%2Fv2%2Ftags&post=11293"}],"curies":[{"name":"wp","href":"https:\/\/api.w.org\/{rel}","templated":true}]}}