{"id":11295,"date":"2025-11-27T04:20:00","date_gmt":"2025-11-27T07:20:00","guid":{"rendered":"https:\/\/noticiasregionais.com.br\/?p=11295"},"modified":"2025-11-27T04:20:00","modified_gmt":"2025-11-27T07:20:00","slug":"seja-pro-sesi-oferece-3-mil-vagas-gratuitas-de-eja-profissionalizante-em-santa-catarina","status":"publish","type":"post","link":"https:\/\/noticiasregionais.com.br\/?p=11295","title":{"rendered":"SEJA PRO+: SESI oferece 3 mil vagas gratuitas de EJA Profissionalizante em Santa Catarina"},"content":{"rendered":"<p>\t\t\t\t\t\t\t\t\t\t\t<audio controls class=\"b61_audio_player\" data-noticia=\"86075\" src=\"https:\/\/brasil61.com\/rails\/active_storage\/blobs\/eyJfcmFpbHMiOnsibWVzc2FnZSI6IkJBaHBBeW5HQXc9PSIsImV4cCI6bnVsbCwicHVyIjoiYmxvYl9pZCJ9fQ==--641a499bfa9cec6e9052bea1c65f4947f5f6cdf6\/PIND254693A\"><\/audio><\/p>\n<p>O <strong><a href=\"https:\/\/www.portaldaindustria.com.br\/sesi\/\" target=\"_blank\" rel=\"noopener\">Servi\u00e7o Social da Ind\u00fastria (SESI)<\/a><\/strong> e o Conselho Nacional do SESI acabaram de lan\u00e7ar <strong>3 mil vagas gratuitas para a Educa\u00e7\u00e3o de Jovens e Adultos (EJA) Profissionalizante em Santa Catarina<\/strong>. A forma\u00e7\u00e3o faz parte do <strong>SEJA PRO+ Trabalho e Emprego<\/strong>, programa realizado em parceria com o <a href=\"https:\/\/www.gov.br\/trabalho-e-emprego\/pt-br\" target=\"_blank\" rel=\"noopener\">Minist\u00e9rio do Trabalho e Emprego<\/a>, que une educa\u00e7\u00e3o b\u00e1sica e qualifica\u00e7\u00e3o profissional.<\/p>\n<p>Durante o lan\u00e7amento do programa no estado, nesta quarta-feira (26), o presidente da Federa\u00e7\u00e3o das Ind\u00fastrias do Estado de Santa Catarina (FIESC), Gilberto Seleme, destacou que a iniciativa ajuda a suprir a falta de m\u00e3o de obra qualificada no estado.<\/p>\n<p>\u201cEstamos hoje em um apag\u00e3o de m\u00e3o-de-obra aqui, porque falta educa\u00e7\u00e3o e qualifica\u00e7\u00e3o. As ind\u00fastrias de Santa Catarina est\u00e3o precisando de m\u00e3o-de-obra qualificada. \u00c9 uma ind\u00fastria moderna e o SESI\/SC, juntamente com o SESI Nacional, est\u00e1 oferecendo essa qualifica\u00e7\u00e3o para o nosso futuro trabalhador da ind\u00fastria\u201d, afirmou.<\/p>\n<p>O <strong>SEJA PRO+ Trabalho e Emprego<\/strong> prioriza jovens entre <strong>18 a 29 anos<\/strong> que n\u00e3o conclu\u00edram a educa\u00e7\u00e3o b\u00e1sica no per\u00edodo regular. Segundo <strong>Roberta de Oliveira<\/strong>, gerente de projetos do Conselho Nacional do SESI, o objetivo \u00e9 abrir portas para quem est\u00e1 na informalidade.<\/p>\n<p>\u201c[O objetivo] \u00e9 emprego para quem n\u00e3o tem, para quem est\u00e1 na informalidade. A gente tamb\u00e9m sabe que o estudo promove essa melhoria, [o estudante] consegue um emprego melhor, consegue ganhar mais. Ent\u00e3o, a ideia tamb\u00e9m \u00e9 ele se movimentar na carreira, buscar uma outra carreira ou, na pr\u00f3pria carreira que ele est\u00e1, passar para um emprego melhor\u201d, esclarece.<\/p>\n<p>Uma parte das vagas ser\u00e1 destinada a pessoas atendidas por organiza\u00e7\u00f5es n\u00e3o governamentais, militares e pessoas privadas de liberdade. O restante ficar\u00e1 aberto ao p\u00fablico geral que pode se inscrever na <a href=\"https:\/\/materiais.sesisc.org.br\/matriculas-eja?utm_source=Site+SESI&amp;utm_medium=Banner-aba-educacao&amp;utm_campaign=campanha-eja-2025\" target=\"_blank\" rel=\"noopener\">p\u00e1gina da EJA do SESI\/SC<\/a> at\u00e9<strong> fevereiro de 2026<\/strong>. As vagas ser\u00e3o preenchidas por ordem de inscri\u00e7\u00e3o.<\/p>\n<h2>Forma\u00e7\u00e3o em at\u00e9 13 meses<\/h2>\n<p>Os participantes ter\u00e3o dois encontros semanais: um dedicado \u00e0 educa\u00e7\u00e3o b\u00e1sica (3h45 de dura\u00e7\u00e3o) e outro \u00e0 qualifica\u00e7\u00e3o profissional (3h30).<\/p>\n<p>De acordo com o SESI\/SC, os conhecimentos j\u00e1 adquiridos pelo aluno ao longo da vida s\u00e3o avaliados em uma prova, permitindo que ele curse apenas as disciplinas pendentes. Assim, \u00e9 poss\u00edvel <strong>concluir o Ensino Fundamental ou M\u00e9dio e obter um certificado de qualifica\u00e7\u00e3o do SENAI em at\u00e9 13 meses letivos<\/strong>.<\/p>\n<h2>Cursos<\/h2>\n<p>O SEJA PRO+ Trabalho e Emprego em Santa Catarina oferece qualifica\u00e7\u00f5es nas <strong>\u00e1reas industrial, t\u00e9cnica e de produ\u00e7\u00e3o, entre elas<\/strong>:<\/p>\n<ul>\n<li>Instalador e Reparador de Redes de Computadores (220h)<\/li>\n<li>Eletricista Instalador Residencial (160h)<\/li>\n<li>Inspetor de Qualidade (160h)<\/li>\n<li>Controlador e Programador de Produ\u00e7\u00e3o (160h)<\/li>\n<li>Desenhista de Bolsas e Artefatos (180h)<\/li>\n<li>Desenhista de Moda (220h)<\/li>\n<li>Eletricista Instalador Residencial (160h)<\/li>\n<li>Padeiro (200h)<\/li>\n<li>Desenhista Mec\u00e2nico (200h)<\/li>\n<li>Mec\u00e2nico de Manuten\u00e7\u00e3o de M\u00e1quinas Industriais (200h)<\/li>\n<li>Costureiro (160h)<\/li>\n<li>Auxiliar de Fabrica\u00e7\u00e3o de Papel (160h)<\/li>\n<li>Instalador Hidr\u00e1ulico (160h)<\/li>\n<li>Assistente de Planejamento, Programa\u00e7\u00e3o e Controle de Produ\u00e7\u00e3o (160h)<\/li>\n<\/ul>\n<p>As aulas come\u00e7am em mar\u00e7o de 2026 e ser\u00e3o realizadas nas escolas do SESI\/SC ou em unidades das institui\u00e7\u00f5es parceiras. A FIESC ainda definir\u00e1 os locais de cada curso, conforme a demanda dos inscritos.<\/p>\n<h2>Educa\u00e7\u00e3o transformadora<\/h2>\n<p>Durante o evento de lan\u00e7amento do programa em Santa Catarina, a egressa Daniela de Souza de Paula relatou sua trajet\u00f3ria como exemplo do impacto da EJA Profissionalizante. Com apenas o Ensino Fundamental conclu\u00eddo, ela retomou os estudos em 2020 e finalizou a educa\u00e7\u00e3o b\u00e1sica no ano seguinte, mesmo durante a pandemia. Hoje cursa a segunda gradua\u00e7\u00e3o e atua como coordenadora em uma institui\u00e7\u00e3o que atende crian\u00e7as e adolescentes com autismo.<\/p>\n<p>\u201cSe a <strong>educa\u00e7\u00e3o foi capaz de transformar a minha vida<\/strong>, quando tudo parecia distante, imagino o que pode realizar por tantos outros que ainda aguardam apenas <strong>uma oportunidade<\/strong>\u201d, relatou.<\/p>\n<h2>25 mil vagas em todo o Brasil<\/h2>\n<p>O SEJA PRO+ Trabalho e Emprego \u00e9 uma parceria entre o SESI Nacional, o Conselho Nacional do SESI e o Minist\u00e9rio do Trabalho e Emprego e prev\u00ea a oferta de <strong>25 mil vagas em todo o Brasil<\/strong> \u2014 3 mil em Santa Catarina e outras 22 mil nos demais estados. O programa tamb\u00e9m j\u00e1 foi lan\u00e7ado na <strong>Bahia, Rio Grande do Sul, Par\u00e1, <a href=\"https:\/\/brasil61.com\/n\/sp-sesi-abre-8-mil-vagas-gratuitas-para-eja-profissionalizante-no-estado-confira-cursos-oferecidos-pind254659\" target=\"_blank\" rel=\"noopener\">S\u00e3o Paulo<\/a> e Rond\u00f4nia<\/strong>.<\/p>\n<p>Segundo o assessor da Secretaria Executiva do Minist\u00e9rio do Trabalho e Emprego, Marcelo Marcos Benedito, o objetivo \u00e9 elevar a escolaridade e a qualifica\u00e7\u00e3o dos jovens. \u201cEstamos implantando no <a href=\"https:\/\/www.gov.br\/trabalho-e-emprego\/pt-br\/assuntos\/sistema-nacional-de-emprego-sine\" target=\"_blank\" rel=\"noopener\">Sistema Nacional de Emprego<\/a> (Sine) uma ferramenta de Intelig\u00eancia Artificial (IA). Por isso, pretendemos que as habilidades e as experi\u00eancias desse jovem sejam cruzadas e esse encaminhamento [para as vagas de emprego] seja mais assertivo\u201d, esclarece.<\/p>\n<p>\t\t\t\t\t\t\t\t\t\t<img decoding=\"async\" src=\"https:\/\/brasil61.com\/api\/v1\/serve_pixel\/22254\/86075\" alt=\"Pixel Brasil 61\" class=\"b61_pixel\" width=\"0\" height=\"0\"><\/p>\n<div class=\"br61_backlink\">\n<p>\n\t\t\t\tFonte: <a href=\"https:\/\/brasil61.com\/seja-pro-sesi-oferece-3-mil-vagas-gratuitas-de-eja-profissionalizante-em-santa-catarina-pind254693\" title=\"Artigo Original: SEJA PRO+: SESI oferece 3 mil vagas gratuitas de EJA Profissionalizante em Santa Catarina\" target=\"_blank\" rel=\"noopener\">Brasil 61<\/a>\n\t\t\t<\/p>\n<\/p><\/div>\n<input type=\"hidden\" id=\"baseurl\" value=\"https:\/\/noticiasregionais.com.br\"><input type=\"hidden\" id=\"audio_nonce\" value=\"533fbb67b1\">","protected":false},"excerpt":{"rendered":"<p>Programa SEJA PRO+ Trabalho e Emprego une educa\u00e7\u00e3o b\u00e1sica e qualifica\u00e7\u00e3o profissional e abre caminhos para inser\u00e7\u00e3o no mercado de trabalho<\/p>\n","protected":false},"author":1,"featured_media":11296,"comment_status":"","ping_status":"open","sticky":false,"template":"","format":"standard","meta":{"sfsi_plus_gutenberg_text_before_share":"","sfsi_plus_gutenberg_show_text_before_share":"","sfsi_plus_gutenberg_icon_type":"","sfsi_plus_gutenberg_icon_alignemt":"","sfsi_plus_gutenburg_max_per_row":"","footnotes":""},"categories":[8],"tags":[],"class_list":["post-11295","post","type-post","status-publish","format-standard","has-post-thumbnail","hentry","category-brasil"],"_links":{"self":[{"href":"https:\/\/noticiasregionais.com.br\/index.php?rest_route=\/wp\/v2\/posts\/11295","targetHints":{"allow":["GET"]}}],"collection":[{"href":"https:\/\/noticiasregionais.com.br\/index.php?rest_route=\/wp\/v2\/posts"}],"about":[{"href":"https:\/\/noticiasregionais.com.br\/index.php?rest_route=\/wp\/v2\/types\/post"}],"author":[{"embeddable":true,"href":"https:\/\/noticiasregionais.com.br\/index.php?rest_route=\/wp\/v2\/users\/1"}],"replies":[{"embeddable":true,"href":"https:\/\/noticiasregionais.com.br\/index.php?rest_route=%2Fwp%2Fv2%2Fcomments&post=11295"}],"version-history":[{"count":0,"href":"https:\/\/noticiasregionais.com.br\/index.php?rest_route=\/wp\/v2\/posts\/11295\/revisions"}],"wp:featuredmedia":[{"embeddable":true,"href":"https:\/\/noticiasregionais.com.br\/index.php?rest_route=\/wp\/v2\/media\/11296"}],"wp:attachment":[{"href":"https:\/\/noticiasregionais.com.br\/index.php?rest_route=%2Fwp%2Fv2%2Fmedia&parent=11295"}],"wp:term":[{"taxonomy":"category","embeddable":true,"href":"https:\/\/noticiasregionais.com.br\/index.php?rest_route=%2Fwp%2Fv2%2Fcategories&post=11295"},{"taxonomy":"post_tag","embeddable":true,"href":"https:\/\/noticiasregionais.com.br\/index.php?rest_route=%2Fwp%2Fv2%2Ftags&post=11295"}],"curies":[{"name":"wp","href":"https:\/\/api.w.org\/{rel}","templated":true}]}}