{"id":11297,"date":"2025-11-27T04:25:00","date_gmt":"2025-11-27T07:25:00","guid":{"rendered":"https:\/\/noticiasregionais.com.br\/?p=11297"},"modified":"2025-11-27T04:25:00","modified_gmt":"2025-11-27T07:25:00","slug":"aposentadoria-especial-para-agentes-de-saude-o-que-muda-e-quem-tem-direito","status":"publish","type":"post","link":"https:\/\/noticiasregionais.com.br\/?p=11297","title":{"rendered":"Aposentadoria especial para agentes de sa\u00fade: o que muda e quem tem direito"},"content":{"rendered":"<p>\t\t\t\t\t\t\t\t\t\t\t<audio controls class=\"b61_audio_player\" data-noticia=\"86065\" src=\"https:\/\/brasil61.com\/rails\/active_storage\/blobs\/eyJfcmFpbHMiOnsibWVzc2FnZSI6IkJBaHBBeEhHQXc9PSIsImV4cCI6bnVsbCwicHVyIjoiYmxvYl9pZCJ9fQ==--c2660cfd690eb9a921b60e81c25e303b1b0db3d1\/BRAS2515218A\"><\/audio><\/p>\n<p>O Plen\u00e1rio do Senado aprovou o <strong>projeto de lei complementar (<a href=\"https:\/\/www25.senado.leg.br\/web\/atividade\/materias\/-\/materia\/166054\" target=\"_blank\" rel=\"noopener\">PLP 185\/2024<\/a>)<\/strong>\u00a0que prop\u00f5e regulamentar a <strong>aposentadoria especial para agentes comunit\u00e1rios de sa\u00fade<\/strong> (ACS) e <strong>agentes de combate a endemias<\/strong> (ACE) em todo Brasil.\u00a0A regulamenta\u00e7\u00e3o estava prevista na Constitui\u00e7\u00e3o desde 1988 e agora <strong>atingir\u00e1\u00a0diretamente\u00a0mais de 400 mil agentes<\/strong> que atuam na Aten\u00e7\u00e3o Prim\u00e1ria em sa\u00fade p\u00fablica em todo o territ\u00f3rio nacional. Por\u00a0<strong>decis\u00e3o un\u00e2nime<\/strong>, o projeto agora segue para aprecia\u00e7\u00e3o da C\u00e2mara dos Deputados.<\/p>\n<h2>O que muda com a proposta<\/h2>\n<p>A proposta reconhece que esses trabalhadores est\u00e3o <strong>expostos diariamente a riscos biol\u00f3gicos<\/strong>, <strong>condi\u00e7\u00f5es adversas<\/strong> e <strong>deslocamentos constantes<\/strong>, o que justifica regras diferenciadas de aposentadoria. As principais mudan\u00e7as s\u00e3o:<\/p>\n<ul>\n<li>Idade e tempo de servi\u00e7o definidos \u2013 permite a aposentadoria com idade m\u00ednima de 52 anos para homens e 50 para mulheres, tendo ao menos 20 anos de servi\u00e7o<\/li>\n<li>Aposentados passam a receber a totalidade do sal\u00e1rio que tinham como ativos<\/li>\n<li>Os reajustes aplicados aos agentes da ativa ser\u00e3o estendidos aos aposentados<\/li>\n<li>Direito \u00e0 pens\u00e3o por morte\u00a0<\/li>\n<\/ul>\n<h2>Impacto regional e municipal<\/h2>\n<p>A aprova\u00e7\u00e3o do projeto <strong>altera os regimes pr\u00f3prios de previd\u00eancia<\/strong> e ser\u00e1 necess\u00e1ria uma <strong>reorganiza\u00e7\u00e3o administrativa e financeira<\/strong> dos estados, munic\u00edpios e do DF. Outros pontos apontam que a medida:<\/p>\n<ul>\n<li>incentiva a profissionaliza\u00e7\u00e3o, o que reduz rotatividade dentro das equipes, melhorando os indicadores de sa\u00fade e a efetividade da Aten\u00e7\u00e3o Prim\u00e1ria em n\u00edvel local;<\/li>\n<li>reduz a\u00a0sobrecarga em UPAs e hospitais; e<\/li>\n<li>promove melhoria na gest\u00e3o da sa\u00fade.<\/li>\n<\/ul>\n<h2>Impacto fiscal e &#8220;recado&#8221; ao governo<\/h2>\n<p>A an\u00e1lise do projeto ocorreu em meio a uma movimenta\u00e7\u00e3o intensa nos bastidores de Bras\u00edlia. Horas ap\u00f3s o presidente Lula <a href=\"https:\/\/brasil61.com\/n\/semana-comeca-com-tensao-no-senado-apos-indicacao-de-jorge-messias-ao-stf-bras2515187\" target=\"_blank\" rel=\"noopener\">confirmar Jorge Messias como indicado ao Supremo Tribunal Federal<\/a> \u2014 e n\u00e3o Rodrigo Pacheco, que era cotado para a vaga \u2014 o presidente do Senado, <strong>Davi Alcolumbre (Uni\u00e3o-AP), colocou o PLP em vota\u00e7\u00e3o<\/strong>.<\/p>\n<p>A decis\u00e3o chamou aten\u00e7\u00e3o, j\u00e1 que o projeto tem <strong>alto impacto fiscal<\/strong>, estimado em <strong>valores bilion\u00e1rios para os pr\u00f3ximos anos<\/strong>. Ainda assim, foi aprovado de maneira un\u00e2nime, o que se especula ser um recado pol\u00edtico no dia da indica\u00e7\u00e3o ao STF.<\/p>\n<p>As informa\u00e7\u00f5es s\u00e3o do site <a href=\"https:\/\/www12.senado.leg.br\/noticias\" target=\"_blank\" rel=\"noopener\">Senado Not\u00edcias<\/a>.<\/p>\n<p>\u00a0<\/p>\n<p>\t\t\t\t\t\t\t\t\t\t<img decoding=\"async\" src=\"https:\/\/brasil61.com\/api\/v1\/serve_pixel\/22254\/86065\" alt=\"Pixel Brasil 61\" class=\"b61_pixel\" width=\"0\" height=\"0\"><\/p>\n<div class=\"br61_backlink\">\n<p>\n\t\t\t\tFonte: <a href=\"https:\/\/brasil61.com\/aposentadoria-especial-para-agentes-de-saude-o-que-muda-e-quem-tem-direito-bras2515218\" title=\"Artigo Original: Aposentadoria especial para agentes de sa\u00fade: o que muda e quem tem direito\" target=\"_blank\" rel=\"noopener\">Brasil 61<\/a>\n\t\t\t<\/p>\n<\/p><\/div>\n<input type=\"hidden\" id=\"baseurl\" value=\"https:\/\/noticiasregionais.com.br\"><input type=\"hidden\" id=\"audio_nonce\" value=\"5c13e0637f\">","protected":false},"excerpt":{"rendered":"<p>A medida tem impacto direto para mais de 400 mil agentes que atuam na Aten\u00e7\u00e3o Prim\u00e1ria em sa\u00fade p\u00fablica no territ\u00f3rio nacional<\/p>\n","protected":false},"author":1,"featured_media":11298,"comment_status":"","ping_status":"open","sticky":false,"template":"","format":"standard","meta":{"sfsi_plus_gutenberg_text_before_share":"","sfsi_plus_gutenberg_show_text_before_share":"","sfsi_plus_gutenberg_icon_type":"","sfsi_plus_gutenberg_icon_alignemt":"","sfsi_plus_gutenburg_max_per_row":"","footnotes":""},"categories":[8],"tags":[],"class_list":["post-11297","post","type-post","status-publish","format-standard","has-post-thumbnail","hentry","category-brasil"],"_links":{"self":[{"href":"https:\/\/noticiasregionais.com.br\/index.php?rest_route=\/wp\/v2\/posts\/11297","targetHints":{"allow":["GET"]}}],"collection":[{"href":"https:\/\/noticiasregionais.com.br\/index.php?rest_route=\/wp\/v2\/posts"}],"about":[{"href":"https:\/\/noticiasregionais.com.br\/index.php?rest_route=\/wp\/v2\/types\/post"}],"author":[{"embeddable":true,"href":"https:\/\/noticiasregionais.com.br\/index.php?rest_route=\/wp\/v2\/users\/1"}],"replies":[{"embeddable":true,"href":"https:\/\/noticiasregionais.com.br\/index.php?rest_route=%2Fwp%2Fv2%2Fcomments&post=11297"}],"version-history":[{"count":0,"href":"https:\/\/noticiasregionais.com.br\/index.php?rest_route=\/wp\/v2\/posts\/11297\/revisions"}],"wp:featuredmedia":[{"embeddable":true,"href":"https:\/\/noticiasregionais.com.br\/index.php?rest_route=\/wp\/v2\/media\/11298"}],"wp:attachment":[{"href":"https:\/\/noticiasregionais.com.br\/index.php?rest_route=%2Fwp%2Fv2%2Fmedia&parent=11297"}],"wp:term":[{"taxonomy":"category","embeddable":true,"href":"https:\/\/noticiasregionais.com.br\/index.php?rest_route=%2Fwp%2Fv2%2Fcategories&post=11297"},{"taxonomy":"post_tag","embeddable":true,"href":"https:\/\/noticiasregionais.com.br\/index.php?rest_route=%2Fwp%2Fv2%2Ftags&post=11297"}],"curies":[{"name":"wp","href":"https:\/\/api.w.org\/{rel}","templated":true}]}}