{"id":11301,"date":"2025-11-27T04:50:00","date_gmt":"2025-11-27T07:50:00","guid":{"rendered":"https:\/\/noticiasregionais.com.br\/?p=11301"},"modified":"2025-11-27T04:50:00","modified_gmt":"2025-11-27T07:50:00","slug":"mpor-estabelece-diretrizes-para-novas-obrigacoes-de-concessionarias-de-aeroportos","status":"publish","type":"post","link":"https:\/\/noticiasregionais.com.br\/?p=11301","title":{"rendered":"MPor estabelece diretrizes para novas obriga\u00e7\u00f5es de concession\u00e1rias de aeroportos"},"content":{"rendered":"<p>\t\t\t\t\t\t\t\t\t\t\t<audio controls class=\"b61_audio_player\" data-noticia=\"86081\" src=\"https:\/\/brasil61.com\/rails\/active_storage\/blobs\/eyJfcmFpbHMiOnsibWVzc2FnZSI6IkJBaHBBelRHQXc9PSIsImV4cCI6bnVsbCwicHVyIjoiYmxvYl9pZCJ9fQ==--45b743cf60377313b74bb14ff2d9adcb0089c5da\/MPOR250137A\"><\/audio><\/p>\n<p>O <strong>Minist\u00e9rio de Portos e Aeroportos (<a href=\"https:\/\/www.gov.br\/portos-e-aeroportos\/pt-br\" target=\"_blank\" rel=\"noopener\">MPor<\/a>) <\/strong>anunciou, na ter\u00e7a-feira (25), uma medida que fortalece a previsibilidade regulat\u00f3ria e aprimora a gest\u00e3o dos contratos aeroportu\u00e1rios no pa\u00eds. Durante a abertura do <strong>Airport National Meeting (<a href=\"https:\/\/anm.abr.aero\/pt\/\" target=\"_blank\" rel=\"noopener\">ANM<\/a>)<\/strong> 2025, em Bras\u00edlia (DF), foi assinada uma portaria que define novos procedimentos para avaliar obriga\u00e7\u00f5es adicionais impostas \u00e0s concession\u00e1rias por outros \u00f3rg\u00e3os da administra\u00e7\u00e3o p\u00fablica federal.<\/p>\n<p>A portaria determina que o Minist\u00e9rio verifique se novas exig\u00eancias n\u00e3o previstas nos contratos de concess\u00e3o est\u00e3o alinhadas \u00e0 pol\u00edtica p\u00fablica de avia\u00e7\u00e3o civil e \u00e0s diretrizes do <strong>Fundo Nacional de Avia\u00e7\u00e3o Civil (<a href=\"https:\/\/www.gov.br\/portos-e-aeroportos\/pt-br\/assuntos\/transporte-aereo\/fnac\" target=\"_blank\" rel=\"noopener\">Fnac<\/a>)<\/strong>. O objetivo \u00e9 garantir seguran\u00e7a jur\u00eddica, evitar desequil\u00edbrios financeiros e permitir que os operadores possam ampliar servi\u00e7os com efici\u00eancia, mantendo a sustentabilidade dos contratos e a melhoria cont\u00ednua da experi\u00eancia dos usu\u00e1rios.<\/p>\n<p>Durante o evento, o ministro de Portos de Aeroportos, Silvio Costa Filho, destacou o momento estrat\u00e9gico vivido pelo setor. \u201cNunca vivenciamos um per\u00edodo t\u00e3o f\u00e9rtil para a avia\u00e7\u00e3o brasileira. Temos desafios, mas tamb\u00e9m uma agenda de oportunidades. Toda caminhada come\u00e7a com o primeiro passo\u201d, afirmou.<\/p>\n<p>Durante o evento, o secret\u00e1rio executivo do <strong>MPor<\/strong>, Tom\u00e9 Franca, refor\u00e7ou o impacto social e econ\u00f4mico da moderniza\u00e7\u00e3o cont\u00ednua dos aeroportos. \u201c\u00c9 muito bom ver a transforma\u00e7\u00e3o dessa infraestrutura gerando mais seguran\u00e7a operacional e efici\u00eancia log\u00edstica para o Brasil. Isso permite encurtar dist\u00e2ncias, otimizar o tempo das pessoas e conectar fam\u00edlias e destinos. Al\u00e9m disso, contribui para a ind\u00fastria e o transporte de carga, o que \u00e9 fundamental para o crescimento econ\u00f4mico do pa\u00eds. Deixo meu registro para parabenizar os concession\u00e1rios, os CEOs e o time de cada concession\u00e1ria, que fazem essa realidade acontecer\u201d, disse Franca.<\/p>\n<p>A partir da publica\u00e7\u00e3o da portaria, qualquer demanda da administra\u00e7\u00e3o p\u00fablica federal que gere novas obriga\u00e7\u00f5es \u00e0s concession\u00e1rias dever\u00e1 ser encaminhada para an\u00e1lise da <strong>Secretaria Nacional de Avia\u00e7\u00e3o Civil (<a href=\"https:\/\/www.gov.br\/portos-e-aeroportos\/pt-br\/assuntos\/conteudo\/aviacao\/secretaria-nacional-de-aviacao-civil\" target=\"_blank\" rel=\"noopener\">SAC<\/a>)<\/strong> do Minist\u00e9rio.<\/p>\n<p>\t\t\t\t\t\t\t\t\t\t<img decoding=\"async\" src=\"https:\/\/brasil61.com\/api\/v1\/serve_pixel\/22254\/86081\" alt=\"Pixel Brasil 61\" class=\"b61_pixel\" width=\"0\" height=\"0\"><\/p>\n<div class=\"br61_backlink\">\n<p>\n\t\t\t\tFonte: <a href=\"https:\/\/brasil61.com\/mpor-estabelece-diretrizes-para-novas-obrigacoes-de-concessionarias-de-aeroportos-mpor250137\" title=\"Artigo Original: MPor estabelece diretrizes para novas obriga\u00e7\u00f5es de concession\u00e1rias de aeroportos\" target=\"_blank\" rel=\"noopener\">Brasil 61<\/a>\n\t\t\t<\/p>\n<\/p><\/div>\n<input type=\"hidden\" id=\"baseurl\" value=\"https:\/\/noticiasregionais.com.br\"><input type=\"hidden\" id=\"audio_nonce\" value=\"5c13e0637f\">","protected":false},"excerpt":{"rendered":"<p>Portaria atende demanda do setor e cria crit\u00e9rios claros para evitar cobran\u00e7as indevidas e assegurar previsibilidade<\/p>\n","protected":false},"author":1,"featured_media":11302,"comment_status":"","ping_status":"open","sticky":false,"template":"","format":"standard","meta":{"sfsi_plus_gutenberg_text_before_share":"","sfsi_plus_gutenberg_show_text_before_share":"","sfsi_plus_gutenberg_icon_type":"","sfsi_plus_gutenberg_icon_alignemt":"","sfsi_plus_gutenburg_max_per_row":"","footnotes":""},"categories":[8],"tags":[],"class_list":["post-11301","post","type-post","status-publish","format-standard","has-post-thumbnail","hentry","category-brasil"],"_links":{"self":[{"href":"https:\/\/noticiasregionais.com.br\/index.php?rest_route=\/wp\/v2\/posts\/11301","targetHints":{"allow":["GET"]}}],"collection":[{"href":"https:\/\/noticiasregionais.com.br\/index.php?rest_route=\/wp\/v2\/posts"}],"about":[{"href":"https:\/\/noticiasregionais.com.br\/index.php?rest_route=\/wp\/v2\/types\/post"}],"author":[{"embeddable":true,"href":"https:\/\/noticiasregionais.com.br\/index.php?rest_route=\/wp\/v2\/users\/1"}],"replies":[{"embeddable":true,"href":"https:\/\/noticiasregionais.com.br\/index.php?rest_route=%2Fwp%2Fv2%2Fcomments&post=11301"}],"version-history":[{"count":0,"href":"https:\/\/noticiasregionais.com.br\/index.php?rest_route=\/wp\/v2\/posts\/11301\/revisions"}],"wp:featuredmedia":[{"embeddable":true,"href":"https:\/\/noticiasregionais.com.br\/index.php?rest_route=\/wp\/v2\/media\/11302"}],"wp:attachment":[{"href":"https:\/\/noticiasregionais.com.br\/index.php?rest_route=%2Fwp%2Fv2%2Fmedia&parent=11301"}],"wp:term":[{"taxonomy":"category","embeddable":true,"href":"https:\/\/noticiasregionais.com.br\/index.php?rest_route=%2Fwp%2Fv2%2Fcategories&post=11301"},{"taxonomy":"post_tag","embeddable":true,"href":"https:\/\/noticiasregionais.com.br\/index.php?rest_route=%2Fwp%2Fv2%2Ftags&post=11301"}],"curies":[{"name":"wp","href":"https:\/\/api.w.org\/{rel}","templated":true}]}}