{"id":11303,"date":"2025-11-27T09:40:00","date_gmt":"2025-11-27T12:40:00","guid":{"rendered":"https:\/\/noticiasregionais.com.br\/?p=11303"},"modified":"2025-11-27T09:40:00","modified_gmt":"2025-11-27T12:40:00","slug":"vice-presidente-alckmin-e-ministro-carlos-favaro-alinham-avancos-tarifarios-com-setores-de-castanhas-cafe-e-carnes","status":"publish","type":"post","link":"https:\/\/noticiasregionais.com.br\/?p=11303","title":{"rendered":"Vice-presidente Alckmin e ministro Carlos F\u00e1varo alinham avan\u00e7os tarif\u00e1rios com setores de castanhas, caf\u00e9 e carnes"},"content":{"rendered":"<p>\t\t\t\t\t\t\t\t\t\t\t<audio controls class=\"b61_audio_player\" data-noticia=\"86087\" src=\"https:\/\/brasil61.com\/rails\/active_storage\/blobs\/eyJfcmFpbHMiOnsibWVzc2FnZSI6IkJBaHBBMExHQXc9PSIsImV4cCI6bnVsbCwicHVyIjoiYmxvYl9pZCJ9fQ==--59222b4343598070230512f51e70c2307e55e627\/MAPA250021A\"><\/audio><\/p>\n<p>O vice-presidente e ministro do <b>Desenvolvimento, Ind\u00fastria, Com\u00e9rcio e Servi\u00e7os (MDIC),<\/b> Geraldo Alckmin, e o ministro da <b>Agricultura e Pecu\u00e1ria (Mapa),<\/b> Carlos F\u00e1varo, reuniram-se na ter\u00e7a-feira (25) com representantes dos setores de castanhas, caf\u00e9 e carnes para avaliar tarifas aplicadas a produtos brasileiros e consolidar <b>avan\u00e7os recentes na abertura de mercados internacionais<\/b>. O secret\u00e1rio de Com\u00e9rcio e Rela\u00e7\u00f5es Internacionais do Mapa, Luis Rua, acompanhou as agendas.<\/p>\n<p>Durante os encontros, F\u00e1varo ressaltou <b>conquistas importantes nas negocia\u00e7\u00f5es com os Estados Unidos<\/b>. \u201cNo setor de carnes e castanhas resolvemos integralmente as tarifas norte-americanas. No caf\u00e9, grande parte do problema tamb\u00e9m foi solucionada. Al\u00e9m disso, avan\u00e7amos fortemente na amplia\u00e7\u00e3o de mercados, com o esfor\u00e7o conjunto de todo o governo, a pedido do presidente Lula\u201d, afirmou.<\/p>\n<p>O ministro destacou ainda que o segmento de nozes e castanhas alcan\u00e7ou a abertura de <b>20 novos mercados dentro do conjunto de quase 500 acessos obtidos recentemente<\/b>. No setor de carnes, <b>foram 28 mercados abertos, al\u00e9m de diversas amplia\u00e7\u00f5es de habilita\u00e7\u00e3o.<\/b> \u201cAs reuni\u00f5es de hoje foram tamb\u00e9m para reconhecimento desse trabalho e para identificar pontos adicionais que ainda podem ser aprimorados, como linhas de cr\u00e9dito j\u00e1 liberadas\u201d, completou.<\/p>\n<p>Na agenda com representantes da <b>Associa\u00e7\u00e3o Brasileira de Nozes, Castanhas e Frutas Secas<\/b> foram apresentados <b>resultados positivos<\/b> ap\u00f3s o fim das tarifas impostas pelos Estados Unidos e celebraram o avan\u00e7o proporcionado pelo trabalho integrado entre<a href=\"https:\/\/www.gov.br\/mdic\/pt-br\" target=\"_blank\" rel=\"noopener\"> <b>MDIC<\/b><\/a><b>,<\/b><a href=\"https:\/\/www.gov.br\/agricultura\/pt-br\" target=\"_blank\" rel=\"noopener\"><b> Mapa<\/b><\/a><b>,<\/b><a href=\"https:\/\/www.gov.br\/mre\/pt-br\" target=\"_blank\" rel=\"noopener\"><b> Itamaraty<\/b><\/a><b> e<\/b><a href=\"https:\/\/apexbrasil.com.br\/solucoes?utm_source=google&amp;utm_medium=social&amp;utm_campaign=aon&amp;utm_term=google_search_institucional_solucoes_search_cpc_novembro&amp;utm_content=naugm-aon0540NSB2025010193190104&amp;gad_source=1&amp;gad_campaignid=23221290399&amp;gbraid=0AAAAA_Ng8IPmxo80EHFzCQ2ukOqzfC2Oj&amp;gclid=CjwKCAiA55rJBhByEiwAFkY1QE9LD1yVqemMy-40CgDNe31viuRsaHyFFgHOh8g1aV8IqTY7vw0HFxoCl38QAvD_BwE\" target=\"_blank\" rel=\"noopener\"><b> ApexBrasil.<\/b><\/a><\/p>\n<p>A agenda seguinte concentrou-se no setor cafeeiro, com foco no caf\u00e9 sol\u00favel, que ainda enfrenta barreiras tarif\u00e1rias no mercado norte-americano. Foram relatados avan\u00e7os recentes e o <b>segmento refor\u00e7ou a necessidade de ajustes para garantir maior equil\u00edbrio competitivo.<\/b><\/p>\n<p>O encerramento do dia de reuni\u00f5es foi com a Associa\u00e7\u00e3o Brasileira das Ind\u00fastrias Exportadoras de Carne (Abiec) <b>que destacou a abertura de 28 novos mercados e a consolida\u00e7\u00e3o da carne brasileira como uma das principais for\u00e7as do agroneg\u00f3cio no com\u00e9rcio internacional<\/b>. As lideran\u00e7as ressaltaram a import\u00e2ncia de manter o ritmo das negocia\u00e7\u00f5es e ampliar a previsibilidade regulat\u00f3ria para o setor exportador.\u00a0<\/p>\n<p>\t\t\t\t\t\t\t\t\t\t<img decoding=\"async\" src=\"https:\/\/brasil61.com\/api\/v1\/serve_pixel\/22254\/86087\" alt=\"Pixel Brasil 61\" class=\"b61_pixel\" width=\"0\" height=\"0\"><\/p>\n<div class=\"br61_backlink\">\n<p>\n\t\t\t\tFonte: <a href=\"https:\/\/brasil61.com\/vice-presidente-alckmin-e-ministro-carlos-favaro-alinham-avancos-tarifarios-com-setores-de-castanhas-cafe-e-carnes-mapa250021\" title=\"Artigo Original: Vice-presidente Alckmin e ministro Carlos F\u00e1varo alinham avan\u00e7os tarif\u00e1rios com setores de castanhas, caf\u00e9 e carnes\" target=\"_blank\" rel=\"noopener\">Brasil 61<\/a>\n\t\t\t<\/p>\n<\/p><\/div>\n<input type=\"hidden\" id=\"baseurl\" value=\"https:\/\/noticiasregionais.com.br\"><input type=\"hidden\" id=\"audio_nonce\" value=\"296231ceac\">","protected":false},"excerpt":{"rendered":"<p>F\u00e1varo anunciou avan\u00e7os nas exporta\u00e7\u00f5es, com a abertura de 28 novos mercados para a carne brasileira<\/p>\n","protected":false},"author":1,"featured_media":11304,"comment_status":"","ping_status":"open","sticky":false,"template":"","format":"standard","meta":{"sfsi_plus_gutenberg_text_before_share":"","sfsi_plus_gutenberg_show_text_before_share":"","sfsi_plus_gutenberg_icon_type":"","sfsi_plus_gutenberg_icon_alignemt":"","sfsi_plus_gutenburg_max_per_row":"","footnotes":""},"categories":[8],"tags":[],"class_list":["post-11303","post","type-post","status-publish","format-standard","has-post-thumbnail","hentry","category-brasil"],"_links":{"self":[{"href":"https:\/\/noticiasregionais.com.br\/index.php?rest_route=\/wp\/v2\/posts\/11303","targetHints":{"allow":["GET"]}}],"collection":[{"href":"https:\/\/noticiasregionais.com.br\/index.php?rest_route=\/wp\/v2\/posts"}],"about":[{"href":"https:\/\/noticiasregionais.com.br\/index.php?rest_route=\/wp\/v2\/types\/post"}],"author":[{"embeddable":true,"href":"https:\/\/noticiasregionais.com.br\/index.php?rest_route=\/wp\/v2\/users\/1"}],"replies":[{"embeddable":true,"href":"https:\/\/noticiasregionais.com.br\/index.php?rest_route=%2Fwp%2Fv2%2Fcomments&post=11303"}],"version-history":[{"count":0,"href":"https:\/\/noticiasregionais.com.br\/index.php?rest_route=\/wp\/v2\/posts\/11303\/revisions"}],"wp:featuredmedia":[{"embeddable":true,"href":"https:\/\/noticiasregionais.com.br\/index.php?rest_route=\/wp\/v2\/media\/11304"}],"wp:attachment":[{"href":"https:\/\/noticiasregionais.com.br\/index.php?rest_route=%2Fwp%2Fv2%2Fmedia&parent=11303"}],"wp:term":[{"taxonomy":"category","embeddable":true,"href":"https:\/\/noticiasregionais.com.br\/index.php?rest_route=%2Fwp%2Fv2%2Fcategories&post=11303"},{"taxonomy":"post_tag","embeddable":true,"href":"https:\/\/noticiasregionais.com.br\/index.php?rest_route=%2Fwp%2Fv2%2Ftags&post=11303"}],"curies":[{"name":"wp","href":"https:\/\/api.w.org\/{rel}","templated":true}]}}