{"id":11305,"date":"2025-11-27T12:00:00","date_gmt":"2025-11-27T15:00:00","guid":{"rendered":"https:\/\/noticiasregionais.com.br\/?p=11305"},"modified":"2025-11-27T12:00:00","modified_gmt":"2025-11-27T15:00:00","slug":"novo-escritorio-da-apexbrasil-em-cuiaba-mt-fortalece-comercio-exterior-do-agronegocio","status":"publish","type":"post","link":"https:\/\/noticiasregionais.com.br\/?p=11305","title":{"rendered":"Novo escrit\u00f3rio da ApexBrasil em Cuiab\u00e1 (MT) fortalece com\u00e9rcio exterior do agroneg\u00f3cio"},"content":{"rendered":"<p>\t\t\t\t\t\t\t\t\t\t\t<audio controls class=\"b61_audio_player\" data-noticia=\"86093\" src=\"https:\/\/brasil61.com\/rails\/active_storage\/blobs\/eyJfcmFpbHMiOnsibWVzc2FnZSI6IkJBaHBBMmJHQXc9PSIsImV4cCI6bnVsbCwicHVyIjoiYmxvYl9pZCJ9fQ==--b764e67a03146ac29215e3aafb47b8fc41234e86\/MAPA250022A\"><\/audio><\/p>\n<p>O ministro da Agricultura e Pecu\u00e1ria, Carlos F\u00e1varo, e o presidente da Ag\u00eancia Brasileira de Promo\u00e7\u00e3o de Exporta\u00e7\u00f5es e Investimentos <a href=\"https:\/\/apexbrasil.com.br\/solucoes?utm_source=google&amp;utm_medium=social&amp;utm_campaign=aon&amp;utm_term=google_search_institucional_solucoes_search_cpc_novembro&amp;utm_content=naugm-aon0540NSB2025010193190104&amp;gad_source=1&amp;gad_campaignid=23221290399&amp;gclid=CjwKCAiA55rJBhByEiwAFkY1QIFLUB1rfZT2g8SKeW569VU2PtQpnSk1bn0Sqh1R2oNyWQQVZ1Er9BoCYZEQAvD_BwE\" target=\"_blank\" rel=\"noopener\">(ApexBrasil)<\/a>, Jorge Viana, inauguraram na segunda-feira (24) o novo Escrit\u00f3rio da <strong>ApexBrasil<\/strong> em Cuiab\u00e1 (MT). A unidade, a primeira da ag\u00eancia no estado, funcionar\u00e1 na sede da <a href=\"https:\/\/sistemafamato.org.br\/\" target=\"_blank\" rel=\"noopener\">Federa\u00e7\u00e3o da Agricultura e Pecu\u00e1ria de Mato Grosso (Famato)<\/a> e tem como miss\u00e3o ampliar a atra\u00e7\u00e3o de investimentos estrangeiros e fortalecer o com\u00e9rcio exterior mato-grossense.<\/p>\n<p>O evento contou com a presen\u00e7a dos adidos agr\u00edcolas brasileiros, respons\u00e1veis por apoiar a manuten\u00e7\u00e3o e expans\u00e3o de mercados internacionais para o agroneg\u00f3cio nacional.<\/p>\n<p>A cria\u00e7\u00e3o do Escrit\u00f3rio da <strong>ApexBrasil<\/strong> em Mato Grosso faz parte da estrat\u00e9gia de descentraliza\u00e7\u00e3o da ag\u00eancia e refor\u00e7a o alinhamento com o Minist\u00e9rio da Agricultura e Pecu\u00e1ria. A unidade permitir\u00e1 acesso direto aos servi\u00e7os de promo\u00e7\u00e3o comercial, intelig\u00eancia de mercado e atra\u00e7\u00e3o de investimentos estrangeiros diretos, contribuindo para ampliar a presen\u00e7a do agro brasileiro no exterior.<\/p>\n<p>Durante a cerim\u00f4nia, o ministro Carlos F\u00e1varo destacou o papel estrat\u00e9gico do novo escrit\u00f3rio. &#8220;O maior produtor de alimentos do Brasil, que \u00e9 o maior do mundo, n\u00e3o tinha um escrit\u00f3rio da <strong>ApexBrasil<\/strong>. Vamos abrir um escrit\u00f3rio da <strong>ApexBrasil<\/strong> para ajudar os mato-grossenses a exportar mais e prosperar. Mato Grosso vai ganhar, os mato-grossenses v\u00e3o ganhar&#8221;, afirmou.<\/p>\n<p>F\u00e1varo ressaltou ainda a import\u00e2ncia da iniciativa como s\u00edmbolo da integra\u00e7\u00e3o entre minist\u00e9rios e a cria\u00e7\u00e3o de novas oportunidades. &#8220;A parceria constru\u00edda no governo do presidente Lula entre a <strong>ApexBrasil<\/strong>, o Minist\u00e9rio das Rela\u00e7\u00f5es Exteriores, o Minist\u00e9rio da Agricultura e o Minist\u00e9rio do Desenvolvimento, Ind\u00fastria, Com\u00e9rcio e Servi\u00e7os abre novas possibilidades de neg\u00f3cios. S\u00e3o quase 500 novos mercados da agropecu\u00e1ria brasileira ampliados nos \u00faltimos tr\u00eas anos.&#8221;<\/p>\n<p>F\u00e1varo enfatizou ainda a atua\u00e7\u00e3o conjunta da <strong>ApexBrasil<\/strong> e da rede de adidos agr\u00edcolas. &#8220;A <strong>ApexBrasil <\/strong>tem a voca\u00e7\u00e3o de aproximar o empres\u00e1rio brasileiro do comprador internacional. E o adido agr\u00edcola, ao ser demandado por uma empresa, identifica o importador no pa\u00eds de destino e promove esse encontro. Al\u00e9m disso, orienta sobre todo o procedimento exportador, documenta\u00e7\u00e3o, tarifas, quest\u00f5es sanit\u00e1rias. \u00c9 um apoio completo, que leva o neg\u00f3cio at\u00e9 acontecer&#8221;, disse.<\/p>\n<p>Encerrando sua fala, destacou a import\u00e2ncia da nova unidade para a economia regional. &#8220;Ter uma <strong>ApexBrasil<\/strong> aqui em Cuiab\u00e1, dentro da casa do produtor rural, na Famato, \u00e9 a certeza de que vamos continuar estimulando o crescimento da economia do estado, que \u00e9 o maior produtor de gr\u00e3os, fibras e carnes do Brasil.&#8221;<\/p>\n<p><strong>Expans\u00e3o internacional e reconhecimento de Mato Grosso<\/strong><br \/>\nO presidente da<strong> ApexBrasil<\/strong>, Jorge Viana, ressaltou a dimens\u00e3o da expans\u00e3o realizada pela ag\u00eancia nos \u00faltimos anos. &#8220;Estamos estruturando escrit\u00f3rios ao redor do mundo para representar quem exporta no Brasil e tamb\u00e9m para atrair investimentos. Ter agora um escrit\u00f3rio em Cuiab\u00e1 significa reconhecer que este estado tem um enorme peso no com\u00e9rcio exterior brasileiro. Um ter\u00e7o do super\u00e1vit comercial do pa\u00eds, cerca de 60 bilh\u00f5es de d\u00f3lares, vem de Mato Grosso. \u00c9 um estado que exporta muito e importa pouco. Trazer um escrit\u00f3rio para c\u00e1 \u00e9 investir no potencial de ampliar ainda mais esses resultados&#8221;, afirmou.<\/p>\n<p>Desde 2023, <strong>ApexBrasil<\/strong>, <a href=\"https:\/\/www.gov.br\/agricultura\/pt-br\" target=\"_blank\" rel=\"noopener\">Minist\u00e9rio da Agricultura e Pecu\u00e1ria (Mapa)<\/a> e Minist\u00e9rio das Rela\u00e7\u00f5es Exteriores realizaram mais de 170 a\u00e7\u00f5es internacionais em 42 pa\u00edses, movimentando cerca de 18 bilh\u00f5es de d\u00f3lares em neg\u00f3cios projetados e atendendo mais de 3 mil empresas brasileiras.<\/p>\n<p><strong>Apoio ao setor produtivo<\/strong><br \/>\nO presidente da Famato, Vilmondes Tomain, ressaltou que a presen\u00e7a da<strong> ApexBrasil<\/strong> dentro da sede da Federa\u00e7\u00e3o vai fortalecer o setor agropecu\u00e1rio e abrir novas oportunidades. &#8220;A abertura deste escrit\u00f3rio vai atrair mais investimentos e ampliar as exporta\u00e7\u00f5es. \u00c9 uma conquista importante, n\u00e3o s\u00f3 para a economia, mas para o com\u00e9rcio e para o futuro do estado. Vai beneficiar especialmente pequenos empres\u00e1rios e produtores, que agora ter\u00e3o orienta\u00e7\u00e3o para inserir seus produtos no mercado internacional&#8221;, destacou.<\/p>\n<p>Representando os adidos agr\u00edcolas, Alessandra Cruvinel, atual adida no M\u00e9xico, refor\u00e7ou o papel diplom\u00e1tico e de coopera\u00e7\u00e3o internacional desempenhado pelos adidos brasileiros. &#8220;Grande parte do nosso trabalho \u00e9 voltada \u00e0 coopera\u00e7\u00e3o. Atuamos para construir pontes, esclarecer percep\u00e7\u00f5es e mostrar que o Brasil \u00e9 um parceiro comprometido, que busca solu\u00e7\u00f5es conjuntas e rela\u00e7\u00f5es equilibradas. Trabalhamos tanto para promover investimentos de empresas brasileiras no exterior quanto para atrair investimentos dos pa\u00edses onde estamos lotados para o Brasil&#8221;.<\/p>\n<p><strong>Conv\u00eanios e investimentos<\/strong><br \/>\nDurante a cerim\u00f4nia, foram assinados conv\u00eanios estrat\u00e9gicos, totalizando mais de R$ 42 milh\u00f5es em investimentos para fortalecer a promo\u00e7\u00e3o comercial e capacitar empresas mato-grossenses entre 2026 e 2028. As iniciativas incluem:<br \/>\n\u25cf\u00a0\u00a0 \u00a0Qualifica Exporta\u00e7\u00e3o: consultoria especializada para 50 empresas com maturidade exportadora mais avan\u00e7ada.<br \/>\n\u25cf\u00a0\u00a0 \u00a0PEIEX (parceria com o Sebrae-MT): capacita\u00e7\u00e3o gratuita para 100 micro e pequenas empresas iniciarem exporta\u00e7\u00f5es.<br \/>\n\u25cf\u00a0\u00a0 \u00a0Conv\u00eanio com a UNEM: promo\u00e7\u00e3o global do etanol e farelo de milho brasileiros.<br \/>\n\u25cf\u00a0\u00a0 \u00a0Conv\u00eanio com o IBRAFE: fortalecimento da presen\u00e7a internacional do feij\u00e3o, pulses, gergelim e colheitas especiais.<br \/>\n\u25cf\u00a0\u00a0 \u00a0Conv\u00eanio com a ABRAPA: promo\u00e7\u00e3o internacional do algod\u00e3o brasileiro e avan\u00e7o em certifica\u00e7\u00f5es socioambientais.<\/p>\n<p>No total, as a\u00e7\u00f5es preparar\u00e3o 150 empresas mato-grossenses para competir com mais for\u00e7a nos mercados internacionais.<\/p>\n<p>\n\u00a0<\/p>\n<p>\t\t\t\t\t\t\t\t\t\t<img decoding=\"async\" src=\"https:\/\/brasil61.com\/api\/v1\/serve_pixel\/22254\/86093\" alt=\"Pixel Brasil 61\" class=\"b61_pixel\" width=\"0\" height=\"0\"><\/p>\n<div class=\"br61_backlink\">\n<p>\n\t\t\t\tFonte: <a href=\"https:\/\/brasil61.com\/novo-escritorio-da-apexbrasil-em-cuiaba-mt-fortalece-comercio-exterior-do-agronegocio-mapa250022\" title=\"Artigo Original: Novo escrit\u00f3rio da ApexBrasil em Cuiab\u00e1 (MT) fortalece com\u00e9rcio exterior do agroneg\u00f3cio\" target=\"_blank\" rel=\"noopener\">Brasil 61<\/a>\n\t\t\t<\/p>\n<\/p><\/div>\n<input type=\"hidden\" id=\"baseurl\" value=\"https:\/\/noticiasregionais.com.br\"><input type=\"hidden\" id=\"audio_nonce\" value=\"5c13e0637f\">","protected":false},"excerpt":{"rendered":"<p>Estado respons\u00e1vel por um ter\u00e7o do super\u00e1vit nacional passa a contar com servi\u00e7os diretos de promo\u00e7\u00e3o comercial, intelig\u00eancia de mercado e atra\u00e7\u00e3o de investimentos<\/p>\n","protected":false},"author":1,"featured_media":11306,"comment_status":"","ping_status":"open","sticky":false,"template":"","format":"standard","meta":{"sfsi_plus_gutenberg_text_before_share":"","sfsi_plus_gutenberg_show_text_before_share":"","sfsi_plus_gutenberg_icon_type":"","sfsi_plus_gutenberg_icon_alignemt":"","sfsi_plus_gutenburg_max_per_row":"","footnotes":""},"categories":[8],"tags":[],"class_list":["post-11305","post","type-post","status-publish","format-standard","has-post-thumbnail","hentry","category-brasil"],"_links":{"self":[{"href":"https:\/\/noticiasregionais.com.br\/index.php?rest_route=\/wp\/v2\/posts\/11305","targetHints":{"allow":["GET"]}}],"collection":[{"href":"https:\/\/noticiasregionais.com.br\/index.php?rest_route=\/wp\/v2\/posts"}],"about":[{"href":"https:\/\/noticiasregionais.com.br\/index.php?rest_route=\/wp\/v2\/types\/post"}],"author":[{"embeddable":true,"href":"https:\/\/noticiasregionais.com.br\/index.php?rest_route=\/wp\/v2\/users\/1"}],"replies":[{"embeddable":true,"href":"https:\/\/noticiasregionais.com.br\/index.php?rest_route=%2Fwp%2Fv2%2Fcomments&post=11305"}],"version-history":[{"count":0,"href":"https:\/\/noticiasregionais.com.br\/index.php?rest_route=\/wp\/v2\/posts\/11305\/revisions"}],"wp:featuredmedia":[{"embeddable":true,"href":"https:\/\/noticiasregionais.com.br\/index.php?rest_route=\/wp\/v2\/media\/11306"}],"wp:attachment":[{"href":"https:\/\/noticiasregionais.com.br\/index.php?rest_route=%2Fwp%2Fv2%2Fmedia&parent=11305"}],"wp:term":[{"taxonomy":"category","embeddable":true,"href":"https:\/\/noticiasregionais.com.br\/index.php?rest_route=%2Fwp%2Fv2%2Fcategories&post=11305"},{"taxonomy":"post_tag","embeddable":true,"href":"https:\/\/noticiasregionais.com.br\/index.php?rest_route=%2Fwp%2Fv2%2Ftags&post=11305"}],"curies":[{"name":"wp","href":"https:\/\/api.w.org\/{rel}","templated":true}]}}