{"id":1131,"date":"2023-11-09T22:21:36","date_gmt":"2023-11-10T01:21:36","guid":{"rendered":"https:\/\/noticiasregionais.com.br\/?p=1131"},"modified":"2023-11-09T22:21:48","modified_gmt":"2023-11-10T01:21:48","slug":"contribuintes-de-sp-poderao-parcelar-debitos-inscritos-em-divida-ativa-em-ate-145-vezes","status":"publish","type":"post","link":"https:\/\/noticiasregionais.com.br\/?p=1131","title":{"rendered":"Contribuintes de SP poder\u00e3o parcelar d\u00e9bitos inscritos em d\u00edvida ativa em at\u00e9 145 vezes"},"content":{"rendered":"\n<p class=\"has-text-align-center\"><strong>Sancionado pelo governador, programa Acordo Paulista permite que d\u00edvidas de dif\u00edcil recupera\u00e7\u00e3o tenham descontos nas multas e juros em 2024<\/strong><\/p>\n\n\n\n<p>Foi sancionado pelo governador Tarc\u00edsio de Freitas projeto de lei que cria o \u201cAcordo Paulista\u201d, programa do Governo de S\u00e3o Paulo para inova\u00e7\u00e3o da transa\u00e7\u00e3o tribut\u00e1ria no Estado e que permite o parcelamento de d\u00e9bitos inscritos em d\u00edvida ativa em at\u00e9 145 vezes.<\/p>\n\n\n\n<p>A proposta desenvolvida pela Procuradoria Geral do Estado de S\u00e3o Paulo (PGE) e aprovada pela Assembleia Legislativa do Estado (Alesp) refor\u00e7a a estrat\u00e9gia do governo paulista em estimular a cria\u00e7\u00e3o de ambientes de concilia\u00e7\u00e3o, que promovam a diminui\u00e7\u00e3o da litig\u00e2ncia no Estado.<\/p>\n\n\n\n<p>Por meio do novo programa ser\u00e1 poss\u00edvel aceitar cr\u00e9ditos em precat\u00f3rios e cr\u00e9ditos acumulados de ICMS, estabelecendo um ambiente jur\u00eddico favor\u00e1vel \u00e0 conformidade fiscal dos contribuintes.<\/p>\n\n\n\n<p><strong>Descontos e parcelamento<\/strong><br>O Acordo Paulista prev\u00ea que os d\u00e9bitos inscritos em d\u00edvida ativa de dif\u00edcil recupera\u00e7\u00e3o tenham descontos nas multas, juros e demais acr\u00e9scimos legais at\u00e9 o limite de 65% do valor total transacionado. Pessoas f\u00edsicas, microempresas, empresas de pequeno porte e empresas em recupera\u00e7\u00e3o judicial poder\u00e3o obter descontos de at\u00e9 70% do valor total transacionado, com pagamento em at\u00e9 145 parcelas.<\/p>\n\n\n\n<p>Para os demais casos, o pagamento de d\u00e9bito poder\u00e1 ser feito em at\u00e9 120 parcelas, utilizando cr\u00e9ditos em precat\u00f3rios e acumulados de ICMS. Outro benef\u00edcio \u00e9 a possibilidade de negocia\u00e7\u00e3o de d\u00e9bitos de pequenos valores e de d\u00edvidas referentes a a\u00e7\u00f5es jur\u00eddicas relevantes.<\/p>\n\n\n\n<p>De acordo com a procuradora geral do Estado de S\u00e3o Paulo, In\u00eas Maria dos Santos Coimbra, o Acordo Paulista movimenta a m\u00e1quina p\u00fablica concentrando for\u00e7as e recursos com foco na obten\u00e7\u00e3o de resultados mais eficazes. \u201c\u00c9 uma proposta que apresenta condi\u00e7\u00f5es muito mais interessantes aos contribuintes, moderniza a transa\u00e7\u00e3o tribut\u00e1ria e refor\u00e7a a t\u00e9cnica de \u2018consensualidade\u2019, permitindo que alguns temas possam ser resolvidos de modo administrativo e consensual\u201d, destaca.<\/p>\n\n\n\n<p>\u201cCom esse novo modelo de transa\u00e7\u00e3o ser\u00e1 poss\u00edvel identificar devedores que t\u00eam efetivo interesse em regularizar seus d\u00e9bitos inscritos em d\u00edvida ativa estadual, reservando os atos de penhora judicial apenas \u00e0queles que n\u00e3o queiram participar do Acordo Paulista\u201d, complementa o subprocurador geral do Contencioso Tribut\u00e1rio-Fiscal, Danilo Barth Pires.<\/p>\n\n\n\n<p>Para a moderniza\u00e7\u00e3o da cobran\u00e7a da d\u00edvida ativa est\u00e3o previstos, ainda, o ajuizamento seletivo de execu\u00e7\u00e3o fiscal, o redirecionamento administrativo da cobran\u00e7a, a averba\u00e7\u00e3o premonit\u00f3ria da certid\u00e3o da d\u00edvida ativa, a regulamenta\u00e7\u00e3o de neg\u00f3cios jur\u00eddicos processuais e o cadastro fiscal positivo.<\/p>\n\n\n\n<p>A Lei n\u00ba 17.843, de 7 de novembro de 2023, entrar\u00e1 em vig\u00eancia no prazo de 90 (noventa) dias ap\u00f3s a publica\u00e7\u00e3o. A implanta\u00e7\u00e3o desse novo modelo de transa\u00e7\u00e3o para os d\u00e9bitos de ICMS ainda depender\u00e1 de autoriza\u00e7\u00e3o do Conselho Nacional de Pol\u00edtica Fazend\u00e1ria (CONFAZ).<\/p>\n<input type=\"hidden\" id=\"baseurl\" value=\"https:\/\/noticiasregionais.com.br\"><input type=\"hidden\" id=\"audio_nonce\" value=\"533fbb67b1\">","protected":false},"excerpt":{"rendered":"<p>Sancionado pelo governador, programa Acordo Paulista permite que d\u00edvidas de dif\u00edcil recupera\u00e7\u00e3o tenham descontos nas multas e juros em 2024&hellip;<\/p>\n","protected":false},"author":1,"featured_media":1132,"comment_status":"closed","ping_status":"open","sticky":false,"template":"","format":"standard","meta":{"sfsi_plus_gutenberg_text_before_share":"","sfsi_plus_gutenberg_show_text_before_share":"","sfsi_plus_gutenberg_icon_type":"","sfsi_plus_gutenberg_icon_alignemt":"","sfsi_plus_gutenburg_max_per_row":"","footnotes":""},"categories":[6,10,1],"tags":[],"class_list":["post-1131","post","type-post","status-publish","format-standard","has-post-thumbnail","hentry","category-sao_paulo","category-destaques","category-noticias"],"_links":{"self":[{"href":"https:\/\/noticiasregionais.com.br\/index.php?rest_route=\/wp\/v2\/posts\/1131","targetHints":{"allow":["GET"]}}],"collection":[{"href":"https:\/\/noticiasregionais.com.br\/index.php?rest_route=\/wp\/v2\/posts"}],"about":[{"href":"https:\/\/noticiasregionais.com.br\/index.php?rest_route=\/wp\/v2\/types\/post"}],"author":[{"embeddable":true,"href":"https:\/\/noticiasregionais.com.br\/index.php?rest_route=\/wp\/v2\/users\/1"}],"replies":[{"embeddable":true,"href":"https:\/\/noticiasregionais.com.br\/index.php?rest_route=%2Fwp%2Fv2%2Fcomments&post=1131"}],"version-history":[{"count":1,"href":"https:\/\/noticiasregionais.com.br\/index.php?rest_route=\/wp\/v2\/posts\/1131\/revisions"}],"predecessor-version":[{"id":1133,"href":"https:\/\/noticiasregionais.com.br\/index.php?rest_route=\/wp\/v2\/posts\/1131\/revisions\/1133"}],"wp:featuredmedia":[{"embeddable":true,"href":"https:\/\/noticiasregionais.com.br\/index.php?rest_route=\/wp\/v2\/media\/1132"}],"wp:attachment":[{"href":"https:\/\/noticiasregionais.com.br\/index.php?rest_route=%2Fwp%2Fv2%2Fmedia&parent=1131"}],"wp:term":[{"taxonomy":"category","embeddable":true,"href":"https:\/\/noticiasregionais.com.br\/index.php?rest_route=%2Fwp%2Fv2%2Fcategories&post=1131"},{"taxonomy":"post_tag","embeddable":true,"href":"https:\/\/noticiasregionais.com.br\/index.php?rest_route=%2Fwp%2Fv2%2Ftags&post=1131"}],"curies":[{"name":"wp","href":"https:\/\/api.w.org\/{rel}","templated":true}]}}