{"id":11311,"date":"2025-11-28T04:00:00","date_gmt":"2025-11-28T07:00:00","guid":{"rendered":"https:\/\/noticiasregionais.com.br\/?p=11311"},"modified":"2025-11-28T04:00:00","modified_gmt":"2025-11-28T07:00:00","slug":"cafe-hoje-confira-as-cotacoes-para-sexta-feira-28","status":"publish","type":"post","link":"https:\/\/noticiasregionais.com.br\/?p=11311","title":{"rendered":"Caf\u00e9 hoje: confira as cota\u00e7\u00f5es para sexta-feira (28)"},"content":{"rendered":"<p>\t\t\t\t\t\t\t\t\t\t\t<audio controls class=\"b61_audio_player\" data-noticia=\"86096\" src=\"https:\/\/brasil61.com\/rails\/active_storage\/blobs\/eyJfcmFpbHMiOnsibWVzc2FnZSI6IkJBaHBBMXpIQXc9PSIsImV4cCI6bnVsbCwicHVyIjoiYmxvYl9pZCJ9fQ==--419a01fcef7ead3be329f0aa8fb9f6e422c603b0\/PAGR255953A\"><\/audio><\/p>\n<p>O pre\u00e7o do <strong>caf\u00e9 ar\u00e1bica<\/strong>\u00a0abre\u00a0esta sexta-feira (28) em\u00a0<strong>alta de 0,11%<\/strong>, com a saca de 60 kg negociada a <strong>R$ 2.241,53\u00a0<\/strong>na cidade de S\u00e3o Paulo.<\/p>\n<\/p>\n<p><b>INDICADOR DO CAF\u00c9 AR\u00c1BICA CEPEA\/ESALQ<\/b><\/p>\n<table>\n<thead>\n<tr>\n<th>Data<\/th>\n<th>Valor R$<\/th>\n<th>Var.\/Dia<\/th>\n<th>Var.\/M\u00eas<\/th>\n<th>Valor US$<\/th>\n<\/tr>\n<\/thead>\n<tbody>\n<tr>\n<td>27\/11\/2025<\/td>\n<td>2.241,53<\/td>\n<td>0,11%<\/td>\n<td>1,58%<\/td>\n<td>418,67<\/td>\n<\/tr>\n<tr>\n<td>26\/11\/2025<\/td>\n<td>2.239,07<\/td>\n<td>-0,49%<\/td>\n<td>1,47%<\/td>\n<td>419,62<\/td>\n<\/tr>\n<tr>\n<td>25\/11\/2025<\/td>\n<td>2.250,10<\/td>\n<td>2,33%<\/td>\n<td>1,97%<\/td>\n<td>418,55<\/td>\n<\/tr>\n<tr>\n<td>24\/11\/2025<\/td>\n<td>2.198,88<\/td>\n<td>0,79%<\/td>\n<td>-0,35%<\/td>\n<td>407,65<\/td>\n<\/tr>\n<tr>\n<td>21\/11\/2025<\/td>\n<td>2.181,70<\/td>\n<td>-2,26%<\/td>\n<td>-1,13%<\/td>\n<td>404,24<\/td>\n<\/tr>\n<\/tbody>\n<\/table>\n<p>O <strong>caf\u00e9 robusta<\/strong>\u00a0apresentou\u00a0<strong>lev\u00edssima alta\u00a0de 0,02%<\/strong> no pre\u00e7o, sendo comercializado a <strong>R$ 1.397,26<\/strong>.<\/p>\n<p><b>INDICADOR DO CAF\u00c9 ROBUSTA CEPEA\/ESALQ<\/b><\/p>\n<table>\n<thead>\n<tr>\n<th>Data<\/th>\n<th>Valor R$<\/th>\n<th>Var.\/Dia<\/th>\n<th>Var.\/M\u00eas<\/th>\n<th>Valor US$<\/th>\n<\/tr>\n<\/thead>\n<tbody>\n<tr>\n<td>27\/11\/2025<\/td>\n<td>1.397,26<\/td>\n<td>0,02%<\/td>\n<td>-0,62%<\/td>\n<td>260,98<\/td>\n<\/tr>\n<tr>\n<td>26\/11\/2025<\/td>\n<td>1.396,99<\/td>\n<td>-0,05%<\/td>\n<td>-0,63%<\/td>\n<td>261,80<\/td>\n<\/tr>\n<tr>\n<td>25\/11\/2025<\/td>\n<td>1.397,67<\/td>\n<td>1,76%<\/td>\n<td>-0,59%<\/td>\n<td>259,98<\/td>\n<\/tr>\n<tr>\n<td>24\/11\/2025<\/td>\n<td>1.373,50<\/td>\n<td>1,95%<\/td>\n<td>-2,31%<\/td>\n<td>254,63<\/td>\n<\/tr>\n<tr>\n<td>21\/11\/2025<\/td>\n<td>1.347,28<\/td>\n<td>-3,04%<\/td>\n<td>-4,17%<\/td>\n<td>249,64<\/td>\n<\/tr>\n<\/tbody>\n<\/table>\n<h2>A\u00e7\u00facar<\/h2>\n<p>J\u00e1 o pre\u00e7o do <strong>a\u00e7\u00facar cristal<\/strong> apresenta <strong>reajuste\u00a0nas principais pra\u00e7as do estado de S\u00e3o Paulo<\/strong>. Na <strong>capital<\/strong>, a saca de 50 kg aponta <strong>alta\u00a0de 0,44%<\/strong>, cotada a <strong>R$ 107,45<\/strong>.<\/p>\n<p><b>INDICADOR DO A\u00c7\u00daCAR CRISTAL BRANCO CEPEA\/ESALQ &#8211; S\u00c3O PAULO<\/b><\/p>\n<table>\n<thead>\n<tr>\n<th>Data<\/th>\n<th>Valor R$*<\/th>\n<th>Var.\/Dia<\/th>\n<th>Var.\/M\u00eas<\/th>\n<th>Valor US$*<\/th>\n<\/tr>\n<\/thead>\n<tbody>\n<tr>\n<td>27\/11\/2025<\/td>\n<td>107,45<\/td>\n<td>0,44%<\/td>\n<td>-5,46%<\/td>\n<td>20,07<\/td>\n<\/tr>\n<tr>\n<td>26\/11\/2025<\/td>\n<td>106,98<\/td>\n<td>1,38%<\/td>\n<td>-5,87%<\/td>\n<td>20,05<\/td>\n<\/tr>\n<tr>\n<td>25\/11\/2025<\/td>\n<td>105,52<\/td>\n<td>-0,57%<\/td>\n<td>-7,15%<\/td>\n<td>19,63<\/td>\n<\/tr>\n<tr>\n<td>24\/11\/2025<\/td>\n<td>106,12<\/td>\n<td>-0,36%<\/td>\n<td>-6,63%<\/td>\n<td>19,67<\/td>\n<\/tr>\n<tr>\n<td>21\/11\/2025<\/td>\n<td>106,50<\/td>\n<td>-0,29%<\/td>\n<td>-6,29%<\/td>\n<td>19,73<\/td>\n<\/tr>\n<\/tbody>\n<\/table>\n<p>Em <strong>Santos (SP)<\/strong>, a mercadoria \u00e9 negociada a <strong>R$ 115,05<\/strong>, ap\u00f3s<strong>\u00a0recuo de 0,60%<\/strong> na m\u00e9dia de pre\u00e7os sem impostos.<\/p>\n<p><b>INDICADOR A\u00c7\u00daCAR CRISTAL &#8211; SANTOS<\/b><\/p>\n<table>\n<thead>\n<tr>\n<th>Data<\/th>\n<th>Valor R$*<\/th>\n<th>Var.\/Dia<\/th>\n<th>Var.\/M\u00eas<\/th>\n<th>Valor US$*<\/th>\n<\/tr>\n<\/thead>\n<tbody>\n<tr>\n<td>27\/11\/2025<\/td>\n<td>115,05<\/td>\n<td>-0,60%<\/td>\n<td>5,65%<\/td>\n<td>21,51<\/td>\n<\/tr>\n<tr>\n<td>26\/11\/2025<\/td>\n<td>115,74<\/td>\n<td>0,93%<\/td>\n<td>6,28%<\/td>\n<td>21,56<\/td>\n<\/tr>\n<tr>\n<td>25\/11\/2025<\/td>\n<td>114,67<\/td>\n<td>0,17%<\/td>\n<td>5,30%<\/td>\n<td>21,30<\/td>\n<\/tr>\n<tr>\n<td>24\/11\/2025<\/td>\n<td>114,48<\/td>\n<td>0,32%<\/td>\n<td>5,12%<\/td>\n<td>21,22<\/td>\n<\/tr>\n<tr>\n<td>21\/11\/2025<\/td>\n<td>114,12<\/td>\n<td>2,12%<\/td>\n<td>4,79%<\/td>\n<td>21,17<\/td>\n<\/tr>\n<\/tbody>\n<\/table>\n<h2>Milho<\/h2>\n<p>A saca de 60 kg do <strong>milho<\/strong>, por sua vez, \u00e9 vendida a <strong>R$ 68,62<\/strong>, ap\u00f3s<strong> alta de 0,32%<\/strong>.<\/p>\n<p><b>INDICADOR DO MILHO ESALQ\/BM&amp;FBOVESPA<\/b><\/p>\n<table>\n<thead>\n<tr>\n<th>Data<\/th>\n<th>Valor R$*<\/th>\n<th>Var.\/Dia<\/th>\n<th>Var.\/M\u00eas<\/th>\n<th>Valor US$*<\/th>\n<\/tr>\n<\/thead>\n<tbody>\n<tr>\n<td>27\/11\/2025<\/td>\n<td>68,62<\/td>\n<td>0,32%<\/td>\n<td>3,73%<\/td>\n<td>12,82<\/td>\n<\/tr>\n<tr>\n<td>26\/11\/2025<\/td>\n<td>68,40<\/td>\n<td>0,23%<\/td>\n<td>3,40%<\/td>\n<td>12,82<\/td>\n<\/tr>\n<tr>\n<td>25\/11\/2025<\/td>\n<td>68,24<\/td>\n<td>0,62%<\/td>\n<td>3,16%<\/td>\n<td>12,69<\/td>\n<\/tr>\n<tr>\n<td>24\/11\/2025<\/td>\n<td>67,82<\/td>\n<td>0,22%<\/td>\n<td>2,52%<\/td>\n<td>12,57<\/td>\n<\/tr>\n<tr>\n<td>21\/11\/2025<\/td>\n<td>67,67<\/td>\n<td>0,04%<\/td>\n<td>2,30%<\/td>\n<td>12,54<\/td>\n<\/tr>\n<\/tbody>\n<\/table>\n<p>Os dados s\u00e3o do <a href=\"https:\/\/www.cepea.org.br\/br\/indicador\/milho.aspx\" target=\"_blank\" rel=\"noopener\">Cepea<\/a>.<\/p>\n<h2>Diferen\u00e7a entre caf\u00e9 ar\u00e1bica e caf\u00e9 robusta: caracter\u00edsticas, uso e regi\u00f5es produtoras<\/h2>\n<p>Caf\u00e9 ar\u00e1bica e caf\u00e9 robusta s\u00e3o as duas principais variedades cultivadas e comercializadas no Brasil, ambas medidas em sacas de 60 kg.<\/p>\n<ul>\n<li>O caf\u00e9 ar\u00e1bica (conhecido tamb\u00e9m como caf\u00e9 Conilon, em algumas regi\u00f5es) tem sabor mais suave, menor teor de cafe\u00edna e alta qualidade sensorial, sendo preferido em cafeterias especializadas e nas exporta\u00e7\u00f5es de caf\u00e9s premium. Representa cerca de 70% da produ\u00e7\u00e3o brasileira, com destaque para estados como Minas Gerais e S\u00e3o Paulo.<\/li>\n<li>O caf\u00e9 robusta, por sua vez, possui sabor mais amargo, maior concentra\u00e7\u00e3o de cafe\u00edna e corpo mais intenso. \u00c9 amplamente utilizado na produ\u00e7\u00e3o de caf\u00e9 sol\u00favel e blends comerciais. Seus principais polos produtores s\u00e3o o Esp\u00edrito Santo e Rond\u00f4nia, e seu pre\u00e7o costuma ser mais baixo em compara\u00e7\u00e3o ao ar\u00e1bica, por conta do perfil mais industrial.<\/li>\n<\/ul>\n<h2>Como \u00e9 calculada a saca de a\u00e7\u00facar cristal?<\/h2>\n<p>A saca de a\u00e7\u00facar cristal no Brasil \u00e9 padronizada em 50 quilos, especialmente para comercializa\u00e7\u00e3o no mercado atacadista e para uso na ind\u00fastria aliment\u00edcia. Essa unidade de medida \u00e9 adotada pelo<a href=\"https:\/\/www.cepea.org.br\/br\/indicador\/milho.aspx\" target=\"_blank\" rel=\"noopener\"> Cepea\/Esalq-USP,<\/a> principal fonte de cota\u00e7\u00f5es di\u00e1rias do a\u00e7\u00facar cristal no pa\u00eds.<\/p>\n<h2>Qual o peso da saca de milho no Brasil?<\/h2>\n<p>A saca de milho equivale a 60 kg de gr\u00e3os, mesmo padr\u00e3o utilizado para soja e trigo. Essa medida \u00e9 oficializada por institui\u00e7\u00f5es como a <a href=\"https:\/\/www.gov.br\/conab\/pt-br\" target=\"_blank\" rel=\"noopener\">Companhia Nacional de Abastecimento (Conab)<\/a>, o <a href=\"https:\/\/www.gov.br\/agricultura\/pt-br\" target=\"_blank\" rel=\"noopener\">Minist\u00e9rio da Agricultura (MAPA)<\/a> e o <a href=\"https:\/\/www.cepea.org.br\/br\/indicador\/milho.aspx\" target=\"_blank\" rel=\"noopener\">Cepea<\/a>, sendo amplamente usada em negocia\u00e7\u00f5es e relat\u00f3rios de pre\u00e7o do milho.<br \/>\n\u00a0<\/p>\n<p>\t\t\t\t\t\t\t\t\t\t<img decoding=\"async\" src=\"https:\/\/brasil61.com\/api\/v1\/serve_pixel\/22254\/86096\" alt=\"Pixel Brasil 61\" class=\"b61_pixel\" width=\"0\" height=\"0\"><\/p>\n<div class=\"br61_backlink\">\n<p>\n\t\t\t\tFonte: <a href=\"https:\/\/brasil61.com\/cafe-hoje-confira-as-cotacoes-para-sexta-feira-28-pagr255953\" title=\"Artigo Original: Caf\u00e9 hoje: confira as cota\u00e7\u00f5es para sexta-feira (28)\" target=\"_blank\" rel=\"noopener\">Brasil 61<\/a>\n\t\t\t<\/p>\n<\/p><\/div>\n<input type=\"hidden\" id=\"baseurl\" value=\"https:\/\/noticiasregionais.com.br\"><input type=\"hidden\" id=\"audio_nonce\" value=\"533fbb67b1\">","protected":false},"excerpt":{"rendered":"<p>O caf\u00e9 e o milho apresentam valoriza\u00e7\u00e3o, enquanto o pre\u00e7o do a\u00e7\u00facar sofre reajustes<\/p>\n","protected":false},"author":1,"featured_media":11312,"comment_status":"","ping_status":"open","sticky":false,"template":"","format":"standard","meta":{"sfsi_plus_gutenberg_text_before_share":"","sfsi_plus_gutenberg_show_text_before_share":"","sfsi_plus_gutenberg_icon_type":"","sfsi_plus_gutenberg_icon_alignemt":"","sfsi_plus_gutenburg_max_per_row":"","footnotes":""},"categories":[8],"tags":[],"class_list":["post-11311","post","type-post","status-publish","format-standard","has-post-thumbnail","hentry","category-brasil"],"_links":{"self":[{"href":"https:\/\/noticiasregionais.com.br\/index.php?rest_route=\/wp\/v2\/posts\/11311","targetHints":{"allow":["GET"]}}],"collection":[{"href":"https:\/\/noticiasregionais.com.br\/index.php?rest_route=\/wp\/v2\/posts"}],"about":[{"href":"https:\/\/noticiasregionais.com.br\/index.php?rest_route=\/wp\/v2\/types\/post"}],"author":[{"embeddable":true,"href":"https:\/\/noticiasregionais.com.br\/index.php?rest_route=\/wp\/v2\/users\/1"}],"replies":[{"embeddable":true,"href":"https:\/\/noticiasregionais.com.br\/index.php?rest_route=%2Fwp%2Fv2%2Fcomments&post=11311"}],"version-history":[{"count":0,"href":"https:\/\/noticiasregionais.com.br\/index.php?rest_route=\/wp\/v2\/posts\/11311\/revisions"}],"wp:featuredmedia":[{"embeddable":true,"href":"https:\/\/noticiasregionais.com.br\/index.php?rest_route=\/wp\/v2\/media\/11312"}],"wp:attachment":[{"href":"https:\/\/noticiasregionais.com.br\/index.php?rest_route=%2Fwp%2Fv2%2Fmedia&parent=11311"}],"wp:term":[{"taxonomy":"category","embeddable":true,"href":"https:\/\/noticiasregionais.com.br\/index.php?rest_route=%2Fwp%2Fv2%2Fcategories&post=11311"},{"taxonomy":"post_tag","embeddable":true,"href":"https:\/\/noticiasregionais.com.br\/index.php?rest_route=%2Fwp%2Fv2%2Ftags&post=11311"}],"curies":[{"name":"wp","href":"https:\/\/api.w.org\/{rel}","templated":true}]}}