{"id":11317,"date":"2025-11-28T04:15:00","date_gmt":"2025-11-28T07:15:00","guid":{"rendered":"https:\/\/noticiasregionais.com.br\/?p=11317"},"modified":"2025-11-28T04:15:00","modified_gmt":"2025-11-28T07:15:00","slug":"congresso-derruba-vetos-e-flexibiliza-lei-do-licenciamento-ambiental","status":"publish","type":"post","link":"https:\/\/noticiasregionais.com.br\/?p=11317","title":{"rendered":"Congresso derruba vetos e flexibiliza Lei do Licenciamento Ambiental"},"content":{"rendered":"<p>\t\t\t\t\t\t\t\t\t\t\t<audio controls class=\"b61_audio_player\" data-noticia=\"86104\" src=\"https:\/\/brasil61.com\/rails\/active_storage\/blobs\/eyJfcmFpbHMiOnsibWVzc2FnZSI6IkJBaHBBMlBIQXc9PSIsImV4cCI6bnVsbCwicHVyIjoiYmxvYl9pZCJ9fQ==--94addcd43b6120f2dc8ccfafe95c87508c97892f\/BRAS2515228A\"><\/audio><\/p>\n<p>Na \u00faltima quinta-feira (27), em sess\u00e3o do Congresso Nacional, <strong>deputados e senadores derrubaram 52 dos 63 vetos presidenciais \u00e0 Lei Geral do Licenciamento Ambiental <\/strong>(<a href=\"http:\/\/normas.leg.br\/?urn=urn:lex:br:federal:lei:2025-08-08;15190\" target=\"_blank\" rel=\"noopener\">Lei 15.190, de 2025<\/a>). A decis\u00e3o <strong>restitui dispositivos que flexibilizam etapas do processo e reduzem a participa\u00e7\u00e3o de \u00f3rg\u00e3os setoriais, como Funai, Iphan e ICMBio.<\/strong><\/p>\n<p>Entre os trechos que retornam ao texto est\u00e3o a <strong>dispensa e a simplifica\u00e7\u00e3o do licenciamento ambiental, suas exig\u00eancias e responsabilidades, al\u00e9m da redefini\u00e7\u00e3o das atribui\u00e7\u00f5es de \u00f3rg\u00e3os federais, estaduais e municipais nesses processos.<\/strong> Com isso, estados e munic\u00edpios ter\u00e3o liberdade para flexibilizar ou endurecer regramentos.<\/p>\n<p>O presidente do <strong>Senado, Davi Alcolumbre<\/strong> (Uni\u00e3o-AP), que conduziu a sess\u00e3o, <strong>afirmou que a vota\u00e7\u00e3o dos vetos era \u201cfundamental para destravar o tema do licenciamento ambiental como um todo\u201d<\/strong>. Para ele, a medida \u00e9 \u201cessencial para o desenvolvimento do pa\u00eds\u201d.<\/p>\n<p>Segundo o Poder Executivo, os trechos vetados inicialmente fragilizariam a prote\u00e7\u00e3o ambiental. No \u00faltimo dia 26, o governo divulgou <a href=\"http:\/\/www.gov.br\/secom\/pt-br\/assuntos\/noticias\/2025\/11\/nota-a-imprensa-nota-a-imprensa-apreciacao-dos-vetos-presidenciais-a-lei-geral-do-licenciamento-ambiental\" target=\"_blank\" rel=\"noopener\">nota oficial<\/a> listando os motivos dos vetos \u2014 entre eles, \u201cproteger o meio ambiente em todos os biomas e a sa\u00fade da popula\u00e7\u00e3o brasileira\u201d.<\/p>\n<p>\u201cA eventual derrubada dos vetos pode trazer efeitos imediatos e de dif\u00edcil revers\u00e3o\u201d, alerta um trecho do comunicado.<\/p>\n<p>Apesar das derrotas, <strong>o governo preservou os dispositivos relacionados \u00e0 Licen\u00e7a Ambiental Especial (LAE), regulamentada pela <a href=\"http:\/\/www.congressonacional.leg.br\/materias\/medidas-provisorias\/-\/mpv\/169777\" target=\"_blank\" rel=\"noopener\">Medida Provis\u00f3ria 1.308\/25<\/a>. <\/strong>Esses pontos seguem em an\u00e1lise no Congresso e devem voltar ao plen\u00e1rio por meio da MP, cuja vig\u00eancia se encerra no pr\u00f3ximo dia 5.<\/p>\n<p>Em <a href=\"http:\/\/agencia.fpagropecuaria.org.br\/2025\/11\/27\/fpa-derruba-vetos-ao-licenciamento-ambietal-e-recupera-texto-original-aprovado-por-ampla-maioria-no-congresso-nacional\/\" target=\"_blank\" rel=\"noopener\">nota<\/a>, a <a href=\"http:\/\/agencia.fpagropecuaria.org.br\/\" target=\"_blank\" rel=\"noopener\">Frente Parlamentar da Agropecu\u00e1ria (FPA)<\/a> ressaltou que a lei original moderniza e padroniza o licenciamento ambiental em todo o pa\u00eds. J\u00e1 a <a href=\"http:\/\/www.gov.br\/funai\/pt-br\" target=\"_blank\" rel=\"noopener\">Funda\u00e7\u00e3o Nacional dos Povos Ind\u00edgenas (Funai) <\/a>alertou que <a href=\"http:\/\/www.gov.br\/funai\/pt-br\/assuntos\/noticias\/2025\/licenciamento-ambiental-derrubada-dos-vetos-ameaca-297-territorios-e-aumenta-vulnerabilidade-das-comunidades-indigenas\" target=\"_blank\" rel=\"noopener\">297 terras ind\u00edgenas ficar\u00e3o desprotegidas<\/a> com a derrubada dos vetos \u00e0 Lei 15.190\/2025.<\/p>\n<p>Os dispositivos rejeitados pelo Parlamento seguem agora para promulga\u00e7\u00e3o.<\/p>\n<h2>Altera\u00e7\u00f5es<\/h2>\n<p>Um dos trechos restitu\u00eddos<strong> dispensa o licenciamento ambiental de atividades fora das listas que ser\u00e3o definidas pelos entes federativos <\/strong>\u2014 al\u00e9m de atividades rurais realizadas em im\u00f3veis inscritos no Cadastro Ambiental Rural (CAR) ainda pendentes de homologa\u00e7\u00e3o.<\/p>\n<p>Tamb\u00e9m f<strong>icam dispensadas de licenciamento a manuten\u00e7\u00e3o e melhorias de infraestrutura j\u00e1 existente em rodovias, instala\u00e7\u00f5es de energia el\u00e9trica, gasodutos e similares, al\u00e9m de obras de saneamento b\u00e1sico <\/strong>at\u00e9 o cumprimento das metas de universaliza\u00e7\u00e3o previstas na Lei 14.026\/2020.<\/p>\n<p>A simplifica\u00e7\u00e3o do licenciamento ser\u00e1 aplicada, entre outros casos, a projetos de seguran\u00e7a energ\u00e9tica estrat\u00e9gica, abastecimento de \u00e1gua, esgotamento sanit\u00e1rio e amplia\u00e7\u00e3o ou pavimenta\u00e7\u00e3o de infraestrutura j\u00e1 existente.<\/p>\n<p>Outro trecho restabelecido prev\u00ea a Licen\u00e7a por Ades\u00e3o e Compromisso (LAC) para atividades de baixo e m\u00e9dio porte mediante autodeclara\u00e7\u00e3o.<\/p>\n<p>A autonomia dos entes federativos tamb\u00e9m foi reinserida: estados e munic\u00edpios poder\u00e3o definir conceitos como porte de atividade ou empreendimento, potencial poluidor e tipologias sujeitas a licenciamento.<\/p>\n<p>Al\u00e9m disso, foi retirada a exig\u00eancia de anu\u00eancia pr\u00e9via obrigat\u00f3ria de \u00f3rg\u00e3os ambientais federais e municipais para permitir supress\u00e3o de vegeta\u00e7\u00e3o prim\u00e1ria e secund\u00e1ria na Mata Atl\u00e2ntica autorizada pelos estados.<\/p>\n<p>Tamb\u00e9m f<strong>icam permitidas altera\u00e7\u00f5es na manifesta\u00e7\u00e3o de determinados \u00f3rg\u00e3os do Executivo federal e dos estados<\/strong>, ao:<\/p>\n<ul>\n<li>atribuir \u00e0 autoridade licenciadora a responsabilidade de definir procedimentos, modalidades de licenciamento e tipos de estudos exigidos;<\/li>\n<li>tornar opinativas as decis\u00f5es da Funai, da Funda\u00e7\u00e3o Palmares e dos \u00f3rg\u00e3os gestores de unidades de conserva\u00e7\u00e3o;<\/li>\n<li>estabelecer que eventuais atrasos nas manifesta\u00e7\u00f5es n\u00e3o impe\u00e7am o avan\u00e7o do processo de licenciamento.<\/li>\n<\/ul>\n<h2>Debate em Plen\u00e1rio<\/h2>\n<p>No in\u00edcio da sess\u00e3o, os parlamentares rejeitaram 24 itens. Outros 28 foram destacados pelo PT na C\u00e2mara e, posteriormente, derrubados por deputados e senadores.<\/p>\n<p>O l\u00edder do Governo no Congresso, senador Randolfe Rodrigues (PT-AP), reiterou que a posi\u00e7\u00e3o do Executivo era pela manuten\u00e7\u00e3o dos vetos e argumentou que v\u00e1rios itens derrubados tratam de temas inconstitucionais, como aqueles que afetam a Mata Atl\u00e2ntica, protegida pela Constitui\u00e7\u00e3o.<\/p>\n<p>Para a senadora Eliziane Gama (PSD-MA), a aprova\u00e7\u00e3o da Lei do Licenciamento Ambiental representa \u201cum retrocesso e uma vergonha para o Brasil\u201d.<\/p>\n<p>J\u00e1 o l\u00edder da Oposi\u00e7\u00e3o no Senado, Rog\u00e9rio Marinho (PL-RN), afirmou que \u201cos \u00f3rg\u00e3os de concess\u00e3o de licenciamento t\u00eam sido c\u00famplices do atraso do desenvolvimento\u201d.<\/p>\n<p>O senador Marcos Rog\u00e9rio (PL-RO), tamb\u00e9m favor\u00e1vel \u00e0 derrubada dos vetos, defendeu que a nova lei \u201c\u00e9 um tema do Brasil, e n\u00e3o de governistas ou oposicionistas\u201d. Segundo ele, o texto aprovado \u00e9 equilibrado e busca conciliar preserva\u00e7\u00e3o ambiental e desenvolvimento.<\/p>\n<p>\t\t\t\t\t\t\t\t\t\t<img decoding=\"async\" src=\"https:\/\/brasil61.com\/api\/v1\/serve_pixel\/22254\/86104\" alt=\"Pixel Brasil 61\" class=\"b61_pixel\" width=\"0\" height=\"0\"><\/p>\n<div class=\"br61_backlink\">\n<p>\n\t\t\t\tFonte: <a href=\"https:\/\/brasil61.com\/congresso-derruba-vetos-e-flexibiliza-lei-do-licenciamento-ambiental-bras2515228\" title=\"Artigo Original: Congresso derruba vetos e flexibiliza Lei do Licenciamento Ambiental\" target=\"_blank\" rel=\"noopener\">Brasil 61<\/a>\n\t\t\t<\/p>\n<\/p><\/div>\n<input type=\"hidden\" id=\"baseurl\" value=\"https:\/\/noticiasregionais.com.br\"><input type=\"hidden\" id=\"audio_nonce\" value=\"533fbb67b1\">","protected":false},"excerpt":{"rendered":"<p>Parlamentares restauram trechos que reduzem participa\u00e7\u00e3o de \u00f3rg\u00e3os setoriais e ampliam autonomia de estados e munic\u00edpios; governo alerta para riscos \u00e0 prote\u00e7\u00e3o ambiental<\/p>\n","protected":false},"author":1,"featured_media":11318,"comment_status":"","ping_status":"open","sticky":false,"template":"","format":"standard","meta":{"sfsi_plus_gutenberg_text_before_share":"","sfsi_plus_gutenberg_show_text_before_share":"","sfsi_plus_gutenberg_icon_type":"","sfsi_plus_gutenberg_icon_alignemt":"","sfsi_plus_gutenburg_max_per_row":"","footnotes":""},"categories":[8],"tags":[],"class_list":["post-11317","post","type-post","status-publish","format-standard","has-post-thumbnail","hentry","category-brasil"],"_links":{"self":[{"href":"https:\/\/noticiasregionais.com.br\/index.php?rest_route=\/wp\/v2\/posts\/11317","targetHints":{"allow":["GET"]}}],"collection":[{"href":"https:\/\/noticiasregionais.com.br\/index.php?rest_route=\/wp\/v2\/posts"}],"about":[{"href":"https:\/\/noticiasregionais.com.br\/index.php?rest_route=\/wp\/v2\/types\/post"}],"author":[{"embeddable":true,"href":"https:\/\/noticiasregionais.com.br\/index.php?rest_route=\/wp\/v2\/users\/1"}],"replies":[{"embeddable":true,"href":"https:\/\/noticiasregionais.com.br\/index.php?rest_route=%2Fwp%2Fv2%2Fcomments&post=11317"}],"version-history":[{"count":0,"href":"https:\/\/noticiasregionais.com.br\/index.php?rest_route=\/wp\/v2\/posts\/11317\/revisions"}],"wp:featuredmedia":[{"embeddable":true,"href":"https:\/\/noticiasregionais.com.br\/index.php?rest_route=\/wp\/v2\/media\/11318"}],"wp:attachment":[{"href":"https:\/\/noticiasregionais.com.br\/index.php?rest_route=%2Fwp%2Fv2%2Fmedia&parent=11317"}],"wp:term":[{"taxonomy":"category","embeddable":true,"href":"https:\/\/noticiasregionais.com.br\/index.php?rest_route=%2Fwp%2Fv2%2Fcategories&post=11317"},{"taxonomy":"post_tag","embeddable":true,"href":"https:\/\/noticiasregionais.com.br\/index.php?rest_route=%2Fwp%2Fv2%2Ftags&post=11317"}],"curies":[{"name":"wp","href":"https:\/\/api.w.org\/{rel}","templated":true}]}}