{"id":11319,"date":"2025-11-28T04:30:00","date_gmt":"2025-11-28T07:30:00","guid":{"rendered":"https:\/\/noticiasregionais.com.br\/?p=11319"},"modified":"2025-11-28T04:30:00","modified_gmt":"2025-11-28T07:30:00","slug":"violencia-domestica-afeta-rotina-trabalho-e-estudo-de-7-em-cada-10-mulheres-diz-pesquisa","status":"publish","type":"post","link":"https:\/\/noticiasregionais.com.br\/?p=11319","title":{"rendered":"Viol\u00eancia dom\u00e9stica afeta rotina, trabalho e estudo de 7 em cada 10 mulheres, diz pesquisa"},"content":{"rendered":"<p>\t\t\t\t\t\t\t\t\t\t\t<audio controls class=\"b61_audio_player\" data-noticia=\"86099\" src=\"https:\/\/brasil61.com\/rails\/active_storage\/blobs\/eyJfcmFpbHMiOnsibWVzc2FnZSI6IkJBaHBBMkxIQXc9PSIsImV4cCI6bnVsbCwicHVyIjoiYmxvYl9pZCJ9fQ==--48b67b16beb57c97d8a91bc663b1ea12f5ad26f4\/BRAS2515225A\"><\/audio><\/p>\n<p><strong>No Brasil, 24 milh\u00f5es de brasileiras que sofreram viol\u00eancia dom\u00e9stica tiveram sua rotina alterada, seja de trabalho ou de estudo, ap\u00f3s sofrer as agress\u00f5es. O percentual de mulheres afetadas chega a 69% \u2013 o equivalente a 7 em\u00a0cada 10<\/strong>. Os dados comp\u00f5em a 11\u00aa edi\u00e7\u00e3o da Pesquisa Nacional de Viol\u00eancia contra a Mulher, realizada pelo <a href=\"https:\/\/www12.senado.leg.br\/institucional\/datasenado\" target=\"_blank\" rel=\"noopener\">DataSenado<\/a> e pela<a href=\"https:\/\/www.nexus.fsb.com.br\/\" target=\"_blank\" rel=\"noopener\"> Nexus &#8211; Pesquisa Intelig\u00eancia de Dados<\/a>, em parceria com o <a href=\"https:\/\/www12.senado.leg.br\/institucional\/omv\" target=\"_blank\" rel=\"noopener\">Observat\u00f3rio da Mulher contra a Viol\u00eancia (OMV), do Senado Federal.\u00a0<\/a><\/p>\n<p><strong>O levantamento aponta que mais de 40% das mulheres foram impactadas no trabalho ou na educa\u00e7\u00e3o. Em rela\u00e7\u00e3o ao trabalho remunerado, 46% afirmaram que as tarefas foram afetadas. J\u00e1 os impactos nos estudos foram apontados por 42% das entrevistadas.<\/strong><\/p>\n<p>As consequ\u00eancias da viol\u00eancia dom\u00e9stica tamb\u00e9m refletiram nas<strong> rela\u00e7\u00f5es sociais<\/strong> \u2013 o que foi relatado por <strong>68% das mulheres ouvidas.\u00a0<\/strong><\/p>\n<p>Conforme o DataSenado e a Nexus, os dados evidenciam como a viol\u00eancia compromete e afeta a sociedade e a economia brasileira \u2013 j\u00e1 que os reflexos atingem esferas do trabalho e educa\u00e7\u00e3o das mulheres agredidas O documento afirma que os impactos aprofundam desigualdades e dificultam o desenvolvimento social.\u00a0<\/p>\n<p>A pesquisa aponta, ainda, que \u00e9 tr\u00eas vezes mais comum mulheres fora da for\u00e7a de trabalho sofrerem viol\u00eancia dom\u00e9stica (12%) do que as brasileiras empregadas (4%).\u00a0<\/p>\n<p>Os<strong> dados tamb\u00e9m mostram que, do total de mulheres que j\u00e1 sofreram agress\u00f5es em fun\u00e7\u00e3o do g\u00eanero, 66% recebem at\u00e9 2 sal\u00e1rios m\u00ednimos. Al\u00e9m disso, mais da metade relatam que convivem com situa\u00e7\u00f5es de viol\u00eancia h\u00e1 mais de um ano.<\/strong><\/p>\n<p>O levantamento por meio do<a href=\"https:\/\/www.senado.leg.br\/institucional\/datasenado\/mapadaviolencia\/#\/inicio\" target=\"_blank\" rel=\"noopener\"> Mapa Nacional da Viol\u00eancia de G\u00eanero<\/a> \u2013 uma plataforma criada pelo OMV em parceria com o Instituto Natura e a Associa\u00e7\u00e3o G\u00eanero e N\u00famero, que busca facilitar o acesso a diferentes bases de dados sobre o tema.\u00a0<\/p>\n<h2>Pesquisa<\/h2>\n<p>A pesquisa foi encomendada pela senadora Augusta Brito (PT-CE) e ouviu 21.641 mulheres com 16 anos ou mais em todo o pa\u00eds.\u00a0<\/p>\n<p>A margem de erro m\u00e9dia foi de 0,69 ponto percentual. As entrevistas foram realizadas em todas as unidades da Federa\u00e7\u00e3o, por meio de liga\u00e7\u00f5es para telefones fixos e m\u00f3veis, com distribui\u00e7\u00e3o uniforme por estado e no Distrito Federal<\/p>\n<p>\n\u00a0<\/p>\n<p>\t\t\t\t\t\t\t\t\t\t<img decoding=\"async\" src=\"https:\/\/brasil61.com\/api\/v1\/serve_pixel\/22254\/86099\" alt=\"Pixel Brasil 61\" class=\"b61_pixel\" width=\"0\" height=\"0\"><\/p>\n<div class=\"br61_backlink\">\n<p>\n\t\t\t\tFonte: <a href=\"https:\/\/brasil61.com\/violencia-domestica-afeta-rotina-trabalho-e-estudo-de-7-em-cada-10-mulheres-diz-pesquisa-bras2515225\" title=\"Artigo Original: Viol\u00eancia dom\u00e9stica afeta rotina, trabalho e estudo de 7 em cada 10 mulheres, diz pesquisa\" target=\"_blank\" rel=\"noopener\">Brasil 61<\/a>\n\t\t\t<\/p>\n<\/p><\/div>\n<input type=\"hidden\" id=\"baseurl\" value=\"https:\/\/noticiasregionais.com.br\"><input type=\"hidden\" id=\"audio_nonce\" value=\"533fbb67b1\">","protected":false},"excerpt":{"rendered":"<p>Levantamento do DataSenado e da Nexus estima que rotina de 24 milh\u00f5es de brasileiras foi afetada ap\u00f3s agress\u00f5es; impactos tamb\u00e9m refletem nas rela\u00e7\u00f5es sociais<\/p>\n","protected":false},"author":1,"featured_media":11320,"comment_status":"","ping_status":"open","sticky":false,"template":"","format":"standard","meta":{"sfsi_plus_gutenberg_text_before_share":"","sfsi_plus_gutenberg_show_text_before_share":"","sfsi_plus_gutenberg_icon_type":"","sfsi_plus_gutenberg_icon_alignemt":"","sfsi_plus_gutenburg_max_per_row":"","footnotes":""},"categories":[8],"tags":[],"class_list":["post-11319","post","type-post","status-publish","format-standard","has-post-thumbnail","hentry","category-brasil"],"_links":{"self":[{"href":"https:\/\/noticiasregionais.com.br\/index.php?rest_route=\/wp\/v2\/posts\/11319","targetHints":{"allow":["GET"]}}],"collection":[{"href":"https:\/\/noticiasregionais.com.br\/index.php?rest_route=\/wp\/v2\/posts"}],"about":[{"href":"https:\/\/noticiasregionais.com.br\/index.php?rest_route=\/wp\/v2\/types\/post"}],"author":[{"embeddable":true,"href":"https:\/\/noticiasregionais.com.br\/index.php?rest_route=\/wp\/v2\/users\/1"}],"replies":[{"embeddable":true,"href":"https:\/\/noticiasregionais.com.br\/index.php?rest_route=%2Fwp%2Fv2%2Fcomments&post=11319"}],"version-history":[{"count":0,"href":"https:\/\/noticiasregionais.com.br\/index.php?rest_route=\/wp\/v2\/posts\/11319\/revisions"}],"wp:featuredmedia":[{"embeddable":true,"href":"https:\/\/noticiasregionais.com.br\/index.php?rest_route=\/wp\/v2\/media\/11320"}],"wp:attachment":[{"href":"https:\/\/noticiasregionais.com.br\/index.php?rest_route=%2Fwp%2Fv2%2Fmedia&parent=11319"}],"wp:term":[{"taxonomy":"category","embeddable":true,"href":"https:\/\/noticiasregionais.com.br\/index.php?rest_route=%2Fwp%2Fv2%2Fcategories&post=11319"},{"taxonomy":"post_tag","embeddable":true,"href":"https:\/\/noticiasregionais.com.br\/index.php?rest_route=%2Fwp%2Fv2%2Ftags&post=11319"}],"curies":[{"name":"wp","href":"https:\/\/api.w.org\/{rel}","templated":true}]}}