{"id":11323,"date":"2025-11-28T04:40:00","date_gmt":"2025-11-28T07:40:00","guid":{"rendered":"https:\/\/noticiasregionais.com.br\/?p=11323"},"modified":"2025-11-28T04:40:00","modified_gmt":"2025-11-28T07:40:00","slug":"inscricoes-do-premio-nacional-de-inovacao-vao-ate-5-de-dezembro","status":"publish","type":"post","link":"https:\/\/noticiasregionais.com.br\/?p=11323","title":{"rendered":"Inscri\u00e7\u00f5es do Pr\u00eamio Nacional de Inova\u00e7\u00e3o v\u00e3o at\u00e9 5 de dezembro"},"content":{"rendered":"<p>\t\t\t\t\t\t\t\t\t\t\t<audio controls class=\"b61_audio_player\" data-noticia=\"86112\" src=\"https:\/\/brasil61.com\/rails\/active_storage\/blobs\/eyJfcmFpbHMiOnsibWVzc2FnZSI6IkJBaHBBMkRIQXc9PSIsImV4cCI6bnVsbCwicHVyIjoiYmxvYl9pZCJ9fQ==--e9a31681fce866d75f9e5fc1a84f3fe8ee29bc38\/PIND254696A\"><\/audio><\/p>\n<p><strong>Empresas industriais, pequenos neg\u00f3cios de todos os setores e pesquisadores t\u00eam at\u00e9 5 de dezembro para se inscreverem gratuitamente na \u00a09\u00aa edi\u00e7\u00e3o do <a href=\"https:\/\/www.premiodeinovacao.com.br\/\" target=\"_blank\" rel=\"noopener\">Pr\u00eamio Nacional de Inova\u00e7\u00e3o<\/a> (PNI).<\/strong> Considerada a maior premia\u00e7\u00e3o de inova\u00e7\u00e3o do pa\u00eds, a iniciativa reconhece solu\u00e7\u00f5es inovadoras desenvolvidas no Brasil e refor\u00e7a o papel estrat\u00e9gico da inova\u00e7\u00e3o para a produtividade, competitividade e desenvolvimento econ\u00f4mico e social.<\/p>\n<p>O pr\u00eamio \u00e9 promovido pela Mobiliza\u00e7\u00e3o Empresarial pela Inova\u00e7\u00e3o (MEI) e pelo movimento Juntos pela Ind\u00fastria \u2014 que re\u00fane a <strong><a href=\"https:\/\/cni.portaldaindustria.com.br\/pt\/\" target=\"_blank\" rel=\"noopener\">Confedera\u00e7\u00e3o Nacional da Ind\u00fastria (CNI)<\/a> e o <a href=\"https:\/\/sebrae.com.br\/sites\/PortalSebrae\/\" target=\"_blank\" rel=\"noopener\">Servi\u00e7o Brasileiro de Apoio \u00e0s Micro e Pequenas Empresas (Sebrae)<\/a>, em correaliza\u00e7\u00e3o com o <a href=\"https:\/\/www.portaldaindustria.com.br\/sesi\/\" target=\"_blank\" rel=\"noopener\">Servi\u00e7o Social da Ind\u00fastria (SESI)<\/a>, o <a href=\"https:\/\/www.sistemafibra.org.br\/senai\/\" target=\"_blank\" rel=\"noopener\">Servi\u00e7o Nacional de Aprendizagem Industrial (SENAI)<\/a>, o <a href=\"https:\/\/iel.portaldaindustria.com.br\/\" target=\"_blank\" rel=\"noopener\">Instituto Euvaldo Lodi (IEL)<\/a> e o <a href=\"https:\/\/www.gov.br\/mcti\/pt-br\" target=\"_blank\" rel=\"noopener\">Minist\u00e9rio de Ci\u00eancia Tecnologia e Inova\u00e7\u00e3o (MCTI)<\/a>.<\/strong><\/p>\n<p>A especialista em Inova\u00e7\u00e3o e Sustentabilidade da <strong>CNI<\/strong>, <strong>Gabriela<\/strong> <strong>Vieira<\/strong>, destaca que o PNI busca refor\u00e7ar e fortalecer a<strong> cultura de inova\u00e7\u00e3o no setor industrial brasileiro<\/strong>.<br \/>\n\u201cEle vai ser uma vitrine nacional, onde empresas e ind\u00fastrias trazem os seus cases de sucesso e impulsionam essas conex\u00f5es, ajudando para que essas devidas conex\u00f5es e parceiros consigam orientar investimentos, pol\u00edticas p\u00fablicas e at\u00e9 pautar prioridades tecnol\u00f3gicas\u201d, destacou ao Brasil 61.<\/p>\n<p>O gerente de inova\u00e7\u00e3o do <strong>Sebrae<\/strong>, <strong>Paulo Renato<\/strong>, ressalta que a premia\u00e7\u00e3o tamb\u00e9m estimula pequenos neg\u00f3cios a ingressarem no universo da inova\u00e7\u00e3o.<br \/>\n\u201cSeria algo como: <strong>\u2018se ele conseguiu, eu tamb\u00e9m posso\u2019<\/strong>. Ent\u00e3o, o PNI tem, sim, a \u00a0fun\u00e7\u00e3o de um canal para que mais empresas inovem, mas, tamb\u00e9m, tem a fun\u00e7\u00e3o de um exemplo, colocando essa empresa em destaque para que outras micro e pequenas empresas se inspirem e entendam que elas podem inovar\u201d, explicou \u00e0 reportagem.<\/p>\n<p>A edi\u00e7\u00e3o 2025 acontece de forma integrada \u00e0 <a href=\"https:\/\/jornadanacionaldeinovacao.com.br\/\" target=\"_blank\" rel=\"noopener\">Jornada Nacional da Inova\u00e7\u00e3o da Ind\u00fastria<\/a> \u2014 caravana que percorre as 27 unidades da Federa\u00e7\u00e3o \u2014 e ao <a href=\"https:\/\/dev.congressodeinovacao.com.br\/\" target=\"_blank\" rel=\"noopener\">11\u00ba Congresso de Inova\u00e7\u00e3o da Ind\u00fastria<\/a>, marcado para mar\u00e7o do ano que vem.<\/p>\n<h2>Eixos tem\u00e1ticos<\/h2>\n<p>A premia\u00e7\u00e3o prioriza solu\u00e7\u00f5es ligadas \u00e0 transforma\u00e7\u00e3o digital e ao desenvolvimento sustent\u00e1vel, com dois eixos tem\u00e1ticos:<\/p>\n<ul>\n<li><strong>Transi\u00e7\u00e3o energ\u00e9tica<\/strong>\n<ul>\n<li><em>Categorias<\/em>: Descarboniza\u00e7\u00e3o; Recursos Renov\u00e1veis<\/li>\n<\/ul>\n<\/li>\n<li><strong>Transforma\u00e7\u00e3o digital<\/strong>\n<ul>\n<li><em>Categorias<\/em>: Digitaliza\u00e7\u00e3o de Neg\u00f3cios; IA e Produtividade<\/li>\n<\/ul>\n<\/li>\n<\/ul>\n<p>Segundo Paulo Renato, os temas foram definidos a partir das necessidades reais das empresas e do cen\u00e1rio global.\u00a0<\/p>\n<p>\u201cComo \u00e9 que as empresas est\u00e3o otimizando recursos e gastos, por exemplo, de energia ou \u00e1gua? Como \u00e9 que as pequenas empresas est\u00e3o utilizando recursos renov\u00e1veis para melhorar a sua efici\u00eancia e impactando menos o meio ambiente? Induzir as empresas a come\u00e7arem a usar ferramentas de IA, para come\u00e7ar a melhorar os seus pequenos neg\u00f3cios\u201d, explicou.<\/p>\n<p>J\u00e1 as categorias de participa\u00e7\u00e3o s\u00e3o divididas em:<\/p>\n<ul>\n<li>Empresas: pequenos neg\u00f3cios, m\u00e9dias e grandes empresas\u00a0<\/li>\n<li>Pesquisadores: de pequenos neg\u00f3cios, m\u00e9dia empresa e grande empresa\u00a0<\/li>\n<li>Ecossistemas: de pequeno porte, m\u00e9dio porte ou grande porte\u00a0<\/li>\n<\/ul>\n<p>\u201cA ideia \u00e9 que a gente consiga incentivar [a participa\u00e7\u00e3o] em diferentes setores e diferentes regi\u00f5es do Brasil. A gente trabalha junto com a Jornada de Inova\u00e7\u00e3o. Ent\u00e3o a ideia \u00e9 que a gente consiga mostrar o Pr\u00eamio Nacional de Inova\u00e7\u00e3o e esses cases de sucessos com uma diversidade regional grande\u201d, afirma a especialista da CNI, Gabriela Viera.<\/p>\n<p>O gerente de inova\u00e7\u00e3o do Sebrae, Paulo Renato, refor\u00e7a que a inova\u00e7\u00e3o precisa ser desmistificada para alcan\u00e7ar mais neg\u00f3cios.<\/p>\n<p>\u201cA inova\u00e7\u00e3o realmente parece ser complicada; tem muitos m\u00e9todos, nomes e termos. E n\u00f3s do Sebrae temos trabalhado nessa desmistifica\u00e7\u00e3o via programas, como o <a href=\"https:\/\/sebraetec.com\/\" target=\"_blank\" rel=\"noopener\">Sebraetec<\/a>, a\u00e7\u00f5es de comunica\u00e7\u00e3o, com linguagem simples e ousada, que v\u00e3o ajudar as pequenas empresas a entenderem que inova\u00e7\u00e3o \u00e9 algo do cotidiano e n\u00e3o algo distante ou sup\u00e9rfluo.\u201d<\/p>\n<h2>Lei do Bem<\/h2>\n<p>O PNI tamb\u00e9m contar\u00e1 com uma categoria exclusiva para empresas que desenvolvem solu\u00e7\u00f5es inovadoras com recursos incentivados pela <strong>Lei do Bem<\/strong> (<a href=\"https:\/\/www.planalto.gov.br\/ccivil_03\/_ato2004-2006\/2005\/lei\/l11196.htm\" target=\"_blank\" rel=\"noopener\">Lei n\u00ba 11.196\/2005<\/a>).<\/p>\n<p>Gabriela Vieira explica que a inclus\u00e3o dessa categoria resulta de uma parceria com o Minist\u00e9rio da Ci\u00eancia, Tecnologia e Inova\u00e7\u00e3o e tem dois objetivos: valorizar empresas que j\u00e1 utilizam o incentivo e estimular mais neg\u00f3cios a aproveitarem o benef\u00edcio.<\/p>\n<h2>Impacto positivo na sociedade<\/h2>\n<p>Outra novidade desta edi\u00e7\u00e3o \u00e9 que os projetos de inova\u00e7\u00e3o ser\u00e3o avaliados pela efetividade no mercado, com base em resultados mensur\u00e1veis e impacto positivo na sociedade.\u00a0<\/p>\n<p>Na primeira fase, um comit\u00ea de especialistas selecionar\u00e1 os finalistas. A etapa final ser\u00e1 decidida por <strong>voto popular<\/strong> entre os participantes credenciados no 11\u00ba Congresso de Inova\u00e7\u00e3o da Ind\u00fastria, que ocorrer\u00e1 em S\u00e3o Paulo, nos dias 25 e 26 de mar\u00e7o de 2026.<\/p>\n<p>\u201cAprimoramos a metodologia de avalia\u00e7\u00e3o para que a gente conseguisse um pouco mais de transpar\u00eancia e um maior alinhamento com as pr\u00e1ticas tanto nacionais quanto internacionais. Sent\u00edamos falta de entender o impacto, a escalabilidade, a sustentabilidade e a maturidade desses projetos. E esse novo m\u00e9todo vai permitir uma an\u00e1lise um pouco mais profunda, considerando o potencial desses resultados mais concretos\u201d, explica Gabriela Vieira.<\/p>\n<h2>Finalistas e ganhadores<\/h2>\n<p>Todos os inscritos recebem um relat\u00f3rio de feedback de avalia\u00e7\u00e3o. Os finalistas ganham certificados, trof\u00e9us, divulga\u00e7\u00e3o nacional e participa\u00e7\u00e3o no congresso de inova\u00e7\u00e3o.<\/p>\n<p>J\u00e1 os vencedores tamb\u00e9m participar\u00e3o de uma <strong>imers\u00e3o internacional <\/strong>em ecossistemas de inova\u00e7\u00e3o, com programa\u00e7\u00e3o personalizada.<\/p>\n<p>\u201cA ideia \u00e9 que essas empresas ganhem visibilidade nacional e consigam abrir portas para novos mercados, novas parcerias. Acho que o efeito mais importante \u00e9 fazer com que esse reconhecimento possa fortalecer essa cultura de inova\u00e7\u00e3o que a gente preza na CNI\u201d, avalia Gabriela Vieira.<\/p>\n<p>Confira outros detalhes e o regulamento de cada categoria no <a href=\"https:\/\/www.premiodeinovacao.com.br\/\" target=\"_blank\" rel=\"noopener\">site do Pr\u00eamio Nacional de Inova\u00e7\u00e3o<\/a>.<\/p>\n<p>\t\t\t\t\t\t\t\t\t\t<img decoding=\"async\" src=\"https:\/\/brasil61.com\/api\/v1\/serve_pixel\/22254\/86112\" alt=\"Pixel Brasil 61\" class=\"b61_pixel\" width=\"0\" height=\"0\"><\/p>\n<div class=\"br61_backlink\">\n<p>\n\t\t\t\tFonte: <a href=\"https:\/\/brasil61.com\/inscricoes-do-premio-nacional-de-inovacao-vao-ate-5-de-dezembro-pind254696\" title=\"Artigo Original: Inscri\u00e7\u00f5es do Pr\u00eamio Nacional de Inova\u00e7\u00e3o v\u00e3o at\u00e9 5 de dezembro\" target=\"_blank\" rel=\"noopener\">Brasil 61<\/a>\n\t\t\t<\/p>\n<\/p><\/div>\n<input type=\"hidden\" id=\"baseurl\" value=\"https:\/\/noticiasregionais.com.br\"><input type=\"hidden\" id=\"audio_nonce\" value=\"5c13e0637f\">","protected":false},"excerpt":{"rendered":"<p>Premia\u00e7\u00e3o reconhece solu\u00e7\u00f5es inovadoras em transforma\u00e7\u00e3o digital, transi\u00e7\u00e3o ecol\u00f3gica e iniciativas apoiadas pela Lei do Bem<\/p>\n","protected":false},"author":1,"featured_media":11324,"comment_status":"","ping_status":"open","sticky":false,"template":"","format":"standard","meta":{"sfsi_plus_gutenberg_text_before_share":"","sfsi_plus_gutenberg_show_text_before_share":"","sfsi_plus_gutenberg_icon_type":"","sfsi_plus_gutenberg_icon_alignemt":"","sfsi_plus_gutenburg_max_per_row":"","footnotes":""},"categories":[8],"tags":[],"class_list":["post-11323","post","type-post","status-publish","format-standard","has-post-thumbnail","hentry","category-brasil"],"_links":{"self":[{"href":"https:\/\/noticiasregionais.com.br\/index.php?rest_route=\/wp\/v2\/posts\/11323","targetHints":{"allow":["GET"]}}],"collection":[{"href":"https:\/\/noticiasregionais.com.br\/index.php?rest_route=\/wp\/v2\/posts"}],"about":[{"href":"https:\/\/noticiasregionais.com.br\/index.php?rest_route=\/wp\/v2\/types\/post"}],"author":[{"embeddable":true,"href":"https:\/\/noticiasregionais.com.br\/index.php?rest_route=\/wp\/v2\/users\/1"}],"replies":[{"embeddable":true,"href":"https:\/\/noticiasregionais.com.br\/index.php?rest_route=%2Fwp%2Fv2%2Fcomments&post=11323"}],"version-history":[{"count":0,"href":"https:\/\/noticiasregionais.com.br\/index.php?rest_route=\/wp\/v2\/posts\/11323\/revisions"}],"wp:featuredmedia":[{"embeddable":true,"href":"https:\/\/noticiasregionais.com.br\/index.php?rest_route=\/wp\/v2\/media\/11324"}],"wp:attachment":[{"href":"https:\/\/noticiasregionais.com.br\/index.php?rest_route=%2Fwp%2Fv2%2Fmedia&parent=11323"}],"wp:term":[{"taxonomy":"category","embeddable":true,"href":"https:\/\/noticiasregionais.com.br\/index.php?rest_route=%2Fwp%2Fv2%2Fcategories&post=11323"},{"taxonomy":"post_tag","embeddable":true,"href":"https:\/\/noticiasregionais.com.br\/index.php?rest_route=%2Fwp%2Fv2%2Ftags&post=11323"}],"curies":[{"name":"wp","href":"https:\/\/api.w.org\/{rel}","templated":true}]}}