{"id":11325,"date":"2025-11-28T04:25:00","date_gmt":"2025-11-28T07:25:00","guid":{"rendered":"https:\/\/noticiasregionais.com.br\/?p=11325"},"modified":"2025-11-28T04:25:00","modified_gmt":"2025-11-28T07:25:00","slug":"primeira-vacina-100-nacional-contra-a-dengue-e-aprovada-pela-anvisa","status":"publish","type":"post","link":"https:\/\/noticiasregionais.com.br\/?p=11325","title":{"rendered":"Primeira vacina 100% nacional contra a dengue \u00e9 aprovada pela Anvisa"},"content":{"rendered":"<p>\t\t\t\t\t\t\t\t\t\t\t<audio controls class=\"b61_audio_player\" data-noticia=\"86100\" src=\"https:\/\/brasil61.com\/rails\/active_storage\/blobs\/eyJfcmFpbHMiOnsibWVzc2FnZSI6IkJBaHBBMFRIQXc9PSIsImV4cCI6bnVsbCwicHVyIjoiYmxvYl9pZCJ9fQ==--69dc100c8022f22baf1602701814d3adabcbbe95\/BRAS2515226A\"><\/audio><\/p>\n<p>O Brasil acaba de conquistar um marco hist\u00f3rico no enfrentamento \u00e0 <strong>dengue<\/strong>. A Ag\u00eancia Nacional de Vigil\u00e2ncia Sanit\u00e1ria (Anvisa) aprovou a <strong>Butantan-DV<\/strong>, a primeira vacina <strong>100% nacional<\/strong> contra a doen\u00e7a. Desenvolvido pelo <a href=\"https:\/\/butantan.gov.br\/\" target=\"_blank\" rel=\"noopener\">Instituto Butantan<\/a>, o imunizante ser\u00e1 incorporado ao <strong>Calend\u00e1rio Nacional <\/strong>de Vacina\u00e7\u00e3o do <strong>Sistema \u00danico de Sa\u00fade (SUS)<\/strong> e tem previs\u00e3o de in\u00edcio de oferta \u00e0 popula\u00e7\u00e3o a partir de 2026.<\/p>\n<\/p>\n<p dir=\"ltr\">A vacina utiliza tecnologia de v\u00edrus vivo atenuado, reconhecida mundialmente pela seguran\u00e7a e pela alta capacidade de induzir resposta imunol\u00f3gica. Diferente das vacinas j\u00e1 dispon\u00edveis, a <strong>Butantan-DV<\/strong> \u00e9 aplicada em <strong>dose \u00fanica<\/strong>, o que facilita a log\u00edstica e amplia a ades\u00e3o \u00e0 imuniza\u00e7\u00e3o.<\/p>\n<p dir=\"ltr\">Em estudos cl\u00ednicos que envolveram mais de 16 mil volunt\u00e1rios em 14 estados, a vacina apresentou <strong>74,7% de efic\u00e1cia global<\/strong> contra dengue sintom\u00e1tica e <strong>91,6% de efic\u00e1cia contra casos graves<\/strong> e com sinais de alarme. N\u00e3o foram registradas hospitaliza\u00e7\u00f5es entre os vacinados, indicando 100% de prote\u00e7\u00e3o contra interna\u00e7\u00f5es no per\u00edodo avaliado.<\/p>\n<p dir=\"ltr\">A faixa et\u00e1ria aprovada pela Anvisa \u00e9 de 12 a 59 anos. O <a href=\"https:\/\/butantan.gov.br\/\" target=\"_blank\" rel=\"noopener\">Butantan<\/a> j\u00e1 estuda a amplia\u00e7\u00e3o para outras idades, incluindo crian\u00e7as e idosos.<\/p>\n<p dir=\"ltr\">Outro diferencial \u00e9 que o imunizante \u00e9 <strong>tetravalente<\/strong>, ou seja, protege contra os <strong>quatro sorotipos<\/strong> do v\u00edrus da dengue, caracter\u00edstica essencial para um pa\u00eds com circula\u00e7\u00e3o simult\u00e2nea de diferentes variantes do v\u00edrus.<\/p>\n<p dir=\"ltr\">A produ\u00e7\u00e3o da Butantan-DV est\u00e1 em fase avan\u00e7ada. O instituto j\u00e1 fabricou mais de 1 milh\u00e3o de doses, preparadas para distribui\u00e7\u00e3o assim que o <a href=\"https:\/\/www.gov.br\/saude\/pt-br\" target=\"_blank\" rel=\"noopener\">Minist\u00e9rio da Sa\u00fade<\/a> definir o cronograma de implementa\u00e7\u00e3o. Em parceria com a empresa WuXi Vaccines, o Brasil ter\u00e1 capacidade de produzir at\u00e9 60 milh\u00f5es de doses por ano a partir de 2026, garantindo autossufici\u00eancia e seguran\u00e7a no abastecimento nacional.<\/p>\n<p dir=\"ltr\">A chegada da vacina representa um avan\u00e7o hist\u00f3rico para a sa\u00fade p\u00fablica e deve refor\u00e7ar a preven\u00e7\u00e3o em todo o pa\u00eds, reduzindo casos, interna\u00e7\u00f5es e \u00f3bitos pela doen\u00e7a.<\/p>\n<p dir=\"ltr\">As informa\u00e7\u00f5es s\u00e3o do <a href=\"https:\/\/www.gov.br\/saude\/pt-br\" target=\"_blank\" rel=\"noopener\">Minist\u00e9rio da Sa\u00fade<\/a>.<\/p>\n<p>\t\t\t\t\t\t\t\t\t\t<img decoding=\"async\" src=\"https:\/\/brasil61.com\/api\/v1\/serve_pixel\/22254\/86100\" alt=\"Pixel Brasil 61\" class=\"b61_pixel\" width=\"0\" height=\"0\"><\/p>\n<div class=\"br61_backlink\">\n<p>\n\t\t\t\tFonte: <a href=\"https:\/\/brasil61.com\/primeira-vacina-100-nacional-contra-a-dengue-e-aprovada-pela-anvisa-bras2515226\" title=\"Artigo Original: Primeira vacina 100% nacional contra a dengue \u00e9 aprovada pela Anvisa\" target=\"_blank\" rel=\"noopener\">Brasil 61<\/a>\n\t\t\t<\/p>\n<\/p><\/div>\n<input type=\"hidden\" id=\"baseurl\" value=\"https:\/\/noticiasregionais.com.br\"><input type=\"hidden\" id=\"audio_nonce\" value=\"533fbb67b1\">","protected":false},"excerpt":{"rendered":"<p>Imunizante de dose \u00fanica do Instituto Butantan ser\u00e1 incorporado ao calend\u00e1rio do SUS e protege contra os quatro sorotipos da doen\u00e7a<\/p>\n","protected":false},"author":1,"featured_media":11326,"comment_status":"","ping_status":"open","sticky":false,"template":"","format":"standard","meta":{"sfsi_plus_gutenberg_text_before_share":"","sfsi_plus_gutenberg_show_text_before_share":"","sfsi_plus_gutenberg_icon_type":"","sfsi_plus_gutenberg_icon_alignemt":"","sfsi_plus_gutenburg_max_per_row":"","footnotes":""},"categories":[8],"tags":[],"class_list":["post-11325","post","type-post","status-publish","format-standard","has-post-thumbnail","hentry","category-brasil"],"_links":{"self":[{"href":"https:\/\/noticiasregionais.com.br\/index.php?rest_route=\/wp\/v2\/posts\/11325","targetHints":{"allow":["GET"]}}],"collection":[{"href":"https:\/\/noticiasregionais.com.br\/index.php?rest_route=\/wp\/v2\/posts"}],"about":[{"href":"https:\/\/noticiasregionais.com.br\/index.php?rest_route=\/wp\/v2\/types\/post"}],"author":[{"embeddable":true,"href":"https:\/\/noticiasregionais.com.br\/index.php?rest_route=\/wp\/v2\/users\/1"}],"replies":[{"embeddable":true,"href":"https:\/\/noticiasregionais.com.br\/index.php?rest_route=%2Fwp%2Fv2%2Fcomments&post=11325"}],"version-history":[{"count":0,"href":"https:\/\/noticiasregionais.com.br\/index.php?rest_route=\/wp\/v2\/posts\/11325\/revisions"}],"wp:featuredmedia":[{"embeddable":true,"href":"https:\/\/noticiasregionais.com.br\/index.php?rest_route=\/wp\/v2\/media\/11326"}],"wp:attachment":[{"href":"https:\/\/noticiasregionais.com.br\/index.php?rest_route=%2Fwp%2Fv2%2Fmedia&parent=11325"}],"wp:term":[{"taxonomy":"category","embeddable":true,"href":"https:\/\/noticiasregionais.com.br\/index.php?rest_route=%2Fwp%2Fv2%2Fcategories&post=11325"},{"taxonomy":"post_tag","embeddable":true,"href":"https:\/\/noticiasregionais.com.br\/index.php?rest_route=%2Fwp%2Fv2%2Ftags&post=11325"}],"curies":[{"name":"wp","href":"https:\/\/api.w.org\/{rel}","templated":true}]}}