{"id":11327,"date":"2025-11-28T04:45:00","date_gmt":"2025-11-28T07:45:00","guid":{"rendered":"https:\/\/noticiasregionais.com.br\/?p=11327"},"modified":"2025-11-28T04:45:00","modified_gmt":"2025-11-28T07:45:00","slug":"programa-ampliar-leilao-assegura-r-731-milhoes-para-modernizacao-de-13-aeroportos-estrategicos","status":"publish","type":"post","link":"https:\/\/noticiasregionais.com.br\/?p=11327","title":{"rendered":"Programa AmpliAR: leil\u00e3o assegura R$ 731 milh\u00f5es para moderniza\u00e7\u00e3o de 13 aeroportos estrat\u00e9gicos"},"content":{"rendered":"<p>\t\t\t\t\t\t\t\t\t\t\t<audio controls class=\"b61_audio_player\" data-noticia=\"86116\" src=\"https:\/\/brasil61.com\/rails\/active_storage\/blobs\/eyJfcmFpbHMiOnsibWVzc2FnZSI6IkJBaHBBMmZIQXc9PSIsImV4cCI6bnVsbCwicHVyIjoiYmxvYl9pZCJ9fQ==--3d5b2a62da7bc54ce0823e33b5b2a7472d98309e\/MPOR250140A\"><\/audio><\/p>\n<p>O <strong>Minist\u00e9rio de Portos e Aeroportos<\/strong> (<a href=\"https:\/\/www.gov.br\/portos-e-aeroportos\/pt-br\" target=\"_blank\" rel=\"noopener\">MPor<\/a>) e a<strong> <a href=\"https:\/\/www.b3.com.br\/pt_br\/para-voce\" target=\"_blank\" rel=\"noopener\">B3<\/a><\/strong> <strong>realizaram<\/strong> nesta quinta-feira (27), em S\u00e3o Paulo, o <strong>primeiro leil\u00e3o do <a href=\"https:\/\/www.gov.br\/portos-e-aeroportos\/pt-br\/ampliar\" target=\"_blank\" rel=\"noopener\">programa AmpliAR<\/a><\/strong>, que <strong>assegurou R$ 731,6 milh\u00f5es em investimentos privados para 13 aeroportos estrat\u00e9gicos do Nordeste e da Amaz\u00f4nia Legal<\/strong>.<\/p>\n<p>A<strong> iniciativa prev\u00ea a inclus\u00e3o de terminais regionais em contratos de concess\u00e3o existentes<\/strong>, por meio de reequil\u00edbrios econ\u00f4mico-financeiros, como redu\u00e7\u00e3o de outorgas ou amplia\u00e7\u00e3o dos prazos de licen\u00e7a. De acordo com a Pasta, a concorr\u00eancia ocorreu pelo crit\u00e9rio de maior des\u00e1gio, ou seja, o desconto aplicado sobre os par\u00e2metros de receita e custos calculados pelo governo.<\/p>\n<p>O ministro de Portos e Aeroportos, Silvio Costa Filho, classificou o leil\u00e3o como \u201cum marco hist\u00f3rico para a agenda de desenvolvimento do Brasil\u201d. Segundo ele, o <strong>pa\u00eds passa de 59 para 72 concess\u00f5es<\/strong>, com <strong>meta<\/strong> de superar <strong>100 aeroportos concedidos nos pr\u00f3ximos dois anos<\/strong>.<\/p>\n<p>O secret\u00e1rio-executivo do MPor, Tom\u00e9 Franca, destacou a import\u00e2ncia da medida. \u201cEstamos diante de um programa que n\u00e3o apenas coloca 13 novos aeroportos sob a gest\u00e3o de importantes concession\u00e1rias que atuam no pa\u00eds, como tamb\u00e9m incorpora terminais regionais cuja modelagem apresentava enorme dificuldade para serem levados ao mercado\u201d.<\/p>\n<p>Para Franca, \u201cquando falamos de concess\u00e3o, n\u00e3o falamos apenas de limita\u00e7\u00e3o or\u00e7ament\u00e1ria do Estado, falamos de uma solu\u00e7\u00e3o que traz efici\u00eancia, melhora a log\u00edstica do pa\u00eds e gera oportunidades e empregos em todas as regi\u00f5es\u201d.<\/p>\n<h2>Aeroportos<\/h2>\n<p>Com o objetivo de elevar o n\u00edvel de servi\u00e7o e seguran\u00e7a, os contratos contemplam obras de moderniza\u00e7\u00e3o em pistas, terminais de passageiros e p\u00e1tios. Entre os <strong>maiores investimentos<\/strong> est\u00e3o:<\/p>\n<ul>\n<li>Paulo Afonso (BA): R$ 106,2 milh\u00f5es<\/li>\n<li>Jericoacoara (CE): R$ 101,1 milh\u00f5es<\/li>\n<li>Len\u00e7\u00f3is (BA): R$ 80,2 milh\u00f5es<\/li>\n<li>Vilhena (RO): R$ 74,6 milh\u00f5es<\/li>\n<\/ul>\n<p>Outros aeroportos beneficiados incluem Barreirinhas (MA), Aragua\u00edna (TO), S\u00e3o Raimundo Nonato (PI), Cacoal (RO), Canoa Quebrada (CE), Serra Talhada (PE), Porto Alegre do Norte (MT), Garanhuns (PE) e Araripina (PE).<\/p>\n<p><img decoding=\"async\" style=\"width:100%\" alt=\"\" src=\"https:\/\/www.gov.br\/portos-e-aeroportos\/pt-br\/imagens\/InfogrficoLeiloAmpliAR.png\/@@images\/0f6bf685-12b0-4f93-83d2-1e1d397a3b2c.png\" \/><\/p>\n<p><a href=\"https:\/\/www.gov.br\/portos-e-aeroportos\/pt-br\/sessao-publica-de-abertura-de-propostas-ampliar\/\" target=\"_blank\" rel=\"noopener\"><em><span style=\"font-size:10px\">Fonte: MPor<\/span><\/em><\/a><\/p>\n<p>J\u00e1 os terminais de Itaituba (PA), Tarauac\u00e1 (AC), Guanambi (BA), Barcelos (AM), Itacoatiara (AM) e Parintins (AM) <strong>n\u00e3o receberam propostas e permanecem sob gest\u00e3o atual<\/strong>.<\/p>\n<p>\u201cO Programa AmpliAR \u00e9 um modelo inovador e disruptivo, que coloca esses aeroportos sob gest\u00e3o de operadoras de expertise, reputa\u00e7\u00e3o e capacidade de trazer melhoria para a infraestrutura aeroportu\u00e1ria brasileira. Hoje \u00e9 um marco, mas continuamos firmes no trabalho at\u00e9 que tenhamos todos os investimentos realizados e os aeroportos regionais com a infraestrutura que o nosso pa\u00eds merece\u201d, destacou o secret\u00e1rio nacional de Avia\u00e7\u00e3o Civil, Daniel Longo.<\/p>\n<h2>Formaliza\u00e7\u00e3o<\/h2>\n<p>A formaliza\u00e7\u00e3o dos contratos est\u00e1 prevista para ocorrer entre dezembro de 2025 e mar\u00e7o de 2026, quando ser\u00e1 oficializada a incorpora\u00e7\u00e3o dos novos aeroportos aos acordos e consolidados os c\u00e1lculos de reequil\u00edbrio. Em seguida, ter\u00e3o in\u00edcio as obras e a transfer\u00eancia da gest\u00e3o operacional.<\/p>\n<h2>Avia\u00e7\u00e3o brasileira<\/h2>\n<p>Durante o evento, Costa Filho destacou ainda os <strong>avan\u00e7os<\/strong> recentes da <strong>avia\u00e7\u00e3o brasileira<\/strong>, com a inclus\u00e3o de<strong> mais de 30 milh\u00f5es de novos passageiros<\/strong>.<\/p>\n<p>\u201cEm tr\u00eas anos do governo do presidente Lula, n\u00f3s inclu\u00edmos mais de 30% na avia\u00e7\u00e3o do pa\u00eds, ou seja, foram mais de 30 milh\u00f5es de passageiros que passaram a voar. Houve crescimento de mais de 10% no turismo de lazer, mais de 15% no turismo de neg\u00f3cios e o turismo internacional, que tinha m\u00e9dia hist\u00f3rica de 7 milh\u00f5es de passageiros, est\u00e1 fechando 2025 com quase 10 milh\u00f5es de turistas estrangeiros vindo para o Brasil\u201d, afirmou o ministro.<\/p>\n<p><strong>VEJA MAIS:<\/strong><\/p>\n<ul>\n<li><a href=\"https:\/\/brasil61.com\/n\/municipio-de-barcelos-am-e-incluido-no-programa-ampliar-e-deve-receber-investimentos-no-aeroporto-local-mpor250128\" target=\"_blank\" rel=\"noopener\">Munic\u00edpio de Barcelos (AM) \u00e9 inclu\u00eddo no Programa AmpliAR e deve receber investimentos no aeroporto local<\/a><\/li>\n<li><a href=\"https:\/\/brasil61.com\/n\/mpor-estabelece-diretrizes-para-novas-obrigacoes-de-concessionarias-de-aeroportos-mpor250137\" target=\"_blank\" rel=\"noopener\">MPor estabelece diretrizes para novas obriga\u00e7\u00f5es de concession\u00e1rias de aeroportos<\/a><\/li>\n<\/ul>\n<p>\t\t\t\t\t\t\t\t\t\t<img decoding=\"async\" src=\"https:\/\/brasil61.com\/api\/v1\/serve_pixel\/22254\/86116\" alt=\"Pixel Brasil 61\" class=\"b61_pixel\" width=\"0\" height=\"0\"><\/p>\n<div class=\"br61_backlink\">\n<p>\n\t\t\t\tFonte: <a href=\"https:\/\/brasil61.com\/programa-ampliar-leilao-assegura-r-731-milhoes-para-modernizacao-de-13-aeroportos-estrategicos-mpor250140\" title=\"Artigo Original: Programa AmpliAR: leil\u00e3o assegura R$ 731 milh\u00f5es para moderniza\u00e7\u00e3o de 13 aeroportos estrat\u00e9gicos\" target=\"_blank\" rel=\"noopener\">Brasil 61<\/a>\n\t\t\t<\/p>\n<\/p><\/div>\n<input type=\"hidden\" id=\"baseurl\" value=\"https:\/\/noticiasregionais.com.br\"><input type=\"hidden\" id=\"audio_nonce\" value=\"296231ceac\">","protected":false},"excerpt":{"rendered":"<p>MPor garante investimentos privados para terminais do Nordeste e da Amaz\u00f4nia Legal e impulsiona a expans\u00e3o da infraestrutura aeroportu\u00e1ria regional<\/p>\n","protected":false},"author":1,"featured_media":11328,"comment_status":"","ping_status":"open","sticky":false,"template":"","format":"standard","meta":{"sfsi_plus_gutenberg_text_before_share":"","sfsi_plus_gutenberg_show_text_before_share":"","sfsi_plus_gutenberg_icon_type":"","sfsi_plus_gutenberg_icon_alignemt":"","sfsi_plus_gutenburg_max_per_row":"","footnotes":""},"categories":[8],"tags":[],"class_list":["post-11327","post","type-post","status-publish","format-standard","has-post-thumbnail","hentry","category-brasil"],"_links":{"self":[{"href":"https:\/\/noticiasregionais.com.br\/index.php?rest_route=\/wp\/v2\/posts\/11327","targetHints":{"allow":["GET"]}}],"collection":[{"href":"https:\/\/noticiasregionais.com.br\/index.php?rest_route=\/wp\/v2\/posts"}],"about":[{"href":"https:\/\/noticiasregionais.com.br\/index.php?rest_route=\/wp\/v2\/types\/post"}],"author":[{"embeddable":true,"href":"https:\/\/noticiasregionais.com.br\/index.php?rest_route=\/wp\/v2\/users\/1"}],"replies":[{"embeddable":true,"href":"https:\/\/noticiasregionais.com.br\/index.php?rest_route=%2Fwp%2Fv2%2Fcomments&post=11327"}],"version-history":[{"count":0,"href":"https:\/\/noticiasregionais.com.br\/index.php?rest_route=\/wp\/v2\/posts\/11327\/revisions"}],"wp:featuredmedia":[{"embeddable":true,"href":"https:\/\/noticiasregionais.com.br\/index.php?rest_route=\/wp\/v2\/media\/11328"}],"wp:attachment":[{"href":"https:\/\/noticiasregionais.com.br\/index.php?rest_route=%2Fwp%2Fv2%2Fmedia&parent=11327"}],"wp:term":[{"taxonomy":"category","embeddable":true,"href":"https:\/\/noticiasregionais.com.br\/index.php?rest_route=%2Fwp%2Fv2%2Fcategories&post=11327"},{"taxonomy":"post_tag","embeddable":true,"href":"https:\/\/noticiasregionais.com.br\/index.php?rest_route=%2Fwp%2Fv2%2Ftags&post=11327"}],"curies":[{"name":"wp","href":"https:\/\/api.w.org\/{rel}","templated":true}]}}