{"id":11331,"date":"2025-11-28T04:50:00","date_gmt":"2025-11-28T07:50:00","guid":{"rendered":"https:\/\/noticiasregionais.com.br\/?p=11331"},"modified":"2025-11-28T04:50:00","modified_gmt":"2025-11-28T07:50:00","slug":"termo-de-licitacao-especial-e-apontado-como-chave-para-modernizar-a-industria-de-defesa","status":"publish","type":"post","link":"https:\/\/noticiasregionais.com.br\/?p=11331","title":{"rendered":"Termo de Licita\u00e7\u00e3o Especial \u00e9 apontado como chave para modernizar a ind\u00fastria de Defesa"},"content":{"rendered":"<p>\t\t\t\t\t\t\t\t\t\t\t<audio controls class=\"b61_audio_player\" data-noticia=\"86102\" src=\"https:\/\/brasil61.com\/rails\/active_storage\/blobs\/eyJfcmFpbHMiOnsibWVzc2FnZSI6IkJBaHBBMGJIQXc9PSIsImV4cCI6bnVsbCwicHVyIjoiYmxvYl9pZCJ9fQ==--8850f7b774dca9efa381074d5c4bfd22f8f8d397\/PIND254694A\"><\/audio><\/p>\n<p>O 1\u00ba Semin\u00e1rio sobre o Termo de Licita\u00e7\u00e3o Especial (TLE), promovido pelo <a href=\"https:\/\/www.gov.br\/defesa\/pt-br\" target=\"_blank\" rel=\"noopener\">Minist\u00e9rio da Defesa<\/a> com correaliza\u00e7\u00e3o da Confedera\u00e7\u00e3o Nacional da Ind\u00fastria <a href=\"https:\/\/cni.portaldaindustria.com.br\/pt\/\" target=\"_blank\" rel=\"noopener\">(CNI)<\/a>, discutiu como esse instrumento pode impulsionar o desenvolvimento da Base Industrial de Defesa (BID) e ampliar a competitividade do setor.<\/p>\n<p>O encontro foi realizado na quarta-feira (26), na sede da CNI, em Bras\u00edlia, e contou com a participa\u00e7\u00e3o de representantes do governo, da ind\u00fastria, al\u00e9m de especialistas.<\/p>\n<p>Na avalia\u00e7\u00e3o do superintendente de economia da CNI, M\u00e1rcio Guerra, o semin\u00e1rio cria novos espa\u00e7os para aproxima\u00e7\u00e3o de diferentes setores e visa ampliar o entendimento sobre o tema.<\/p>\n<p>\u201cO TLE tem que ser visto como uma ferramenta importante de posicionamento voltada \u00e0 soberania da ind\u00fastria de defesa do Brasil. Enquanto a gente vive a quest\u00e3o geopol\u00edtica no mundo, onde voc\u00ea tem em v\u00e1rios pa\u00edses a quest\u00e3o da reconvers\u00e3o industrial voltada para produtos de defesa, e na Europa isso \u00e9 muito claro em v\u00e1rios pa\u00edses, o Brasil ainda precisa melhor utilizar a sua capacidade industrial de defesa e ganhar espa\u00e7o com flexibilidade e agilidade para poder suprir e desenvolver a sua cadeia industrial\u201d, pontua.<\/p>\n<h2>Entenda o que \u00e9 TLE<\/h2>\n<p>O TLE \u00e9 compreendido como uma modalidade de contrata\u00e7\u00e3o p\u00fablica voltada \u00e0 aquisi\u00e7\u00e3o direta de produtos estrat\u00e9gicos para a Defesa, de acordo com o que prev\u00ea a <a href=\"https:\/\/www.planalto.gov.br\/ccivil_03\/_ato2011-2014\/2012\/lei\/l12598.htm\" target=\"_blank\" rel=\"noopener\">Lei n\u00ba 12.598\/2012<\/a> e o <a href=\"https:\/\/www.planalto.gov.br\/ccivil_03\/_ato2011-2014\/2013\/decreto\/d7970.htm\" target=\"_blank\" rel=\"noopener\">Decreto n\u00ba 7.970\/2013<\/a>.<\/p>\n<p>O termo \u00e9 utilizado em licita\u00e7\u00f5es relacionadas \u00e0 aquisi\u00e7\u00e3o de produtos como armamentos, muni\u00e7\u00f5es, equipamentos militares, entre outros, considerados estrat\u00e9gicos para a defesa nacional.<\/p>\n<p>Pelas defini\u00e7\u00f5es do <a href=\"https:\/\/investdefesa.org\/\" target=\"_blank\" rel=\"noopener\">InvestDefesa.org<\/a>, o TLE \u00e9 um documento que estabelece condi\u00e7\u00f5es da licita\u00e7\u00e3o, assim como crit\u00e9rios t\u00e9cnicos para a escolha do fornecedor.<\/p>\n<p>Esses procedimentos devem levar em conta a capacidade tecnol\u00f3gica e produtiva da ind\u00fastria nacional, al\u00e9m da transfer\u00eancia de tecnologia, entre outros aspectos, como manuten\u00e7\u00e3o do sistema e log\u00edstica necess\u00e1ria para garantir a seguran\u00e7a e a soberania nacional.<\/p>\n<p><a href=\"https:\/\/brasil61.com\/n\/producao-industrial-avanca-mas-expectativa-da-demanda-atinge-menor-nivel-para-novembro-na-ultima-decada-pind254692?email=odiariocarioca@gmail.com&amp;utm_source=email_individual&amp;utm_medium=email_individual&amp;utm_campaign=email_individual\" target=\"_blank\" rel=\"noopener\">Produ\u00e7\u00e3o industrial avan\u00e7a mas expectativa da demanda atinge menor n\u00edvel para novembro na \u00faltima d\u00e9cada<\/a><\/p>\n<p><a href=\"https:\/\/brasil61.com\/n\/nova-decisao-de-trump-faz-volume-de-exportacoes-isentas-de-sobretaxa-superar-exportacoes-sujeitas-a-tarifa-de-50-pind254688\" target=\"_blank\" rel=\"noopener\">Nova decis\u00e3o de Trump faz volume de exporta\u00e7\u00f5es isentas de sobretaxa superar exporta\u00e7\u00f5es sujeitas \u00e0 tarifa de 50%<\/a><\/p>\n<p>Nesses casos, \u00e9 necess\u00e1ria a ado\u00e7\u00e3o de um procedimento espec\u00edfico, com inclus\u00e3o de um plano de transfer\u00eancia de tecnologia e a exig\u00eancia de \u00edndice m\u00ednimo de nacionaliza\u00e7\u00e3o dos itens.<\/p>\n<p>Vale destacar que n\u00e3o h\u00e1 um valor m\u00ednimo determinado pela legisla\u00e7\u00e3o para que uma licita\u00e7\u00e3o seja realizada por meio de um TLE para aquisi\u00e7\u00e3o de produtos de Defesa.<br \/>\nPara o coordenador-geral da Comiss\u00e3o Mista da Ind\u00fastria de Defesa do Minist\u00e9rio da Defesa, Daniel Santana, o fortalecimento do setor depende diretamente da capacidade produtiva nacional.<\/p>\n<p>&#8220;O TLE \u00e9 aplicado em contrata\u00e7\u00f5es de alta complexidade e relev\u00e2ncia com produtos e sistemas de defesa. Nesses casos, o edital requer um n\u00edvel de capacidade t\u00e9cnica e tecnol\u00f3gica que apenas empresas consolidadas e com expertise comprovada conseguem atender\u201d, afirma.<\/p>\n<h2>Motivos para ado\u00e7\u00e3o do TLE<\/h2>\n<p>O general de divis\u00e3o Fl\u00e1vio Neiva, que tamb\u00e9m esteve presente ao evento, destacou a necessidade de migrar das aquisi\u00e7\u00f5es comuns para o TLE. Segundo ele, esse formato sugere ganhos nos \u00e2mbitos operacional e or\u00e7ament\u00e1rio.<\/p>\n<p>\u201cO TLE facilita o ciclo de aquisi\u00e7\u00e3o, melhora a gest\u00e3o de estoques e traz maior seguran\u00e7a jur\u00eddica ao processo\u201d, destaca. Entre as vantagens, est\u00e3o a compra direta do fabricante local, a redu\u00e7\u00e3o de perdas por falhas de entrega e o est\u00edmulo \u00e0 ind\u00fastria nacional.<\/p>\n<p>J\u00e1 o diretor-presidente da BDS Confec\u00e7\u00f5es e vice-presidente da Federa\u00e7\u00e3o das Ind\u00fastrias do Estado do Amazonas <a href=\"https:\/\/fieam.org.br\/\" target=\"_blank\" rel=\"noopener\">(FIEAM)<\/a>, Luiz Augusto Barreto Rocha, considera que esse instrumento tamb\u00e9m fortalece a economia do pa\u00eds.<\/p>\n<p>\u201cO TLE \u00e9 uma ferramenta de evolu\u00e7\u00e3o da industrializa\u00e7\u00e3o e garante que recursos p\u00fablicos sejam investidos no pr\u00f3prio pa\u00eds, gerando emprego, renda e desenvolvimento\u201d, diz.<\/p>\n<p>O TLE tamb\u00e9m dever\u00e1 indicar no que couber os seguintes aspectos:<\/p>\n<ul>\n<li>percentual m\u00ednimo de conte\u00fado nacional;<\/li>\n<li>garantia de continuidade das capacita\u00e7\u00f5es tecnol\u00f3gicas e produtivas a serem exigidas;\u00a0<\/li>\n<li>par\u00e2metros para valora\u00e7\u00e3o da rela\u00e7\u00e3o entre benef\u00edcio e custo.<\/li>\n<\/ul>\n<p>Ao fim do semin\u00e1rio, foi conclu\u00eddo que \u00e9 necess\u00e1rio incentivar o Termo de Licita\u00e7\u00e3o Especial, pois trata-se de um mecanismo capaz fomentar pesquisa, inova\u00e7\u00e3o e continuidade produtiva, al\u00e9m de reduzir a depend\u00eancia do mercado externo e refor\u00e7ar a soberania nacional.<br \/>\n\u00a0<\/p>\n<p>\t\t\t\t\t\t\t\t\t\t<img decoding=\"async\" src=\"https:\/\/brasil61.com\/api\/v1\/serve_pixel\/22254\/86102\" alt=\"Pixel Brasil 61\" class=\"b61_pixel\" width=\"0\" height=\"0\"><\/p>\n<div class=\"br61_backlink\">\n<p>\n\t\t\t\tFonte: <a href=\"https:\/\/brasil61.com\/termo-de-licitacao-especial-e-apontado-como-chave-para-modernizar-a-industria-de-defesa-pind254694\" title=\"Artigo Original: Termo de Licita\u00e7\u00e3o Especial \u00e9 apontado como chave para modernizar a ind\u00fastria de Defesa\" target=\"_blank\" rel=\"noopener\">Brasil 61<\/a>\n\t\t\t<\/p>\n<\/p><\/div>\n<input type=\"hidden\" id=\"baseurl\" value=\"https:\/\/noticiasregionais.com.br\"><input type=\"hidden\" id=\"audio_nonce\" value=\"5c13e0637f\">","protected":false},"excerpt":{"rendered":"<p>Representantes do governo e da ind\u00fastria defendem que o TLE fortalece a soberania tecnol\u00f3gica e agiliza contrata\u00e7\u00f5es estrat\u00e9gicas<\/p>\n","protected":false},"author":1,"featured_media":11332,"comment_status":"","ping_status":"open","sticky":false,"template":"","format":"standard","meta":{"sfsi_plus_gutenberg_text_before_share":"","sfsi_plus_gutenberg_show_text_before_share":"","sfsi_plus_gutenberg_icon_type":"","sfsi_plus_gutenberg_icon_alignemt":"","sfsi_plus_gutenburg_max_per_row":"","footnotes":""},"categories":[8],"tags":[],"class_list":["post-11331","post","type-post","status-publish","format-standard","has-post-thumbnail","hentry","category-brasil"],"_links":{"self":[{"href":"https:\/\/noticiasregionais.com.br\/index.php?rest_route=\/wp\/v2\/posts\/11331","targetHints":{"allow":["GET"]}}],"collection":[{"href":"https:\/\/noticiasregionais.com.br\/index.php?rest_route=\/wp\/v2\/posts"}],"about":[{"href":"https:\/\/noticiasregionais.com.br\/index.php?rest_route=\/wp\/v2\/types\/post"}],"author":[{"embeddable":true,"href":"https:\/\/noticiasregionais.com.br\/index.php?rest_route=\/wp\/v2\/users\/1"}],"replies":[{"embeddable":true,"href":"https:\/\/noticiasregionais.com.br\/index.php?rest_route=%2Fwp%2Fv2%2Fcomments&post=11331"}],"version-history":[{"count":0,"href":"https:\/\/noticiasregionais.com.br\/index.php?rest_route=\/wp\/v2\/posts\/11331\/revisions"}],"wp:featuredmedia":[{"embeddable":true,"href":"https:\/\/noticiasregionais.com.br\/index.php?rest_route=\/wp\/v2\/media\/11332"}],"wp:attachment":[{"href":"https:\/\/noticiasregionais.com.br\/index.php?rest_route=%2Fwp%2Fv2%2Fmedia&parent=11331"}],"wp:term":[{"taxonomy":"category","embeddable":true,"href":"https:\/\/noticiasregionais.com.br\/index.php?rest_route=%2Fwp%2Fv2%2Fcategories&post=11331"},{"taxonomy":"post_tag","embeddable":true,"href":"https:\/\/noticiasregionais.com.br\/index.php?rest_route=%2Fwp%2Fv2%2Ftags&post=11331"}],"curies":[{"name":"wp","href":"https:\/\/api.w.org\/{rel}","templated":true}]}}