{"id":11333,"date":"2025-11-28T04:50:00","date_gmt":"2025-11-28T07:50:00","guid":{"rendered":"https:\/\/noticiasregionais.com.br\/?p=11333"},"modified":"2025-11-28T04:50:00","modified_gmt":"2025-11-28T07:50:00","slug":"confianca-da-construcao-registra-3a-alta-seguida-e-atinge-maior-marca-desde-marco","status":"publish","type":"post","link":"https:\/\/noticiasregionais.com.br\/?p=11333","title":{"rendered":"Confian\u00e7a da Constru\u00e7\u00e3o registra 3\u00aa alta seguida e atinge maior marca desde mar\u00e7o"},"content":{"rendered":"<p>\t\t\t\t\t\t\t\t\t\t\t<audio controls class=\"b61_audio_player\" data-noticia=\"86114\" src=\"https:\/\/brasil61.com\/rails\/active_storage\/blobs\/eyJfcmFpbHMiOnsibWVzc2FnZSI6IkJBaHBBMmJIQXc9PSIsImV4cCI6bnVsbCwicHVyIjoiYmxvYl9pZCJ9fQ==--8ae0ec5682ad4b198a4e30dcddacc6625042fb84\/PIND254697A\"><\/audio><\/p>\n<p>O setor da constru\u00e7\u00e3o surfa uma onda de melhoria das expectativas. Pelo terceiro m\u00eas consecutivo, a <a href=\"https:\/\/www.portaldaindustria.com.br\/estatisticas\/sondagem-industria-da-construcao\/\" target=\"_blank\" rel=\"noopener\">Sondagem Ind\u00fastria da Constru\u00e7\u00e3o<\/a>, divulgada pela <a href=\"https:\/\/cni.portaldaindustria.com.br\/pt\/\" target=\"_blank\" rel=\"noopener\">Confedera\u00e7\u00e3o Nacional da Ind\u00fastria (CNI)<\/a> e <a href=\"https:\/\/cbic.org.br\/\" target=\"_blank\" rel=\"noopener\">C\u00e2mara Brasileira da Ind\u00fastria da Constru\u00e7\u00e3o (CBIC)<\/a>, registra alta no <a href=\"https:\/\/brasil61.com\/noticias\/tag\/indice-de-confianca-na-industria-ici\" target=\"_blank\" rel=\"noopener\">\u00cdndice de Confian\u00e7a do Empres\u00e1rio Industrial (ICEI)<\/a> da Ind\u00fastria da Constru\u00e7\u00e3o.\u00a0<\/p>\n<p>O marcador agora aponta 49,2 pontos, o maior \u00edndice desde mar\u00e7o, quando o indicador marcava 49,6 pontos. O crescimento registrado desde setembro \u00e9 de 3,4 pontos e, no \u00faltimo m\u00eas, a alta foi de 0,8 ponto. Ainda assim, o \u00edndice continua abaixo da marca de 50 pontos, indicando que os empres\u00e1rios do setor ainda demonstram desconfian\u00e7a.<\/p>\n<p>Marcelo Azevedo, gerente de An\u00e1lise Econ\u00f4mica da CNI, entende que os gestores da constru\u00e7\u00e3o vislumbram uma queda da <a href=\"https:\/\/brasil61.com\/n\/cni-selic-em-15-impede-crescimento-da-economia-e-deixa-brasil-isolado-no-contexto-internacional-de-juros-reais-pind254671#:~:text=CNI%3A%20Selic%20em%2015%25%20impede,de%20juros%20reais%20%7C%20Brasil%2061\" target=\"_blank\" rel=\"noopener\">Taxa Selic, atualmente em 15% ao ano<\/a>, maior patamar dos \u00faltimos 20 anos. \u201c\u00c9 poss\u00edvel que, essa melhora que a gente vinha verificando nos \u00faltimos meses com rela\u00e7\u00e3o ao \u00e2nimo dos empres\u00e1rios, especialmente quando se est\u00e1 atrelado \u00e0s expectativas, j\u00e1 seja uma antecipa\u00e7\u00e3o do que pode acontecer numa eventual queda da taxa de juros, caso aconte\u00e7a realmente num futuro pr\u00f3ximo\u201d, explica.<\/p>\n<p>A alta do \u00edndice foi puxada pelo indicador de expectativas, que subiu 0,9 ponto em novembro, para 51,6 pontos. Os industriais da constru\u00e7\u00e3o est\u00e3o mais otimistas com rela\u00e7\u00e3o ao desempenho dos pr\u00f3prios neg\u00f3cios nos pr\u00f3ximos meses e menos pessimistas com o futuro da economia.<\/p>\n<p>\u201cAinda s\u00e3o \u00edndices que est\u00e3o mostrando uma expectativa positiva, mas ela continua bastante moderada e ficou ainda mais moderada nessa passagem. Ent\u00e3o, apesar desse quadro j\u00e1 indicar expectativas positivas, isso vem trazendo melhora na confian\u00e7a, um sentimento ainda bastante cauteloso, ainda h\u00e1 muita modera\u00e7\u00e3o nessas expectativas\u201d, pontua Azevedo.<\/p>\n<h2>Condi\u00e7\u00f5es atuais, emprego e insumo<\/h2>\n<p>A avalia\u00e7\u00e3o positiva do cen\u00e1rio econ\u00f4mico tamb\u00e9m foi respons\u00e1vel pelo ligeiro incremento no indicador de condi\u00e7\u00f5es: alta de 0,5 ponto, passando para 44,3 pontos.<\/p>\n<p>Em outros indicadores, a cautela \u00e9 regra. Em novembro, o \u00edndice de expectativa de n\u00famero de empregados permaneceu em 49,8 pontos, com tend\u00eancia de queda nos postos de trabalho nos canteiros. O \u00edndice de expectativa de novos empreendimentos e servi\u00e7os caiu 1,1 ponto, agora em 49,2 pontos, e indica proje\u00e7\u00e3o de desacelera\u00e7\u00e3o no lan\u00e7amento de novos empreendimentos e servi\u00e7os nos pr\u00f3ximos meses.\u00a0<\/p>\n<p>As expectativas de compras de insumos e mat\u00e9rias-primas fecharam o m\u00eas em 50,2 pontos, queda de 0,7 ponto em rela\u00e7\u00e3o ao m\u00eas anterior. J\u00e1 o indicador de expectativa de n\u00edvel de atividade teve o maior recuo: 2 pontos, para 50,4 pontos. Com ambos \u00edndices pr\u00f3ximos aos 50 pontos, \u00e9 esperada estagna\u00e7\u00e3o no n\u00edvel dessas atividades.<\/p>\n<p>Por esse motivo, a inten\u00e7\u00e3o de investimento passou de 43,6 pontos para 42,3 pontos, interrompendo sequ\u00eancia de duas altas consecutivas.<\/p>\n<h2>Sondagem Ind\u00fastria da Constru\u00e7\u00e3o<\/h2>\n<p>A Sondagem Ind\u00fastria da Constru\u00e7\u00e3o \u00e9 uma pesquisa que mede a percep\u00e7\u00e3o dos empres\u00e1rios sobre n\u00edveis de atividade, emprego e Utiliza\u00e7\u00e3o da Capacidade Operacional (UCO) do setor, al\u00e9m de aferir a confian\u00e7a, expectativas para uma s\u00e9rie de vari\u00e1veis e inten\u00e7\u00e3o de investimento dos industriais para os seis meses seguintes.\u00a0<\/p>\n<p>Para esta edi\u00e7\u00e3o da Sondagem Ind\u00fastria da Constru\u00e7\u00e3o, a CNI consultou 301 empresas: 115 de pequeno porte; 125 de m\u00e9dio porte; e 61 de grande porte, entre 3 e 12 de novembro de 2025<\/p>\n<p>\t\t\t\t\t\t\t\t\t\t<img decoding=\"async\" src=\"https:\/\/brasil61.com\/api\/v1\/serve_pixel\/22254\/86114\" alt=\"Pixel Brasil 61\" class=\"b61_pixel\" width=\"0\" height=\"0\"><\/p>\n<div class=\"br61_backlink\">\n<p>\n\t\t\t\tFonte: <a href=\"https:\/\/brasil61.com\/confianca-da-construcao-registra-3-alta-seguida-e-atinge-maior-marca-desde-marco-pind254697\" title=\"Artigo Original: Confian\u00e7a da Constru\u00e7\u00e3o registra 3\u00aa alta seguida e atinge maior marca desde mar\u00e7o\" target=\"_blank\" rel=\"noopener\">Brasil 61<\/a>\n\t\t\t<\/p>\n<\/p><\/div>\n<input type=\"hidden\" id=\"baseurl\" value=\"https:\/\/noticiasregionais.com.br\"><input type=\"hidden\" id=\"audio_nonce\" value=\"533fbb67b1\">","protected":false},"excerpt":{"rendered":"<p>Abaixo dos 50 pontos, indicador mostra que otimismo ainda n\u00e3o tomou conta do setor<\/p>\n","protected":false},"author":1,"featured_media":11334,"comment_status":"","ping_status":"open","sticky":false,"template":"","format":"standard","meta":{"sfsi_plus_gutenberg_text_before_share":"","sfsi_plus_gutenberg_show_text_before_share":"","sfsi_plus_gutenberg_icon_type":"","sfsi_plus_gutenberg_icon_alignemt":"","sfsi_plus_gutenburg_max_per_row":"","footnotes":""},"categories":[8],"tags":[],"class_list":["post-11333","post","type-post","status-publish","format-standard","has-post-thumbnail","hentry","category-brasil"],"_links":{"self":[{"href":"https:\/\/noticiasregionais.com.br\/index.php?rest_route=\/wp\/v2\/posts\/11333","targetHints":{"allow":["GET"]}}],"collection":[{"href":"https:\/\/noticiasregionais.com.br\/index.php?rest_route=\/wp\/v2\/posts"}],"about":[{"href":"https:\/\/noticiasregionais.com.br\/index.php?rest_route=\/wp\/v2\/types\/post"}],"author":[{"embeddable":true,"href":"https:\/\/noticiasregionais.com.br\/index.php?rest_route=\/wp\/v2\/users\/1"}],"replies":[{"embeddable":true,"href":"https:\/\/noticiasregionais.com.br\/index.php?rest_route=%2Fwp%2Fv2%2Fcomments&post=11333"}],"version-history":[{"count":0,"href":"https:\/\/noticiasregionais.com.br\/index.php?rest_route=\/wp\/v2\/posts\/11333\/revisions"}],"wp:featuredmedia":[{"embeddable":true,"href":"https:\/\/noticiasregionais.com.br\/index.php?rest_route=\/wp\/v2\/media\/11334"}],"wp:attachment":[{"href":"https:\/\/noticiasregionais.com.br\/index.php?rest_route=%2Fwp%2Fv2%2Fmedia&parent=11333"}],"wp:term":[{"taxonomy":"category","embeddable":true,"href":"https:\/\/noticiasregionais.com.br\/index.php?rest_route=%2Fwp%2Fv2%2Fcategories&post=11333"},{"taxonomy":"post_tag","embeddable":true,"href":"https:\/\/noticiasregionais.com.br\/index.php?rest_route=%2Fwp%2Fv2%2Ftags&post=11333"}],"curies":[{"name":"wp","href":"https:\/\/api.w.org\/{rel}","templated":true}]}}