{"id":11335,"date":"2025-11-28T04:55:00","date_gmt":"2025-11-28T07:55:00","guid":{"rendered":"https:\/\/noticiasregionais.com.br\/?p=11335"},"modified":"2025-11-28T04:55:00","modified_gmt":"2025-11-28T07:55:00","slug":"brasil-mais-produtivo-aumenta-em-28-a-produtividade-das-empresas-atendidas","status":"publish","type":"post","link":"https:\/\/noticiasregionais.com.br\/?p=11335","title":{"rendered":"Brasil Mais Produtivo aumenta em 28% a produtividade das empresas atendidas"},"content":{"rendered":"<p>\t\t\t\t\t\t\t\t\t\t\t<audio controls class=\"b61_audio_player\" data-noticia=\"86110\" src=\"https:\/\/brasil61.com\/rails\/active_storage\/blobs\/eyJfcmFpbHMiOnsibWVzc2FnZSI6IkJBaHBBMS9IQXc9PSIsImV4cCI6bnVsbCwicHVyIjoiYmxvYl9pZCJ9fQ==--ef8f152f5a9784a39a62c79195cb9c23750d5596\/PIND254695A\"><\/audio><\/p>\n<p>A produtividade das empresas industriais atendidas pelo programa <strong><a href=\"https:\/\/brasilmaisprodutivo.mdic.gov.br\/\" target=\"_blank\" rel=\"noopener\">Brasil Mais Produtivo<\/a> (B+P)<\/strong> <a href=\"https:\/\/www.gov.br\/mdic\/pt-br\/assuntos\/noticias\/2025\/novembro\/brasil-mais-produtivo-celebra-aumento-de-produtividade-e-atendimento-de-67-5-mil-empresas-em-2-anos\" target=\"_blank\" rel=\"noopener\">aumentou, em m\u00e9dia, <strong>28%<\/strong>, segundo dados do Servi\u00e7o Nacional de Aprendizagem Industrial (<strong>SENAI<\/strong>)<\/a> e do Servi\u00e7o Brasileiro de Apoio \u00e0s Micro e Pequenas Empresas (<strong>Sebrae<\/strong>). Em dois anos, a iniciativa alcan\u00e7ou <strong>67,5 mil empresas<\/strong>, sendo <strong>30,5 mil do setor industrial<\/strong> e <strong>37 mil \u00a0dos segmentos de com\u00e9rcio e servi\u00e7os<\/strong>. Como as empresas podem participar de mais de uma modalidade, o total de atendimentos ultrapassou <strong>90 mil<\/strong>.<\/p>\n<p>Coordenado pelo <strong>Minist\u00e9rio do Desenvolvimento, Ind\u00fastria, Com\u00e9rcio e Servi\u00e7os (MDIC)<\/strong>, o programa \u00e9 desenvolvido em parceria com <strong>Sebrae<\/strong>, <strong>SENAI<\/strong>, Ag\u00eancia Brasileira de Desenvolvimento Industrial (<strong>ABDI<\/strong>), Financiadora de Estudos e Projetos (<strong>Finep<\/strong>), a Empresa Brasileira de Pesquisa e Inova\u00e7\u00e3o Industrial (<strong>Embrapii<\/strong>) e o Banco Nacional do Desenvolvimento (<strong>BNDES<\/strong>).<\/p>\n<p>O objetivo \u00e9 oferecer a micro, pequenas e m\u00e9dias empresas (<strong>MPMEs<\/strong>) oportunidades de elevar a produtividade, reduzir custos e impulsionar o faturamento por meio da transforma\u00e7\u00e3o digital, da melhoria de processos e do aperfei\u00e7oamento da gest\u00e3o. As a\u00e7\u00f5es envolvem consultorias especializadas, orienta\u00e7\u00f5es t\u00e9cnicas e suporte custeados pelos parceiros do B+P.<\/p>\n<p>Na \u00faltima quarta-feira (26), a sede da Confedera\u00e7\u00e3o Nacional da Ind\u00fastria (<strong>CNI<\/strong>), em Bras\u00edlia, recebeu a celebra\u00e7\u00e3o dos dois anos do programa. Durante o evento, o vice-presidente e ministro do MDIC, <strong>Geraldo Alckmin<\/strong>, detalhou o papel estrat\u00e9gico das institui\u00e7\u00f5es no programa Brasil Mais Produtivo.<\/p>\n<p>\u201cO SENAI vai l\u00e1, faz o diagn\u00f3stico: como \u00e9 que vai digitalizar [a empresa], como \u00e9 que vai melhorar a efici\u00eancia, a produtividade, substituir equipamentos, [melhorar] a efici\u00eancia energ\u00e9tica, reduzir consumo, gasto, custos. E o Sebrae [trabalha] toda a parte de gest\u00e3o da pequena empresa, para que ela possa ter uma gest\u00e3o melhor.\u201d<\/p>\n<p>O presidente da CNI, <strong>Ricardo Alban<\/strong>, refor\u00e7ou a import\u00e2ncia da colabora\u00e7\u00e3o entre governo e entidades do setor produtivo para o fortalecimento das MPMEs. \u201cEssa complementaridade, essa combina\u00e7\u00e3o de atores, pode e deve permitir a qualifica\u00e7\u00e3o e a competitividade de toda essa cadeia, principalmente, das pequenas e das m\u00e9dias [empresas]. N\u00f3s [da CNI] entendemos de capacita\u00e7\u00e3o t\u00e9cnica, de inova\u00e7\u00e3o e tecnologia, e o Sebrae conhece esse p\u00fablico t\u00e3o importante.\u201d<\/p>\n<p>O diretor t\u00e9cnico do Sebrae Nacional, <strong>Bruno Quick<\/strong>, tamb\u00e9m ressaltou os resultados da parceria. \u201c\u00c9 muito oportuno para n\u00f3s dizer que, nesse programa, conseguimos de fato essa uni\u00e3o com SENAI para fazer com que as micro e pequenas empresas tenham um avan\u00e7o na produtividade, na efici\u00eancia energ\u00e9tica e tamb\u00e9m na inova\u00e7\u00e3o.\u201d<\/p>\n<h2>Sucesso de produtividade em todo o Brasil<\/h2>\n<p>A comemora\u00e7\u00e3o dos dois anos do <strong>B+P<\/strong> incluiu a premia\u00e7\u00e3o de empresas que mais se destacaram ap\u00f3s consultorias em <strong>manufatura enxuta, efici\u00eancia energ\u00e9tica e gest\u00e3o<\/strong>. No total, <strong>13 empresas de dez estados, de todas as regi\u00f5es do pa\u00eds<\/strong>, foram reconhecidas pelos ganhos obtidos.<\/p>\n<h2>Confira a lista das empresas reconhecidas<\/h2>\n<p><strong>Destaques Empresariais<\/strong><\/p>\n<p><strong>Subcategoria: Otimiza\u00e7\u00e3o em Processos Produtivos \u2013 Manufatura Enxuta<\/strong><\/p>\n<ul>\n<li><strong>Nordeste <\/strong>\u2014 Ondas Kids Moda Praia Infantil (Santa Cruz do Capibaribe &#8211; PE): aumento de 81,45% na produtividade<\/li>\n<li><strong>Sul <\/strong>\u2014 Alecrim &amp; Oliva Gastronomia Funcional (Campos Novos &#8211; SC): 100% de aumento na produtividade<\/li>\n<li><strong>Sudeste <\/strong>\u2014 Magtek Ind\u00fastria de Produtos Magn\u00e9ticos (S\u00e3o Caetano do Sul &#8211; SP): 65,83% de aumento na produtividade<\/li>\n<li><strong>Centro-Oeste<\/strong> \u2014 Gyn Foods Ind\u00fastria e Com\u00e9rcio (Aragoi\u00e2nia &#8211; GO): 56%<\/li>\n<li><strong>Norte <\/strong>\u2014 Amapuera Casa e Constru\u00e7\u00e3o (Macap\u00e1 &#8211; AP): 21% de aumento na produtividade<\/li>\n<\/ul>\n<p><strong>Subcategoria: Otimiza\u00e7\u00e3o em Processos Produtivos \u2013 Efici\u00eancia Energ\u00e9tica<\/strong><\/p>\n<ul>\n<li><strong>Nordeste <\/strong>\u2014 Padaria Massa Pura (Recife &#8211; PE): redu\u00e7\u00e3o de 59,19% no consumo de energia<\/li>\n<li><strong>Sul <\/strong>\u2014 Wogar Ind\u00fastria Metal\u00fargica (Caxias do Sul &#8211; RS): redu\u00e7\u00e3o de 52,39% no consumo de energia<\/li>\n<li><strong>Sudeste <\/strong>\u2014 Poliforma Industrial (Sabar\u00e1 &#8211; MG): redu\u00e7\u00e3o de 41,89% no consumo de energia<\/li>\n<li><strong>Centro-Oeste<\/strong> \u2014 Explos\u00e3o Alimentos (Trindade &#8211; GO): redu\u00e7\u00e3o de 11,7% no consumo de energia<\/li>\n<\/ul>\n<p><strong>Subcategoria: Diagn\u00f3stico e Estrat\u00e9gia de Gest\u00e3o<\/strong><\/p>\n<ul>\n<li><strong>Centro-Oeste<\/strong> \u2014 JOTAGE Comercial e Industrial Ltda (Cuiab\u00e1 &#8211; MT): aumento de 130% no faturamento<\/li>\n<li><strong>Sudeste <\/strong>\u2014 IT Label Etiquetas e Embalagens Ltda (Atibaia &#8211; SP): 35% de aumento de produtividade<\/li>\n<li><strong>Nordeste <\/strong>\u2014 Misslight Alimenta\u00e7\u00e3o Saud\u00e1vel Ltda (Natal &#8211; RN): 40,23% de aumento de produtividade e 26% de aumento no faturamento<\/li>\n<li><strong>Sul <\/strong>\u2014 M Techne \u2013 Inova\u00e7\u00f5es em Engenharia (Curitiba &#8211; PR): 276% de aumento de produtividade e 89% de aumento no faturamento<\/li>\n<\/ul>\n<h2>Manufatura enxuta: gargalos e oportunidades<\/h2>\n<p>Segundo a CNI, a manufatura enxuta \u00e9 \u201cum sistema de gest\u00e3o do processo produtivo focado na redu\u00e7\u00e3o do desperd\u00edcio com ganho de qualidade\u201d. Um <a href=\"https:\/\/www.portaldaindustria.com.br\/estatisticas\/sondesp-94-manufatura-enxuta-na-industria-da-construcao\/\" target=\"_blank\" rel=\"noopener\">levantamento da entidade<\/a> mostra que mais da metade das empresas da ind\u00fastria da constru\u00e7\u00e3o n\u00e3o utiliza, ou utiliza pouco, t\u00e9cnicas desse tipo.<\/p>\n<p>Quatro em cada dez ind\u00fastrias apontam o alto custo de consultorias e a falta de conhecimento sobre ferramentas e t\u00e9cnicas como principais entraves. Nesse cen\u00e1rio, programas como o <strong>Brasil Mais Produtivo<\/strong>, que oferece consultorias custeadas pelos parceiros, ajudam a aumentar a competitividade da ind\u00fastria nacional.<\/p>\n<p>\t\t\t\t\t\t\t\t\t\t<img decoding=\"async\" src=\"https:\/\/brasil61.com\/api\/v1\/serve_pixel\/22254\/86110\" alt=\"Pixel Brasil 61\" class=\"b61_pixel\" width=\"0\" height=\"0\"><\/p>\n<div class=\"br61_backlink\">\n<p>\n\t\t\t\tFonte: <a href=\"https:\/\/brasil61.com\/brasil-mais-produtivo-aumenta-em-28-a-produtividade-das-empresas-atendidas-pind254695\" title=\"Artigo Original: Brasil Mais Produtivo aumenta em 28% a produtividade das empresas atendidas\" target=\"_blank\" rel=\"noopener\">Brasil 61<\/a>\n\t\t\t<\/p>\n<\/p><\/div>\n<input type=\"hidden\" id=\"baseurl\" value=\"https:\/\/noticiasregionais.com.br\"><input type=\"hidden\" id=\"audio_nonce\" value=\"5c13e0637f\">","protected":false},"excerpt":{"rendered":"<p>Em dois anos, programa do MDIC apoiou 67,5 mil neg\u00f3cios e premiou iniciativas que se destacaram em manufatura enxuta, efici\u00eancia energ\u00e9tica e gest\u00e3o<\/p>\n","protected":false},"author":1,"featured_media":11336,"comment_status":"","ping_status":"open","sticky":false,"template":"","format":"standard","meta":{"sfsi_plus_gutenberg_text_before_share":"","sfsi_plus_gutenberg_show_text_before_share":"","sfsi_plus_gutenberg_icon_type":"","sfsi_plus_gutenberg_icon_alignemt":"","sfsi_plus_gutenburg_max_per_row":"","footnotes":""},"categories":[8],"tags":[],"class_list":["post-11335","post","type-post","status-publish","format-standard","has-post-thumbnail","hentry","category-brasil"],"_links":{"self":[{"href":"https:\/\/noticiasregionais.com.br\/index.php?rest_route=\/wp\/v2\/posts\/11335","targetHints":{"allow":["GET"]}}],"collection":[{"href":"https:\/\/noticiasregionais.com.br\/index.php?rest_route=\/wp\/v2\/posts"}],"about":[{"href":"https:\/\/noticiasregionais.com.br\/index.php?rest_route=\/wp\/v2\/types\/post"}],"author":[{"embeddable":true,"href":"https:\/\/noticiasregionais.com.br\/index.php?rest_route=\/wp\/v2\/users\/1"}],"replies":[{"embeddable":true,"href":"https:\/\/noticiasregionais.com.br\/index.php?rest_route=%2Fwp%2Fv2%2Fcomments&post=11335"}],"version-history":[{"count":0,"href":"https:\/\/noticiasregionais.com.br\/index.php?rest_route=\/wp\/v2\/posts\/11335\/revisions"}],"wp:featuredmedia":[{"embeddable":true,"href":"https:\/\/noticiasregionais.com.br\/index.php?rest_route=\/wp\/v2\/media\/11336"}],"wp:attachment":[{"href":"https:\/\/noticiasregionais.com.br\/index.php?rest_route=%2Fwp%2Fv2%2Fmedia&parent=11335"}],"wp:term":[{"taxonomy":"category","embeddable":true,"href":"https:\/\/noticiasregionais.com.br\/index.php?rest_route=%2Fwp%2Fv2%2Fcategories&post=11335"},{"taxonomy":"post_tag","embeddable":true,"href":"https:\/\/noticiasregionais.com.br\/index.php?rest_route=%2Fwp%2Fv2%2Ftags&post=11335"}],"curies":[{"name":"wp","href":"https:\/\/api.w.org\/{rel}","templated":true}]}}