{"id":11337,"date":"2025-11-28T15:25:00","date_gmt":"2025-11-28T18:25:00","guid":{"rendered":"https:\/\/noticiasregionais.com.br\/?p=11337"},"modified":"2025-11-28T15:25:00","modified_gmt":"2025-11-28T18:25:00","slug":"forum-de-jovens-empreendedores-leva-liderancas-a-brasilia-para-formacao-politica","status":"publish","type":"post","link":"https:\/\/noticiasregionais.com.br\/?p=11337","title":{"rendered":"F\u00f3rum de Jovens Empreendedores leva lideran\u00e7as a Bras\u00edlia para forma\u00e7\u00e3o pol\u00edtica"},"content":{"rendered":"<p>\t\t\t\t\t\t\t\t\t\t\t<audio controls class=\"b61_audio_player\" data-noticia=\"86122\" src=\"https:\/\/brasil61.com\/rails\/active_storage\/blobs\/eyJfcmFpbHMiOnsibWVzc2FnZSI6IkJBaHBBNy9JQXc9PSIsImV4cCI6bnVsbCwicHVyIjoiYmxvYl9pZCJ9fQ==--468c8a7ff9a467f77ad809ee1035370f9d91b4be\/CACB250093A\"><\/audio><\/p>\n<p>Nesta quinta-feira (27), uma comitiva do <a href=\"https:\/\/forumjovensempreendedores.com.br\/\" target=\"_blank\" rel=\"noopener\">F\u00f3rum de Jovens Empreendedores (FJE) <\/a>da<a href=\"https:\/\/acsp.com.br\/\" target=\"_blank\" rel=\"noopener\"> Associa\u00e7\u00e3o Comercial de S\u00e3o Paulo (ACSP)<\/a> esteve em Bras\u00edlia para cumprir uma agenda de visitas institucionais. A iniciativa foi organizada pela <a href=\"https:\/\/cacb.org.br\/\" target=\"_blank\" rel=\"noopener\">Confedera\u00e7\u00e3o das Associa\u00e7\u00f5es Comerciais e Empresariais do Brasil (CACB)<\/a>.<\/p>\n<p>Ao todo, 20 integrantes do FJE participaram de uma imers\u00e3o nas atividades legislativas e no associativismo nacional.<\/p>\n<p>De acordo com o presidente da CACB, Alfredo Cotait Neto, as associa\u00e7\u00f5es comerciais s\u00e3o entidades c\u00edvicas e, por isso, \u00e9 fundamental que mantenham interesse pelo ambiente pol\u00edtico. \u201c\u00c9 evidente que eles, no seu dia a dia do empreendedorismo, estejam focando em melhorar sua atividade profissional, mas nunca podem deixar de lado a parte pol\u00edtica. \u00c9 muito importante que entendam como funciona a institui\u00e7\u00e3o que, na verdade, \u00e9 a base da democracia brasileira\u201d, destacou.<\/p>\n<p>Livia Gomes, advogada e empres\u00e1ria integrante do FJE, afirmou que conhecer as estruturas do governo e o funcionamento do Parlamento \u201cfaz muita diferen\u00e7a\u201d e \u00e9 essencial para quem deseja atuar com destaque no empresariado brasileiro.<\/p>\n<p>A agenda come\u00e7ou no Senado Federal, onde os participantes se reuniram com a Comiss\u00e3o de Rela\u00e7\u00f5es Exteriores e Defesa Nacional. O encontro, conduzido pelo diplomata e assessor da Comiss\u00e3o, Juliano Maia, teve o objetivo de apresentar as pautas priorit\u00e1rias em discuss\u00e3o e esclarecer o funcionamento dos processos legislativos relacionados ao tema.<\/p>\n<p>Em seguida, a comitiva participou de uma visita guiada ao Congresso Nacional para conhecer aspectos hist\u00f3ricos e estruturais do Legislativo brasileiro. Durante a atividade, a deputada federal Adriana Ventura (Novo\/SP) recebeu o grupo e apresentou as frentes parlamentares voltadas ao fortalecimento do empreendedorismo.<\/p>\n<p>Segundo o coordenador do F\u00f3rum de Jovens Empreendedores da ACSP e diretor da Faculdade do Com\u00e9rcio, Wilson Victorio Rodrigues, o grupo participou ao longo do ano de um programa de forma\u00e7\u00e3o de lideran\u00e7as. \u201cS\u00e3o jovens preocupados com as bandeiras das associa\u00e7\u00f5es comerciais: a defesa da livre iniciativa, do empreendedorismo, da diminui\u00e7\u00e3o da carga tribut\u00e1ria, enfim, de todos os assuntos que dizem respeito ao desenvolvimento do empreendedorismo no pa\u00eds. E hoje, aqui no Congresso Nacional, a Casa das Leis, eles est\u00e3o entendendo como todos esses assuntos podem se materializar em projetos e leis em benef\u00edcio da nossa classe empreendedora\u201d, afirmou.<\/p>\n<p>Luiz Augusto D\u2019Urso, advogado especialista em crimes cibern\u00e9ticos e integrante do F\u00f3rum, destacou que o encontro vai al\u00e9m do conhecimento sobre o Congresso: tamb\u00e9m gera inspira\u00e7\u00e3o para o pr\u00f3prio FJE. \u201c\u00c9 uma visita muito rica. Todos que tiveram a oportunidade de sair de S\u00e3o Paulo e passar este dia aqui em Bras\u00edlia certamente sair\u00e3o melhores e mais evolu\u00eddos, porque tiveram contato n\u00e3o apenas com as institui\u00e7\u00f5es, mas tamb\u00e9m entre os pr\u00f3prios membros da ACSP\u201d, disse.<\/p>\n<h2><b>Visita \u00e0 sede da CACB<\/b><\/h2>\n<p>No per\u00edodo da tarde, os jovens empreendedores foram recebidos na sede da CACB para uma apresenta\u00e7\u00e3o sobre o funcionamento do ecossistema institucional da Confedera\u00e7\u00e3o. O presidente Alfredo Cotait Neto refor\u00e7ou a import\u00e2ncia da participa\u00e7\u00e3o pol\u00edtica e do engajamento qualificado nas pautas nacionais.<\/p>\n<p>\u201cA Confedera\u00e7\u00e3o \u00e9 uma escola de civismo e valores, um espa\u00e7o essencial para o desenvolvimento da consci\u00eancia cidad\u00e3. Minha inten\u00e7\u00e3o \u00e9 estimul\u00e1-los a permanecer ativos e comprometidos\u201d, afirmou. Cotait tamb\u00e9m ressaltou o movimento de renova\u00e7\u00e3o e transi\u00e7\u00e3o geracional dentro da entidade e convidou o grupo a se aproximar e participar de forma mais efetiva.<\/p>\n<p>Na sequ\u00eancia, os participantes conheceram a estrutura de Rela\u00e7\u00f5es Governamentais e Comunica\u00e7\u00e3o da CACB, com explica\u00e7\u00f5es sobre fluxos de trabalho, estrat\u00e9gias institucionais e principais iniciativas em andamento.<\/p>\n<p>Para o empres\u00e1rio paulista Jo\u00e3o Vitor Almeida, a visita foi enriquecedora. \u201cAcho que todos aqui concordam que tivemos \u00f3timas agendas. Nesta \u00faltima parte, especialmente, achei muito interessante ver como a CACB j\u00e1 desenvolveu um trabalho s\u00e9rio e consistente em rela\u00e7\u00f5es governamentais\u201d, destacou.<\/p>\n<h2><b>Simples Nacional<\/b><\/h2>\n<p>Durante as agendas, tamb\u00e9m foi discutida a tramita\u00e7\u00e3o do PL 108\/2021, uma demanda antiga de micro e pequenos empreendedores que aguardam a atualiza\u00e7\u00e3o dos limites de faturamento do Simples Nacional.<\/p>\n<p>Segundo Cotait, h\u00e1 expectativa de avan\u00e7os. \u201cAs pequenas empresas est\u00e3o pedindo pelo amor de Deus para que isso seja feito. Eu sempre defendi e vou continuar defendendo at\u00e9 o fim a necessidade de ajustar o limite de faturamento do Simples. \u00c9 uma coisa natural em um pa\u00eds onde tudo se corrige.\u201d<\/p>\n<p>\u00a0<\/p>\n<p>\t\t\t\t\t\t\t\t\t\t<img decoding=\"async\" src=\"https:\/\/brasil61.com\/api\/v1\/serve_pixel\/22254\/86122\" alt=\"Pixel Brasil 61\" class=\"b61_pixel\" width=\"0\" height=\"0\"><\/p>\n<div class=\"br61_backlink\">\n<p>\n\t\t\t\tFonte: <a href=\"https:\/\/brasil61.com\/forum-de-jovens-empreendedores-leva-liderancas-a-brasilia-para-formacao-politica-cacb250093\" title=\"Artigo Original: F\u00f3rum de Jovens Empreendedores leva lideran\u00e7as a Bras\u00edlia para forma\u00e7\u00e3o pol\u00edtica\" target=\"_blank\" rel=\"noopener\">Brasil 61<\/a>\n\t\t\t<\/p>\n<\/p><\/div>\n<input type=\"hidden\" id=\"baseurl\" value=\"https:\/\/noticiasregionais.com.br\"><input type=\"hidden\" id=\"audio_nonce\" value=\"5c13e0637f\">","protected":false},"excerpt":{"rendered":"<p>Grupo participou de reuni\u00f5es no Congresso e na CACB e refor\u00e7ou a import\u00e2ncia da participa\u00e7\u00e3o qualificada nas decis\u00f5es nacionais<\/p>\n","protected":false},"author":1,"featured_media":11338,"comment_status":"","ping_status":"open","sticky":false,"template":"","format":"standard","meta":{"sfsi_plus_gutenberg_text_before_share":"","sfsi_plus_gutenberg_show_text_before_share":"","sfsi_plus_gutenberg_icon_type":"","sfsi_plus_gutenberg_icon_alignemt":"","sfsi_plus_gutenburg_max_per_row":"","footnotes":""},"categories":[8],"tags":[],"class_list":["post-11337","post","type-post","status-publish","format-standard","has-post-thumbnail","hentry","category-brasil"],"_links":{"self":[{"href":"https:\/\/noticiasregionais.com.br\/index.php?rest_route=\/wp\/v2\/posts\/11337","targetHints":{"allow":["GET"]}}],"collection":[{"href":"https:\/\/noticiasregionais.com.br\/index.php?rest_route=\/wp\/v2\/posts"}],"about":[{"href":"https:\/\/noticiasregionais.com.br\/index.php?rest_route=\/wp\/v2\/types\/post"}],"author":[{"embeddable":true,"href":"https:\/\/noticiasregionais.com.br\/index.php?rest_route=\/wp\/v2\/users\/1"}],"replies":[{"embeddable":true,"href":"https:\/\/noticiasregionais.com.br\/index.php?rest_route=%2Fwp%2Fv2%2Fcomments&post=11337"}],"version-history":[{"count":0,"href":"https:\/\/noticiasregionais.com.br\/index.php?rest_route=\/wp\/v2\/posts\/11337\/revisions"}],"wp:featuredmedia":[{"embeddable":true,"href":"https:\/\/noticiasregionais.com.br\/index.php?rest_route=\/wp\/v2\/media\/11338"}],"wp:attachment":[{"href":"https:\/\/noticiasregionais.com.br\/index.php?rest_route=%2Fwp%2Fv2%2Fmedia&parent=11337"}],"wp:term":[{"taxonomy":"category","embeddable":true,"href":"https:\/\/noticiasregionais.com.br\/index.php?rest_route=%2Fwp%2Fv2%2Fcategories&post=11337"},{"taxonomy":"post_tag","embeddable":true,"href":"https:\/\/noticiasregionais.com.br\/index.php?rest_route=%2Fwp%2Fv2%2Ftags&post=11337"}],"curies":[{"name":"wp","href":"https:\/\/api.w.org\/{rel}","templated":true}]}}