{"id":11343,"date":"2025-11-29T04:00:00","date_gmt":"2025-11-29T07:00:00","guid":{"rendered":"https:\/\/noticiasregionais.com.br\/?p=11343"},"modified":"2025-12-01T22:31:18","modified_gmt":"2025-12-02T01:31:18","slug":"infogripe-casos-de-srag-recuam-no-pais-mas-vacinacao-ainda-e-essencial","status":"publish","type":"post","link":"https:\/\/noticiasregionais.com.br\/?p=11343","title":{"rendered":"Infogripe: casos de SRAG recuam no pa\u00eds, mas vacina\u00e7\u00e3o ainda \u00e9 essencial"},"content":{"rendered":"<p>\t\t\t\t\t\t\t\t\t\t<audio controls class=\"b61_audio_player\" data-noticia=\"86121\" src=\"https:\/\/brasil61.com\/rails\/active_storage\/blobs\/eyJfcmFpbHMiOnsibWVzc2FnZSI6IkJBaHBBL1hJQXc9PSIsImV4cCI6bnVsbCwicHVyIjoiYmxvYl9pZCJ9fQ==--05a3132822465b3d978642f687887b130db758d9\/BRAS2515232A\"><\/audio><\/p>\n<p>O novo <a href=\"https:\/\/agencia.fiocruz.br\/sites\/agencia.fiocruz.br\/files\/Resumo_InfoGripe_2025_47.pdf\" target=\"_blank\" rel=\"noopener\">Boletim InfoGripe<\/a>, divulgado nesta sexta-feira (28) pela <strong><a href=\"https:\/\/fiocruz.br\/\" target=\"_blank\" rel=\"noopener\">Funda\u00e7\u00e3o Oswaldo Cruz<\/a><\/strong> (Fiocruz), refor\u00e7a a <strong>import\u00e2ncia da vacina\u00e7\u00e3o<\/strong>, embora os casos de S\u00edndrome Respirat\u00f3ria Aguda Grave (SRAG) apresentem sinais de queda, tanto nas tend\u00eancias de curto quanto de longo prazo no \u00e2mbito nacional. Segundo o relat\u00f3rio, <strong>manter a imuniza\u00e7\u00e3o em dia \u00e9 crucial para conter a circula\u00e7\u00e3o dos principais v\u00edrus respons\u00e1veis pela SRAG<\/strong>, como o influenza e o Sars-CoV-2, causador da Covid-19.<\/p>\n<p>O relat\u00f3rio mostra ainda que as hospitaliza\u00e7\u00f5es por <strong>influenza A<\/strong> continuam avan\u00e7ando no <strong>Esp\u00edrito Santo<\/strong> e na <strong>Bahia<\/strong>, enquanto j\u00e1 h\u00e1 ind\u00edcios de desacelera\u00e7\u00e3o ou in\u00edcio de queda em <strong>S\u00e3o Paulo<\/strong> e <strong>Rio de Janeiro<\/strong>.<\/p>\n<h2>SRAG em crian\u00e7as e adolescentes<\/h2>\n<p>O boletim tamb\u00e9m destaca que o <strong>rinov\u00edrus <\/strong>permanece como a principal causa de hospitaliza\u00e7\u00f5es por SRAG entre <strong>crian\u00e7as e adolescentes de at\u00e9 14 anos<\/strong> no pa\u00eds. H\u00e1 ainda um leve aumento das notifica\u00e7\u00f5es associadas ao <strong>metapneumov\u00edrus <\/strong>em <strong>crian\u00e7as de at\u00e9 dois anos<\/strong>.<\/p>\n<p>Embora os casos graves de <strong>influenza A<\/strong> tenham diminu\u00eddo significativamente no <strong>Centro-Oeste<\/strong> e apresentem sinais de queda ou estabiliza\u00e7\u00e3o em parte do Sudeste \u2014 como em S\u00e3o Paulo e no Rio de Janeiro \u2014, o v\u00edrus ainda \u00e9 a principal causa de SRAG entre <strong>jovens e adultos de 15 a 49 anos<\/strong>. Entre os <strong>idosos<\/strong>, ele continua sendo uma das principais causas de hospitaliza\u00e7\u00e3o, ao lado da Covid-19.<\/p>\n<p>Em nota, a pesquisadora do Programa de Computa\u00e7\u00e3o Cient\u00edfica da Fiocruz e coordenadora do InfoGripe, <strong>Tatiana Portella<\/strong>, explica que o aumento de casos no <strong>Par\u00e1 <\/strong>se concentra em<strong> crian\u00e7as de 2 a 4 anos<\/strong> e em <strong>idosos acima de 65 anos<\/strong>. \u201cNas crian\u00e7as, esse crescimento tem sido impulsionado pelo<strong> rinov\u00edrus e adenov\u00edrus<\/strong>. J\u00e1 nos idosos, ainda n\u00e3o h\u00e1 dados laboratoriais suficientes para identificar qual v\u00edrus tem impulsionado esse aumento\u201d, destaca.<\/p>\n<h2>Estados e capitais<\/h2>\n<p>Oito estados apresentam n\u00edveis de incid\u00eancia de SRAG classificados como alerta, risco ou alto risco, embora sem tend\u00eancia de crescimento no longo prazo:<strong> Esp\u00edrito Santo, Goi\u00e1s, Mato Grosso, Para\u00edba, Rio de Janeiro, Roraima, Santa Catarina e Sergipe.<\/strong><\/p>\n<p>Entre as capitais, apenas <strong>Aracaju (SE), Cuiab\u00e1 (MT)<\/strong> e<strong> Vit\u00f3ria (ES)<\/strong> registram n\u00edveis de atividade de SRAG em alerta, risco ou alto risco.<\/p>\n<h2>Casos e \u00f3bitos<\/h2>\n<p>Nas \u00faltimas quatro semanas epidemiol\u00f3gicas, entre os casos positivos de SRAG, a preval\u00eancia foi de:<\/p>\n<ul>\n<li><strong>37,1%<\/strong> \u2013 rinov\u00edrus<\/li>\n<li><strong>26% <\/strong>\u2013 influenza A<\/li>\n<li><strong>14,4% <\/strong>\u2013 Covid-19<\/li>\n<li><strong>5,5%<\/strong> \u2013 v\u00edrus sincicial respirat\u00f3rio (VSR)<\/li>\n<li><strong>2,3%<\/strong> \u2013 influenza B<\/li>\n<\/ul>\n<p>Entre os \u00f3bitos confirmados no per\u00edodo, os n\u00fameros indicam:<\/p>\n<ul>\n<li><strong>40,3% <\/strong>\u2013 Covid-19<\/li>\n<li><strong>30,3%<\/strong> \u2013 influenza A<\/li>\n<li><strong>12,9%<\/strong> \u2013 rinov\u00edrus<\/li>\n<li><strong>4%<\/strong> \u2013 VSR<\/li>\n<li><strong>2%<\/strong> \u2013 influenza B<\/li>\n<\/ul>\n<p>O levantamento do InfoGripe tem como base os dados inseridos no Sistema de Informa\u00e7\u00e3o da Vigil\u00e2ncia Epidemiol\u00f3gica da Gripe, atualizados at\u00e9 22 de novembro, e \u00e9 referente \u00e0 Semana Epidemiol\u00f3gica (SE) 47. Confira outros detalhes no <a href=\"https:\/\/agencia.fiocruz.br\/infogripe-expansao-de-casos-de-srag-pode-ser-evitada-pela-vacinacao\" target=\"_blank\" rel=\"noopener\">link<\/a>.<\/p>\n<p>\t\t\t\t\t\t\t\t\t<img decoding=\"async\" src=\"https:\/\/brasil61.com\/api\/v1\/serve_pixel\/22254\/86121\" alt=\"Pixel Brasil 61\" class=\"b61_pixel\" width=\"0\" height=\"0\"><\/p>\n<div class=\"br61_backlink\">\n<p>\n\t\t\t\tFonte: <a href=\"https:\/\/brasil61.com\/infogripe-casos-de-srag-recuam-no-pais-mas-vacinacao-ainda-e-essencial-bras2515232\" title=\"Artigo Original: Infogripe: casos de SRAG recuam no pa\u00eds, mas vacina\u00e7\u00e3o ainda \u00e9 essencial\" target=\"_blank\" rel=\"noopener\">Brasil 61<\/a>\n\t\t\t<\/p>\n<\/p><\/div>\n<input type=\"hidden\" id=\"baseurl\" value=\"https:\/\/noticiasregionais.com.br\"><input type=\"hidden\" id=\"audio_nonce\" value=\"533fbb67b1\">","protected":false},"excerpt":{"rendered":"<p>Boletim da Fiocruz indica alta circula\u00e7\u00e3o de rinov\u00edrus entre crian\u00e7as e  aumento de influenza A em parte do pa\u00eds<\/p>\n","protected":false},"author":1,"featured_media":11380,"comment_status":"closed","ping_status":"open","sticky":false,"template":"","format":"standard","meta":{"sfsi_plus_gutenberg_text_before_share":"","sfsi_plus_gutenberg_show_text_before_share":"","sfsi_plus_gutenberg_icon_type":"","sfsi_plus_gutenberg_icon_alignemt":"","sfsi_plus_gutenburg_max_per_row":"","footnotes":""},"categories":[8],"tags":[],"class_list":["post-11343","post","type-post","status-publish","format-standard","has-post-thumbnail","hentry","category-brasil"],"_links":{"self":[{"href":"https:\/\/noticiasregionais.com.br\/index.php?rest_route=\/wp\/v2\/posts\/11343","targetHints":{"allow":["GET"]}}],"collection":[{"href":"https:\/\/noticiasregionais.com.br\/index.php?rest_route=\/wp\/v2\/posts"}],"about":[{"href":"https:\/\/noticiasregionais.com.br\/index.php?rest_route=\/wp\/v2\/types\/post"}],"author":[{"embeddable":true,"href":"https:\/\/noticiasregionais.com.br\/index.php?rest_route=\/wp\/v2\/users\/1"}],"replies":[{"embeddable":true,"href":"https:\/\/noticiasregionais.com.br\/index.php?rest_route=%2Fwp%2Fv2%2Fcomments&post=11343"}],"version-history":[{"count":1,"href":"https:\/\/noticiasregionais.com.br\/index.php?rest_route=\/wp\/v2\/posts\/11343\/revisions"}],"predecessor-version":[{"id":11379,"href":"https:\/\/noticiasregionais.com.br\/index.php?rest_route=\/wp\/v2\/posts\/11343\/revisions\/11379"}],"wp:featuredmedia":[{"embeddable":true,"href":"https:\/\/noticiasregionais.com.br\/index.php?rest_route=\/wp\/v2\/media\/11380"}],"wp:attachment":[{"href":"https:\/\/noticiasregionais.com.br\/index.php?rest_route=%2Fwp%2Fv2%2Fmedia&parent=11343"}],"wp:term":[{"taxonomy":"category","embeddable":true,"href":"https:\/\/noticiasregionais.com.br\/index.php?rest_route=%2Fwp%2Fv2%2Fcategories&post=11343"},{"taxonomy":"post_tag","embeddable":true,"href":"https:\/\/noticiasregionais.com.br\/index.php?rest_route=%2Fwp%2Fv2%2Ftags&post=11343"}],"curies":[{"name":"wp","href":"https:\/\/api.w.org\/{rel}","templated":true}]}}