{"id":11347,"date":"2025-11-29T04:10:00","date_gmt":"2025-11-29T07:10:00","guid":{"rendered":"https:\/\/noticiasregionais.com.br\/?p=11347"},"modified":"2025-11-29T04:10:00","modified_gmt":"2025-11-29T07:10:00","slug":"ultimos-dias-para-municipios-aderirem-ao-novo-pronacampo","status":"publish","type":"post","link":"https:\/\/noticiasregionais.com.br\/?p=11347","title":{"rendered":"\u00daltimos dias para munic\u00edpios aderirem ao Novo Pronacampo"},"content":{"rendered":"<p>\t\t\t\t\t\t\t\t\t\t\t<audio controls class=\"b61_audio_player\" data-noticia=\"86135\" src=\"https:\/\/brasil61.com\/rails\/active_storage\/blobs\/eyJfcmFpbHMiOnsibWVzc2FnZSI6IkJBaHBBM2pKQXc9PSIsImV4cCI6bnVsbCwicHVyIjoiYmxvYl9pZCJ9fQ==--e8f086887012815d96c4fc1a547a85d4a8ab6963\/BRAS2515233A\"><\/audio><\/p>\n<p>O <strong>prazo para a ades\u00e3o<\/strong> \u00e0\u00a0\u00a0<strong>Pol\u00edtica Nacional de Educa\u00e7\u00e3o do Campo, das \u00c1guas e das Florestas (Novo Pronacampo)<\/strong> termina esse <strong>domingo (30)<\/strong>. O <strong>Minist\u00e9rio da Educa\u00e7\u00e3o (MEC)<\/strong> havia prorrogado o prazo final at\u00e9 o final do m\u00eas e a ades\u00e3o j\u00e1 \u00e9 de <strong>mais de 3 mil munic\u00edpios brasileiros<\/strong>. <strong>Ainda restam 1.224 munic\u00edpios eleg\u00edveis<\/strong> \u00e0 pol\u00edtica que n\u00e3o se inscreveram.<\/p>\n<p>A iniciativa tem como objetivo\u00a0<strong>fortalecer e expandir a oferta educacional<\/strong>, com a <strong>melhoria de infraestrutura<\/strong> <strong>e materiais<\/strong>, promovendo o aperfei\u00e7oamento na qualidade da educa\u00e7\u00e3o b\u00e1sica e superior e <strong>garantindo o direito \u00e0 perman\u00eancia dos estudantes<\/strong>.\u00a0<\/p>\n<p>A ades\u00e3o \u00e9 volunt\u00e1ria e deve ser feita pelas secretarias estaduais e municipais de educa\u00e7\u00e3o, <strong>via<\/strong> <strong>Sistema Integrado de Monitoramento, Execu\u00e7\u00e3o e Controle (Simec)<\/strong>.\u00a0Para orientar os gestores nesse processo, o MEC elaborou um <a href=\"https:\/\/www.gov.br\/mec\/pt-br\/novo-pronacampo\/documentos\" target=\"_blank\" rel=\"noopener\"><strong>Guia de Navega\u00e7\u00e3o<\/strong><\/a>.\u00a0 \u00a0\u00a0<\/p>\n<h2>Metas da pol\u00edtica<\/h2>\n<p>Institu\u00edda pela <a href=\"https:\/\/www.in.gov.br\/en\/web\/dou\/-\/portaria-mec-n-538-de-24-de-julho-de-2025-644409910\" target=\"_blank\" rel=\"noopener\">Portaria n\u00b0538 de julho de 2025<\/a>, a pol\u00edtica pretende:<\/p>\n<ul>\n<li>Criar um sistema de acompanhamento e avalia\u00e7\u00e3o da educa\u00e7\u00e3o voltada aos povos do campo, das \u00e1guas e das florestas;<\/li>\n<li>Apoiar estados e munic\u00edpios para que desenvolvam melhor suas pr\u00f3prias pol\u00edticas de educa\u00e7\u00e3o para essas popula\u00e7\u00f5es, com mais autonomia e participa\u00e7\u00e3o social;<\/li>\n<li>Fortalecer a educa\u00e7\u00e3o do campo, das \u00e1guas e das florestas, colocando em pr\u00e1tica as Diretrizes Curriculares Nacionais que orientam essa modalidade de ensino.<\/li>\n<\/ul>\n<p>As informa\u00e7\u00f5es s\u00e3o do <a href=\"https:\/\/www.gov.br\/mec\/pt-br\" target=\"_blank\" rel=\"noopener\">Minist\u00e9rio da Educa\u00e7\u00e3o<\/a>.<\/p>\n<p>\u00a0<\/p>\n<p>\t\t\t\t\t\t\t\t\t\t<img decoding=\"async\" src=\"https:\/\/brasil61.com\/api\/v1\/serve_pixel\/22254\/86135\" alt=\"Pixel Brasil 61\" class=\"b61_pixel\" width=\"0\" height=\"0\"><\/p>\n<div class=\"br61_backlink\">\n<p>\n\t\t\t\tFonte: <a href=\"https:\/\/brasil61.com\/ultimos-dias-para-municipios-aderirem-ao-novo-pronacampo-bras2515233\" title=\"Artigo Original: \u00daltimos dias para munic\u00edpios aderirem ao Novo Pronacampo\" target=\"_blank\" rel=\"noopener\">Brasil 61<\/a>\n\t\t\t<\/p>\n<\/p><\/div>\n<input type=\"hidden\" id=\"baseurl\" value=\"https:\/\/noticiasregionais.com.br\"><input type=\"hidden\" id=\"audio_nonce\" value=\"533fbb67b1\">","protected":false},"excerpt":{"rendered":"<p>Prazo da ades\u00e3o \u00e9 at\u00e9 domingo (30); objetivo do programa \u00e9 ampliar o acesso \u00e0 educa\u00e7\u00e3o e aumentar a perman\u00eancia de estudantes na modalidade<\/p>\n","protected":false},"author":1,"featured_media":11348,"comment_status":"","ping_status":"open","sticky":false,"template":"","format":"standard","meta":{"sfsi_plus_gutenberg_text_before_share":"","sfsi_plus_gutenberg_show_text_before_share":"","sfsi_plus_gutenberg_icon_type":"","sfsi_plus_gutenberg_icon_alignemt":"","sfsi_plus_gutenburg_max_per_row":"","footnotes":""},"categories":[8],"tags":[],"class_list":["post-11347","post","type-post","status-publish","format-standard","has-post-thumbnail","hentry","category-brasil"],"_links":{"self":[{"href":"https:\/\/noticiasregionais.com.br\/index.php?rest_route=\/wp\/v2\/posts\/11347","targetHints":{"allow":["GET"]}}],"collection":[{"href":"https:\/\/noticiasregionais.com.br\/index.php?rest_route=\/wp\/v2\/posts"}],"about":[{"href":"https:\/\/noticiasregionais.com.br\/index.php?rest_route=\/wp\/v2\/types\/post"}],"author":[{"embeddable":true,"href":"https:\/\/noticiasregionais.com.br\/index.php?rest_route=\/wp\/v2\/users\/1"}],"replies":[{"embeddable":true,"href":"https:\/\/noticiasregionais.com.br\/index.php?rest_route=%2Fwp%2Fv2%2Fcomments&post=11347"}],"version-history":[{"count":0,"href":"https:\/\/noticiasregionais.com.br\/index.php?rest_route=\/wp\/v2\/posts\/11347\/revisions"}],"wp:featuredmedia":[{"embeddable":true,"href":"https:\/\/noticiasregionais.com.br\/index.php?rest_route=\/wp\/v2\/media\/11348"}],"wp:attachment":[{"href":"https:\/\/noticiasregionais.com.br\/index.php?rest_route=%2Fwp%2Fv2%2Fmedia&parent=11347"}],"wp:term":[{"taxonomy":"category","embeddable":true,"href":"https:\/\/noticiasregionais.com.br\/index.php?rest_route=%2Fwp%2Fv2%2Fcategories&post=11347"},{"taxonomy":"post_tag","embeddable":true,"href":"https:\/\/noticiasregionais.com.br\/index.php?rest_route=%2Fwp%2Fv2%2Ftags&post=11347"}],"curies":[{"name":"wp","href":"https:\/\/api.w.org\/{rel}","templated":true}]}}