{"id":11355,"date":"2025-11-30T04:10:00","date_gmt":"2025-11-30T07:10:00","guid":{"rendered":"https:\/\/noticiasregionais.com.br\/?p=11355"},"modified":"2025-11-30T04:10:00","modified_gmt":"2025-11-30T07:10:00","slug":"imagem-da-selecao-feminina-de-futebol-e-positiva-para-7-em-cada-10-brasileiros-segundo-pesquisa","status":"publish","type":"post","link":"https:\/\/noticiasregionais.com.br\/?p=11355","title":{"rendered":"Imagem da Sele\u00e7\u00e3o Feminina de Futebol \u00e9 positiva para 7 em cada 10 brasileiros, segundo pesquisa"},"content":{"rendered":"<p>\t\t\t\t\t\t\t\t\t\t\t<audio controls class=\"b61_audio_player\" data-noticia=\"86147\" src=\"https:\/\/brasil61.com\/rails\/active_storage\/blobs\/eyJfcmFpbHMiOnsibWVzc2FnZSI6IkJBaHBBNERKQXc9PSIsImV4cCI6bnVsbCwicHVyIjoiYmxvYl9pZCJ9fQ==--b4da15a7868a958999cfc875052d025e6ba06ac1\/BRAS2515239A\"><\/audio><\/p>\n<p>A <strong>Sele\u00e7\u00e3o Feminina de Futebol<\/strong> \u00e9 avaliada como <strong>positiva<\/strong> por <strong>sete<\/strong> a cada <strong>dez<\/strong> brasileiros. Uma <strong><a href=\"https:\/\/www.nexus.fsb.com.br\/estudos-divulgados\/73-dos-brasileiros-avaliam-positivamente-a-selecao-feminina-de-futebol\/?utm_medium=email&amp;_hsenc=p2ANqtz-9t_wo1OcKKkeKsjSvR-eIti7Mb0tQzE23s71KrQhLUXLJo6AvZXNeydhNN2K_6tmO4XMcPvDnuhJjZLhHHeeg-ccyZx4OqYO2bsYunMCaGaV0mjBA&amp;_hsmi=392056232&amp;utm_content=392056232&amp;utm_source=hs_email\" target=\"_blank\" rel=\"noopener\">pesquisa<\/a><\/strong> encomendada pela Confedera\u00e7\u00e3o Brasileira de Futebol (CBF) e realizada pela <a href=\"https:\/\/www.nexus.fsb.com.br\/estudos-divulgados\/73-dos-brasileiros-avaliam-positivamente-a-selecao-feminina-de-futebol\/?utm_medium=email&amp;_hsenc=p2ANqtz-9t_wo1OcKKkeKsjSvR-eIti7Mb0tQzE23s71KrQhLUXLJo6AvZXNeydhNN2K_6tmO4XMcPvDnuhJjZLhHHeeg-ccyZx4OqYO2bsYunMCaGaV0mjBA&amp;_hsmi=392056232&amp;utm_content=392056232&amp;utm_source=hs_email\" target=\"_blank\" rel=\"noopener\">Nexus<\/a> mostrou que <strong>73% dos brasileiros<\/strong> veem a imagem da equipe <strong>de forma positiva ou muito positiva<\/strong>. Al\u00e9m disso, <strong>54%<\/strong> afirmaram se sentir <strong>orgulhosos<\/strong> da equipe, e <strong>41%<\/strong> afirmaram ter <strong>aumentado<\/strong> a frequ\u00eancia com que <strong>acompanham<\/strong> <strong>o time<\/strong> na \u00faltima d\u00e9cada.<\/p>\n<p>Frente \u00e0 pergunta \u201c<strong>Como voc\u00ea avalia a imagem da Sele\u00e7\u00e3o Feminina de Futebol?<\/strong>\u201d, <strong>46%<\/strong> dos respondentes afirmaram ver a equipe de forma <strong>muito positiva<\/strong>, <strong>27%<\/strong> de forma <strong>positiva<\/strong>, <strong>6%<\/strong> de forma <strong>negativa<\/strong> e <strong>7%<\/strong> de forma <strong>muito negativa<\/strong>, enquanto <strong>14%<\/strong> <strong>n\u00e3o souberam<\/strong> responder.<\/p>\n<p>Segundo a pesquisa, a avalia\u00e7\u00e3o da equipe se mostra <strong>superior<\/strong> entre <strong>jovens de 16 a 24 anos<\/strong> (83% de avalia\u00e7\u00f5es positivas), pessoas com <strong>ensino superior <\/strong>(77% de avalia\u00e7\u00f5es positivas), <strong>homens<\/strong> (78% de avalia\u00e7\u00f5es positivas), que <strong>recebem entre dois e cinco sal\u00e1rios m\u00ednimos<\/strong> (77% de avalia\u00e7\u00f5es positivas), que recebem <strong>mais de cinco sal\u00e1rios m\u00ednimos<\/strong> (77% de avalia\u00e7\u00f5es positivas) e <strong>moradores das regi\u00f5es Norte e Centro-Oeste<\/strong> (82% de avalia\u00e7\u00f5es positivas).<\/p>\n<p>Do lado oposto, as avalia\u00e7\u00f5es <strong>mais negativas<\/strong> v\u00eam de pessoas <strong>analfabetas<\/strong> e que n\u00e3o sabem ler ou escrever (27% de avalia\u00e7\u00f5es negativas), com idades entre <strong>41 e 59 anos<\/strong> (17% de avalia\u00e7\u00f5es negativas), moradores do <strong>Nordeste <\/strong>(17% de avalia\u00e7\u00f5es negativas) e que <strong>recebem at\u00e9 um sal\u00e1rio m\u00ednimo<\/strong> (16% de avalia\u00e7\u00f5es negativas).<\/p>\n<p>Sobre o <strong>sentimento de orgulho<\/strong> quanto \u00e0 Sele\u00e7\u00e3o Feminina, a pesquisa mostrou que <strong>54%<\/strong> dos brasileiros<strong> se sentem orgulhosos <\/strong>da equipe \u2014 <strong>22% muito orgulhosos e 32% orgulhosos<\/strong> \u2014, <strong>18%<\/strong> se sentem <strong>mais ou menos orgulhosos<\/strong> e <strong>19%<\/strong> se sentem <strong>pouco ou nada orgulhosos<\/strong>.<\/p>\n<p>Ainda de acordo com o levantamento, <strong>56%<\/strong> dos brasileiros afirmam <strong>j\u00e1 ter assistido a alguma partida de futebol feminino<\/strong>, e<strong> 58% <\/strong>afirmam que jogos da Sele\u00e7\u00e3o Brasileira s\u00e3o a <strong>melhor porta de entrada<\/strong> para o acompanhamento da modalidade.\u00a0<\/p>\n<p>Nesse sentido, <strong>41%<\/strong> dos brasileiros afirmam que a f<strong>requ\u00eancia com que acompanham as partidas da Sele\u00e7\u00e3o Feminina aumentou nos \u00faltimos dez anos<\/strong>, enquanto, para <strong>19%<\/strong>, ela <strong>continuou a mesma<\/strong> e <strong>diminuiu<\/strong> para <strong>30%<\/strong>. Na \u00faltima d\u00e9cada, a equipe conquistou tr\u00eas Copas Am\u00e9rica (2018, 2022 e 2025), t\u00edtulos no Torneio Internacional de Futebol Feminino (2015, 2016 e 2021), nos Jogos Pan-Americanos (2015), Jogos Mundiais Militares (2018), Univers\u00edada de Ver\u00e3o (2017) e a medalha de prata nos Jogos Ol\u00edmpicos de Paris 2024.<\/p>\n<h2>Empolga\u00e7\u00e3o dividida<\/h2>\n<p>Mesmo com a conquista de tantos t\u00edtulos e o aumento na audi\u00eancia na \u00faltima d\u00e9cada, a Sele\u00e7\u00e3o Feminina ainda divide o p\u00fablico quanto \u00e0 empolga\u00e7\u00e3o. Para 32%, o atual momento da equipe \u00e9 animador, enquanto 36% se mostram com pouca ou nenhuma empolga\u00e7\u00e3o. Outros 25% se mostraram mais ou menos empolgados e 7% n\u00e3o souberam responder.<\/p>\n<p>Enquanto isso, a pesquisa mostrou que, para 59% dos brasileiros, o apoio e reconhecimento dados ao futebol feminino \u00e9 aqu\u00e9m do que a modalidade merece, enquanto 30% acreditam que a modalidade recebe o apoio merecido.<\/p>\n<p>\u201cO futebol feminino \u00e9 uma modalidade que cresceu bastante nos \u00faltimos anos, tem despertado cada vez mais interesse das pessoas, especialmente depois da medalha de prata na Olimp\u00edada do ano passado, mas que tamb\u00e9m tem sido perene, permanente. Nossa miss\u00e3o \u00e9 seguir engajando e mantendo a modalidade em alta, para que mais mulheres pratiquem e a qualidade seja elevada e novas conquistas venham\u201d, pontuou o presidente da CBF, Samir Xaud, que afirmou, ainda, que o Mundial de 2027 ser\u00e1 um marco para a consolida\u00e7\u00e3o do protagonismo das mulheres no esporte e no pa\u00eds.<\/p>\n<p>Com informa\u00e7\u00f5es da Nexus &#8211; Pesquisa e Intelig\u00eancia de Dados<\/p>\n<p>\t\t\t\t\t\t\t\t\t\t<img decoding=\"async\" src=\"https:\/\/brasil61.com\/api\/v1\/serve_pixel\/22254\/86147\" alt=\"Pixel Brasil 61\" class=\"b61_pixel\" width=\"0\" height=\"0\"><\/p>\n<div class=\"br61_backlink\">\n<p>\n\t\t\t\tFonte: <a href=\"https:\/\/brasil61.com\/imagem-da-selecao-feminina-de-futebol-e-positiva-para-7-em-cada-10-brasileiros-segundo-pesquisa-bras2515239\" title=\"Artigo Original: Imagem da Sele\u00e7\u00e3o Feminina de Futebol \u00e9 positiva para 7 em cada 10 brasileiros, segundo pesquisa\" target=\"_blank\" rel=\"noopener\">Brasil 61<\/a>\n\t\t\t<\/p>\n<\/p><\/div>\n<input type=\"hidden\" id=\"baseurl\" value=\"https:\/\/noticiasregionais.com.br\"><input type=\"hidden\" id=\"audio_nonce\" value=\"5c13e0637f\">","protected":false},"excerpt":{"rendered":"<p>Levantamento da Nexus mostra que avalia\u00e7\u00e3o positiva da equipe se traduz em orgulho para os brasileiros<\/p>\n","protected":false},"author":1,"featured_media":11356,"comment_status":"","ping_status":"open","sticky":false,"template":"","format":"standard","meta":{"sfsi_plus_gutenberg_text_before_share":"","sfsi_plus_gutenberg_show_text_before_share":"","sfsi_plus_gutenberg_icon_type":"","sfsi_plus_gutenberg_icon_alignemt":"","sfsi_plus_gutenburg_max_per_row":"","footnotes":""},"categories":[8],"tags":[],"class_list":["post-11355","post","type-post","status-publish","format-standard","has-post-thumbnail","hentry","category-brasil"],"_links":{"self":[{"href":"https:\/\/noticiasregionais.com.br\/index.php?rest_route=\/wp\/v2\/posts\/11355","targetHints":{"allow":["GET"]}}],"collection":[{"href":"https:\/\/noticiasregionais.com.br\/index.php?rest_route=\/wp\/v2\/posts"}],"about":[{"href":"https:\/\/noticiasregionais.com.br\/index.php?rest_route=\/wp\/v2\/types\/post"}],"author":[{"embeddable":true,"href":"https:\/\/noticiasregionais.com.br\/index.php?rest_route=\/wp\/v2\/users\/1"}],"replies":[{"embeddable":true,"href":"https:\/\/noticiasregionais.com.br\/index.php?rest_route=%2Fwp%2Fv2%2Fcomments&post=11355"}],"version-history":[{"count":0,"href":"https:\/\/noticiasregionais.com.br\/index.php?rest_route=\/wp\/v2\/posts\/11355\/revisions"}],"wp:featuredmedia":[{"embeddable":true,"href":"https:\/\/noticiasregionais.com.br\/index.php?rest_route=\/wp\/v2\/media\/11356"}],"wp:attachment":[{"href":"https:\/\/noticiasregionais.com.br\/index.php?rest_route=%2Fwp%2Fv2%2Fmedia&parent=11355"}],"wp:term":[{"taxonomy":"category","embeddable":true,"href":"https:\/\/noticiasregionais.com.br\/index.php?rest_route=%2Fwp%2Fv2%2Fcategories&post=11355"},{"taxonomy":"post_tag","embeddable":true,"href":"https:\/\/noticiasregionais.com.br\/index.php?rest_route=%2Fwp%2Fv2%2Ftags&post=11355"}],"curies":[{"name":"wp","href":"https:\/\/api.w.org\/{rel}","templated":true}]}}