{"id":11357,"date":"2025-11-30T04:05:00","date_gmt":"2025-11-30T07:05:00","guid":{"rendered":"https:\/\/noticiasregionais.com.br\/?p=11357"},"modified":"2025-11-30T04:05:00","modified_gmt":"2025-11-30T07:05:00","slug":"cooperacao-tecnica-pode-fortalecer-atendimento-pediatrico-nos-municipios","status":"publish","type":"post","link":"https:\/\/noticiasregionais.com.br\/?p=11357","title":{"rendered":"Coopera\u00e7\u00e3o t\u00e9cnica pode fortalecer atendimento pedi\u00e1trico nos munic\u00edpios"},"content":{"rendered":"<p>\t\t\t\t\t\t\t\t\t\t\t<audio controls class=\"b61_audio_player\" data-noticia=\"86141\" src=\"https:\/\/brasil61.com\/rails\/active_storage\/blobs\/eyJfcmFpbHMiOnsibWVzc2FnZSI6IkJBaHBBM1BKQXc9PSIsImV4cCI6bnVsbCwicHVyIjoiYmxvYl9pZCJ9fQ==--a4897420a7c00034c8deabfbc33cc31c9c962fef\/BRAS2515234A\"><\/audio><\/p>\n<p>\u00a0A <a href=\"https:\/\/www.sbp.com.br\/imprensa\/detalhe\/news\/sbp-e-conasems-discutem-proposta-para-fortalecer-a-pediatria-nos-municipios\/\" target=\"_blank\" rel=\"noopener\">Sociedade Brasileira de Pediatria (SBP)<\/a> e o <a href=\"https:\/\/portal.conasems.org.br\/\" target=\"_blank\" rel=\"noopener\">Conselho Nacional de Secretarias Municipais de Sa\u00fade (Conasems)<\/a> deram in\u00edcio a conversas para formalizar uma <strong>coopera\u00e7\u00e3o t\u00e9cnica<\/strong> que coloque a<strong> pediatria<\/strong> em <strong>destaque na rede municipal de sa\u00fade<\/strong>. O objetivo central \u00e9 refor\u00e7ar o cuidado infantil no Brasil, especialmente em munic\u00edpios de menor porte, por meio da inclus\u00e3o de pediatras nas equipes de Aten\u00e7\u00e3o Prim\u00e1ria \u00e0 Sa\u00fade (APS).\u00a0<\/p>\n<\/p>\n<p dir=\"ltr\">O encontro realizado em Bras\u00edlia reuniu dirigentes das duas entidades. A <a href=\"https:\/\/www.sbp.com.br\/imprensa\/detalhe\/news\/sbp-e-conasems-discutem-proposta-para-fortalecer-a-pediatria-nos-municipios\/\" target=\"_blank\" rel=\"noopener\">SBP<\/a> entregou um resumo da Carta de Recife, documento que expressa os anseios dos pediatras de todo o pa\u00eds. A carta aponta que, embora o Brasil conte com quase 50 mil pediatras titulados para atender cerca de 45 milh\u00f5es de crian\u00e7as e adolescentes, h\u00e1 uma distribui\u00e7\u00e3o desigual dessas especialidades, com escassez de pediatras nas regi\u00f5es mais vulner\u00e1veis.\u00a0<\/p>\n<p dir=\"ltr\">Para reduzir essa desigualdade, a proposta da <a href=\"https:\/\/www.sbp.com.br\/imprensa\/detalhe\/news\/sbp-e-conasems-discutem-proposta-para-fortalecer-a-pediatria-nos-municipios\/\" target=\"_blank\" rel=\"noopener\">SBP<\/a>, conforme a Carta de Recife, \u00e9 incorporar de 2 a 4 mil pediatras nas equipes de APS, podendo atuar nas equipes de Sa\u00fade da Fam\u00edlia, equipes e-Multi, munic\u00edpios ou cons\u00f3rcios intermunicipais, com sua distribui\u00e7\u00e3o ajustada conforme as condi\u00e7\u00f5es locais de sa\u00fade e perfil populacional.\u00a0<\/p>\n<p dir=\"ltr\">Segundo a SBP, a presen\u00e7a regular de pediatras no primeiro n\u00edvel de aten\u00e7\u00e3o \u00e9 essencial para garantir um cuidado cont\u00ednuo e integral a crian\u00e7as e adolescentes, promovendo sa\u00fade, preven\u00e7\u00e3o de agravos, diagn\u00f3stico precoce e orienta\u00e7\u00e3o adequada \u00e0s fam\u00edlias, especial cuidado diante das desigualdades regionais do Brasil.\u00a0<\/p>\n<p dir=\"ltr\">Como parte desta iniciativa de valoriza\u00e7\u00e3o da pediatria municipal, a SBP e suas 27 filiadas convocaram uma mobiliza\u00e7\u00e3o nacional para este domingo, 30 de novembro.<\/p>\n<p dir=\"ltr\">Com o lema <strong>\u201cPediatra na Aten\u00e7\u00e3o Prim\u00e1ria: cuidado desde o primeiro contato\u201d<\/strong>, a mobiliza\u00e7\u00e3o visa sensibilizar gestores p\u00fablicos e a sociedade sobre a import\u00e2ncia de garantir atendimento pedi\u00e1trico desde a base do sistema de sa\u00fade.\u00a0<\/p>\n<p dir=\"ltr\">As informa\u00e7\u00f5es s\u00e3o da <a href=\"https:\/\/www.sbp.com.br\/imprensa\/detalhe\/news\/sbp-e-conasems-discutem-proposta-para-fortalecer-a-pediatria-nos-municipios\/\" target=\"_blank\" rel=\"noopener\">Sociedade Brasileira de Pediatria<\/a>.<\/p>\n<p>\t\t\t\t\t\t\t\t\t\t<img decoding=\"async\" src=\"https:\/\/brasil61.com\/api\/v1\/serve_pixel\/22254\/86141\" alt=\"Pixel Brasil 61\" class=\"b61_pixel\" width=\"0\" height=\"0\"><\/p>\n<div class=\"br61_backlink\">\n<p>\n\t\t\t\tFonte: <a href=\"https:\/\/brasil61.com\/cooperacao-tecnica-pode-fortalecer-atendimento-pediatrico-nos-municipios-bras2515234\" title=\"Artigo Original: Coopera\u00e7\u00e3o t\u00e9cnica pode fortalecer atendimento pedi\u00e1trico nos munic\u00edpios\" target=\"_blank\" rel=\"noopener\">Brasil 61<\/a>\n\t\t\t<\/p>\n<\/p><\/div>\n<input type=\"hidden\" id=\"baseurl\" value=\"https:\/\/noticiasregionais.com.br\"><input type=\"hidden\" id=\"audio_nonce\" value=\"5c13e0637f\">","protected":false},"excerpt":{"rendered":"<p> Parceria entre Sociedade Brasileira de Pediatria e Conselho Nacional de Secretarias Municipais de Sa\u00fade mira garantir presen\u00e7a de pediatras na Aten\u00e7\u00e3o Prim\u00e1ria, com foco especial em pequenos munic\u00edpios<\/p>\n","protected":false},"author":1,"featured_media":11358,"comment_status":"","ping_status":"open","sticky":false,"template":"","format":"standard","meta":{"sfsi_plus_gutenberg_text_before_share":"","sfsi_plus_gutenberg_show_text_before_share":"","sfsi_plus_gutenberg_icon_type":"","sfsi_plus_gutenberg_icon_alignemt":"","sfsi_plus_gutenburg_max_per_row":"","footnotes":""},"categories":[8],"tags":[],"class_list":["post-11357","post","type-post","status-publish","format-standard","has-post-thumbnail","hentry","category-brasil"],"_links":{"self":[{"href":"https:\/\/noticiasregionais.com.br\/index.php?rest_route=\/wp\/v2\/posts\/11357","targetHints":{"allow":["GET"]}}],"collection":[{"href":"https:\/\/noticiasregionais.com.br\/index.php?rest_route=\/wp\/v2\/posts"}],"about":[{"href":"https:\/\/noticiasregionais.com.br\/index.php?rest_route=\/wp\/v2\/types\/post"}],"author":[{"embeddable":true,"href":"https:\/\/noticiasregionais.com.br\/index.php?rest_route=\/wp\/v2\/users\/1"}],"replies":[{"embeddable":true,"href":"https:\/\/noticiasregionais.com.br\/index.php?rest_route=%2Fwp%2Fv2%2Fcomments&post=11357"}],"version-history":[{"count":0,"href":"https:\/\/noticiasregionais.com.br\/index.php?rest_route=\/wp\/v2\/posts\/11357\/revisions"}],"wp:featuredmedia":[{"embeddable":true,"href":"https:\/\/noticiasregionais.com.br\/index.php?rest_route=\/wp\/v2\/media\/11358"}],"wp:attachment":[{"href":"https:\/\/noticiasregionais.com.br\/index.php?rest_route=%2Fwp%2Fv2%2Fmedia&parent=11357"}],"wp:term":[{"taxonomy":"category","embeddable":true,"href":"https:\/\/noticiasregionais.com.br\/index.php?rest_route=%2Fwp%2Fv2%2Fcategories&post=11357"},{"taxonomy":"post_tag","embeddable":true,"href":"https:\/\/noticiasregionais.com.br\/index.php?rest_route=%2Fwp%2Fv2%2Ftags&post=11357"}],"curies":[{"name":"wp","href":"https:\/\/api.w.org\/{rel}","templated":true}]}}