{"id":11359,"date":"2025-11-30T04:00:00","date_gmt":"2025-11-30T07:00:00","guid":{"rendered":"https:\/\/noticiasregionais.com.br\/?p=11359"},"modified":"2025-12-01T23:01:20","modified_gmt":"2025-12-02T02:01:20","slug":"reconstrucao-da-ponte-juscelino-kubitschek-de-oliveira-vai-normalizar-rotas-agricolas-e-reduzir-valor-do-frete-projeta-aprosoja","status":"publish","type":"post","link":"https:\/\/noticiasregionais.com.br\/?p=11359","title":{"rendered":"Reconstru\u00e7\u00e3o da Ponte Juscelino Kubitschek de Oliveira vai normalizar rotas agr\u00edcolas e reduzir valor do frete, projeta Aprosoja"},"content":{"rendered":"<p>\t\t\t\t\t\t\t\t\t\t<audio controls class=\"b61_audio_player\" data-noticia=\"86143\" src=\"https:\/\/brasil61.com\/rails\/active_storage\/blobs\/eyJfcmFpbHMiOnsibWVzc2FnZSI6IkJBaHBBM0xKQXc9PSIsImV4cCI6bnVsbCwicHVyIjoiYmxvYl9pZCJ9fQ==--3675af1a0bc33e393bc7362af71e79bdba38b8e4\/BRAS2515235A\"><\/audio><\/p>\n<p>A reconstru\u00e7\u00e3o da Ponte Juscelino Kubitschek de Oliveira, entre os estados do Maranh\u00e3o e Tocantins, vai dar normalidade ao tr\u00e1fego e restabelecer o escoamento agr\u00edcola para a regi\u00e3o. A proje\u00e7\u00e3o \u00e9 da presidente da <a href=\"https:\/\/aprosojato.com.br\/\" target=\"_blank\" rel=\"noopener\">Associa\u00e7\u00e3o Brasileira dos Produtores de Soja (Aprosoja) do Tocantins<\/a>, Caroline Barcellos.\u00a0<\/p>\n<p>Na avalia\u00e7\u00e3o dela, trata-se de uma via estrat\u00e9gica para o setor. \u201cEssa tamb\u00e9m \u00e9 uma rota de abastecimento dos insumos que vem dos portos e tamb\u00e9m o escoamento dos gr\u00e3os que v\u00e3o para esses portos.\u00a0<\/p>\n<p>De acordo com a entidade, ainda n\u00e3o h\u00e1 dados oficiais sobre qual foi a altera\u00e7\u00e3o nos valores de fretes sobre essa rota. Mas, para Caroline, \u00e9 poss\u00edvel afirmar que ser\u00e1 notada uma redu\u00e7\u00e3o dos custos log\u00edsticos, pois haver\u00e1 exclus\u00e3o das quantias pagas para transporte das cargas em balsas, al\u00e9m da diminui\u00e7\u00e3o na extens\u00e3o dos percursos.\u00a0<\/p>\n<p>\u201cOs produtores e transportadoras relataram aumento durante o per\u00edodo da interrup\u00e7\u00e3o, principalmente devido ao desvio por rotas mais longas, maior consumo de combust\u00edvel, o aumento do tempo da viagem em filas, al\u00e9m do que algumas taxas que alguns prefeitos dessas cidades que foram impactadas acabaram colocando para que tentassem amenizar os preju\u00edzos que acabaram tendo nas suas estradas e rodovias. Isso fez com que houvesse o encarecimento do frete na conta final\u201d, afirma.\u00a0<\/p>\n<h2>Munic\u00edpios afetados\u00a0<\/h2>\n<p>De maneira geral, as \u00e1reas mais afetadas foram as que englobam regi\u00f5es como Bico do Papagaio e Matopiba, uma das principais \u00e1reas de expans\u00e3o agr\u00edcola do Brasil. Al\u00e9m de Estreito (MA) e Aguiarn\u00f3polis (TO) \u2013 divididos pela ponte, outros munic\u00edpios impactados citados pela Aprosoja Tocantins foram os seguintes:<\/p>\n<ul>\n<li>Filad\u00e9lfia (TO)<\/li>\n<li>Aragua\u00edna (TO)<\/li>\n<li>Baba\u00e7ul\u00e2ndia (TO)<\/li>\n<li>Anan\u00e1s (TO)<\/li>\n<li>Xambio\u00e1 (TO)<\/li>\n<li>Darcin\u00f3polis (TO)<\/li>\n<li>Axix\u00e1 (TO)<\/li>\n<li>Carolina (MA)<\/li>\n<li>Riach\u00e3o (MA)<\/li>\n<li>Porto Franco (MA)<\/li>\n<li>Balsas (MA)<\/li>\n<\/ul>\n<p>\u201cS\u00e3o regi\u00f5es que compram os insumos via Maranh\u00e3o e tamb\u00e9m levam os gr\u00e3os para o Porto de Itaqui, e S\u00e3o Lu\u00eds (MA). \u00a0\u00c9 um corredor log\u00edstico extremamente importante, e essa ponte voltando a funcionar, com certeza vai trazer benef\u00edcios para todos que poder\u00e3o utiliz\u00e1-la novamente\u201d, avalia Caroline.\u00a0<\/p>\n<h2>Ponte Juscelino Kubitschek de Oliveira: libera\u00e7\u00e3o do tr\u00e1fego prevista para o fim de dezembro<\/h2>\n<p>O Departamento Nacional de Infraestrutura de Transportes <a href=\"https:\/\/www.gov.br\/dnit\/pt-br\" target=\"_blank\" rel=\"noopener\">(DNIT)<\/a> informou que a previs\u00e3o \u00e9 de que o tr\u00e2nsito no trecho seja liberado at\u00e9 o final de dezembro de 2025. Segundo a autarquia, mais de 80% das obras j\u00e1 foram conclu\u00eddas.\u00a0<\/p>\n<p><a href=\"https:\/\/brasil61.com\/n\/reconstrucao-da-ponte-juscelino-kubitschek-de-oliveira-trafego-pode-ser-liberado-ate-o-fim-de-dezembro-diz-dnit-bras2515213\" target=\"_blank\" rel=\"noopener\">Reconstru\u00e7\u00e3o da Ponte Juscelino Kubitschek de Oliveira: tr\u00e1fego pode ser liberado at\u00e9 o fim de dezembro, diz DNIT<\/a><\/p>\n<p>\u201cAtualmente, faltam apenas duas aduelas convencionais e tr\u00eas aduelas de fechamento, que s\u00e3o essenciais para finalizar o projeto. As aduelas t\u00eam 4,5 metros de comprimento e est\u00e3o localizadas nos lados do Maranh\u00e3o e Tocantins\u201d, afirmou o \u00f3rg\u00e3o.\u00a0<\/p>\n<p>Al\u00e9m disso, as equipes j\u00e1 iniciaram os trabalhos de acabamento, incluindo o tratamento do concreto e a instala\u00e7\u00e3o de guarda-corpos.\u00a0<\/p>\n<h2>O incidente<\/h2>\n<p>A queda da ponte ocorreu no dia 22 de dezembro de 2024. \u00a0O DNIT informou que o desabamento ocorreu porque o v\u00e3o central da ponte cedeu. Pelo menos 14 pessoas morreram. Por conta do incidente, foram estabelecidas rotas alternativas para travessia do Rio Tocantins.\u00a0<br \/>\n\u00a0<\/p>\n<p>\t\t\t\t\t\t\t\t\t<img decoding=\"async\" src=\"https:\/\/brasil61.com\/api\/v1\/serve_pixel\/22254\/86143\" alt=\"Pixel Brasil 61\" class=\"b61_pixel\" width=\"0\" height=\"0\"><\/p>\n<div class=\"br61_backlink\">\n<p>\n\t\t\t\tFonte: <a href=\"https:\/\/brasil61.com\/reconstrucao-da-ponte-juscelino-kubitschek-de-oliveira-vai-normalizar-rotas-agricolas-e-reduzir-valor-do-frete-projeta-aprosoja-bras2515235\" title=\"Artigo Original: Reconstru\u00e7\u00e3o da Ponte Juscelino Kubitschek de Oliveira vai normalizar rotas agr\u00edcolas e reduzir valor do frete, projeta Aprosoja \" target=\"_blank\" rel=\"noopener\">Brasil 61<\/a>\n\t\t\t<\/p>\n<\/p><\/div>\n<input type=\"hidden\" id=\"baseurl\" value=\"https:\/\/noticiasregionais.com.br\"><input type=\"hidden\" id=\"audio_nonce\" value=\"533fbb67b1\">","protected":false},"excerpt":{"rendered":"<p>O DNIT informou que a previs\u00e3o \u00e9 de que o tr\u00e2nsito no trecho seja liberado at\u00e9 o final de dezembro de 2025<\/p>\n","protected":false},"author":1,"featured_media":11384,"comment_status":"closed","ping_status":"open","sticky":false,"template":"","format":"standard","meta":{"sfsi_plus_gutenberg_text_before_share":"","sfsi_plus_gutenberg_show_text_before_share":"","sfsi_plus_gutenberg_icon_type":"","sfsi_plus_gutenberg_icon_alignemt":"","sfsi_plus_gutenburg_max_per_row":"","footnotes":""},"categories":[8],"tags":[],"class_list":["post-11359","post","type-post","status-publish","format-standard","has-post-thumbnail","hentry","category-brasil"],"_links":{"self":[{"href":"https:\/\/noticiasregionais.com.br\/index.php?rest_route=\/wp\/v2\/posts\/11359","targetHints":{"allow":["GET"]}}],"collection":[{"href":"https:\/\/noticiasregionais.com.br\/index.php?rest_route=\/wp\/v2\/posts"}],"about":[{"href":"https:\/\/noticiasregionais.com.br\/index.php?rest_route=\/wp\/v2\/types\/post"}],"author":[{"embeddable":true,"href":"https:\/\/noticiasregionais.com.br\/index.php?rest_route=\/wp\/v2\/users\/1"}],"replies":[{"embeddable":true,"href":"https:\/\/noticiasregionais.com.br\/index.php?rest_route=%2Fwp%2Fv2%2Fcomments&post=11359"}],"version-history":[{"count":1,"href":"https:\/\/noticiasregionais.com.br\/index.php?rest_route=\/wp\/v2\/posts\/11359\/revisions"}],"predecessor-version":[{"id":11383,"href":"https:\/\/noticiasregionais.com.br\/index.php?rest_route=\/wp\/v2\/posts\/11359\/revisions\/11383"}],"wp:featuredmedia":[{"embeddable":true,"href":"https:\/\/noticiasregionais.com.br\/index.php?rest_route=\/wp\/v2\/media\/11384"}],"wp:attachment":[{"href":"https:\/\/noticiasregionais.com.br\/index.php?rest_route=%2Fwp%2Fv2%2Fmedia&parent=11359"}],"wp:term":[{"taxonomy":"category","embeddable":true,"href":"https:\/\/noticiasregionais.com.br\/index.php?rest_route=%2Fwp%2Fv2%2Fcategories&post=11359"},{"taxonomy":"post_tag","embeddable":true,"href":"https:\/\/noticiasregionais.com.br\/index.php?rest_route=%2Fwp%2Fv2%2Ftags&post=11359"}],"curies":[{"name":"wp","href":"https:\/\/api.w.org\/{rel}","templated":true}]}}