{"id":11361,"date":"2025-11-30T04:55:00","date_gmt":"2025-11-30T07:55:00","guid":{"rendered":"https:\/\/noticiasregionais.com.br\/?p=11361"},"modified":"2025-11-30T04:55:00","modified_gmt":"2025-11-30T07:55:00","slug":"sudeste-registra-recorde-mensal-de-passageiros-e-reforca-papel-estrategico-na-aviacao-brasileira","status":"publish","type":"post","link":"https:\/\/noticiasregionais.com.br\/?p=11361","title":{"rendered":"Sudeste registra recorde mensal de passageiros e refor\u00e7a papel estrat\u00e9gico na avia\u00e7\u00e3o brasileira"},"content":{"rendered":"<p>\t\t\t\t\t\t\t\t\t\t\t<audio controls class=\"b61_audio_player\" data-noticia=\"86158\" src=\"https:\/\/brasil61.com\/rails\/active_storage\/blobs\/eyJfcmFpbHMiOnsibWVzc2FnZSI6IkJBaHBBM0RKQXc9PSIsImV4cCI6bnVsbCwicHVyIjoiYmxvYl9pZCJ9fQ==--902fff813bc100e6274471b46b3114b56f049c32\/MPOR250143A\"><\/audio><\/p>\n<p><strong>Os aeroportos do Sudeste registraram 4,6 milh\u00f5es de passageiros dom\u00e9sticos em outubro de 2025, o maior volume j\u00e1 registrado<\/strong>. Segundo a Ag\u00eancia Nacional de Avia\u00e7\u00e3o Civil (<a href=\"https:\/\/www.gov.br\/anac\/pt-br\" target=\"_blank\" rel=\"noopener\">Anac<\/a>), o n\u00famero representa um crescimento de 8,6% em rela\u00e7\u00e3o ao mesmo per\u00edodo do ano anterior.\u00a0<\/p>\n<p>Com a entrada de 980 mil viajantes internacionais, a <strong>regi\u00e3o totalizou 5,6 milh\u00f5es no m\u00eas<\/strong>, um resultado que coloca o <strong>Sudeste como polo estrat\u00e9gico da avia\u00e7\u00e3o nacional<\/strong>, respons\u00e1vel por cerca de <strong>51% das partidas dom\u00e9sticas<\/strong>. Os principais terminais da regi\u00e3o centralizam o fluxo de passageiros:<\/p>\n<ul>\n<li><strong>Guarulhos e Congonhas (S\u00e3o Paulo):<\/strong> lideram a movimenta\u00e7\u00e3o e concentram 51,5% do fluxo dom\u00e9stico do Sudeste.<\/li>\n<li><strong>Viracopos (Campinas) e Confins (Belo Horizonte):<\/strong> se destacam pelo equil\u00edbrio operacional.<\/li>\n<li><strong>Gale\u00e3o e Santos Dumont (Rio de Janeiro): <\/strong>respondem por quase 19% da movimenta\u00e7\u00e3o regional.<\/li>\n<\/ul>\n<p>Para o ministro de Portos e Aeroportos, Silvio Costa Filho, \u201cos n\u00fameros mostram que a avia\u00e7\u00e3o brasileira vive um dos melhores momentos da sua hist\u00f3ria. O crescimento no Sudeste refor\u00e7a a for\u00e7a da nossa malha a\u00e9rea e o trabalho permanente do Governo Federal para ampliar conectividade, melhorar infraestrutura e garantir que cada vez mais brasileiros possam viajar de avi\u00e3o\u201d.<\/p>\n<h2>Desempenho mensal<\/h2>\n<p>Entre os aeroportos com maior movimenta\u00e7\u00e3o de passageiros no Sudeste em outubro, o <strong>Gale\u00e3o (RJ) se destacou com alta expressiva de 26,8%<\/strong>, impulsionada pela retomada de rotas e aumento da oferta.<\/p>\n<table>\n<tbody>\n<tr>\n<th>Aeroporto (Estado)<\/th>\n<th>Crescimento (%) em outubro\/2025<\/th>\n<\/tr>\n<tr>\n<td>Gale\u00e3o (RJ)<\/td>\n<td>26,8%<\/td>\n<\/tr>\n<tr>\n<td>Guarulhos (SP)<\/td>\n<td>10,5%<\/td>\n<\/tr>\n<tr>\n<td>Congonhas (SP)<\/td>\n<td>6,5%<\/td>\n<\/tr>\n<tr>\n<td>Viracopos (SP)<\/td>\n<td>4,3%<\/td>\n<\/tr>\n<tr>\n<td>Confins (MG)<\/td>\n<td>1,0%<\/td>\n<\/tr>\n<\/tbody>\n<\/table>\n<p><a href=\"https:\/\/www.gov.br\/portos-e-aeroportos\/pt-br\/assuntos\/noticias\/2025\/11\/regiao-sudeste-registra-a-maior-marca-mensal-de-passageiros-domesticos-da-historia\" target=\"_blank\" rel=\"noopener\"><em><span style=\"font-size:10px\">Fonte: MPor<\/span><\/em><\/a><\/p>\n<p>O Minist\u00e9rio de Portos e Aeroportos (<a href=\"https:\/\/www.gov.br\/portos-e-aeroportos\/pt-br\" target=\"_blank\" rel=\"noopener\">MPor<\/a>) avalia que, <strong>em 2025, o Sudeste deve registrar um crescimento hist\u00f3rico no fluxo de passageiros<\/strong>. At\u00e9 outubro, os terminais da regi\u00e3o receberam mais de 42 milh\u00f5es de viajantes. O maior volume anual at\u00e9 o momento \u00e9 de 47.614.719 passageiros, registrado em 2024.<\/p>\n<p><img decoding=\"async\" style=\"width:100%\" alt=\"\" src=\"https:\/\/www.gov.br\/portos-e-aeroportos\/pt-br\/imagens\/Infografico_Sudeste_outubro.jpg\/@@images\/4c01c756-3cc8-4dd6-858f-143010f6aa26.jpeg\" \/><\/p>\n<p><em><span style=\"font-size:10px\">Imagem: Dados da Regi\u00e3o Sudeste. <a href=\"https:\/\/www.gov.br\/portos-e-aeroportos\/pt-br\/assuntos\/noticias\/2025\/11\/regiao-sudeste-registra-a-maior-marca-mensal-de-passageiros-domesticos-da-historia\" target=\"_blank\" rel=\"noopener\">Fonte: MPor\/Anac<\/a><\/span><\/em><\/p>\n<h2>Recorde nacional<\/h2>\n<p>Em outubro de 2025, os <strong>voos dom\u00e9sticos no Brasil transportaram cerca de 9 milh\u00f5es de passageiros<\/strong>, quantidade in\u00e9dita para o m\u00eas e a quarta maior da s\u00e9rie hist\u00f3rica, atr\u00e1s apenas de janeiro de 2015 e 2020 (ambos com 9,3 milh\u00f5es) e julho de 2025 (mais de 9 milh\u00f5es). O n\u00famero representa alta de 9,1% em rela\u00e7\u00e3o a outubro de 2024.<\/p>\n<p>Nos voos internacionais, os aeroportos receberam 2,3 milh\u00f5es de passageiros, aumento de 9,3% frente ao mesmo per\u00edodo do ano passado. Ao todo,<strong> 11,3 milh\u00f5es de viajantes passaram pelos aeroportos brasileiros em outubro<\/strong>.<\/p>\n<p><strong>VEJA MAIS:<\/strong><\/p>\n<ul>\n<li><a href=\"https:\/\/brasil61.com\/n\/cinco-aeroportos-da-regiao-norte-batem-recorde-de-passageiros-em-2025-mpor250130\" target=\"_blank\" rel=\"noopener\">Cinco aeroportos da Regi\u00e3o Norte batem recorde de passageiros em 2025<\/a><\/li>\n<li><a href=\"https:\/\/brasil61.com\/n\/programa-ampliar-leilao-assegura-r-731-milhoes-para-modernizacao-de-13-aeroportos-estrategicos-mpor250140\" target=\"_blank\" rel=\"noopener\">Programa AmpliAR: leil\u00e3o assegura R$ 731 milh\u00f5es para moderniza\u00e7\u00e3o de 13 aeroportos estrat\u00e9gicos<\/a><\/li>\n<\/ul>\n<p>\t\t\t\t\t\t\t\t\t\t<img decoding=\"async\" src=\"https:\/\/brasil61.com\/api\/v1\/serve_pixel\/22254\/86158\" alt=\"Pixel Brasil 61\" class=\"b61_pixel\" width=\"0\" height=\"0\"><\/p>\n<div class=\"br61_backlink\">\n<p>\n\t\t\t\tFonte: <a href=\"https:\/\/brasil61.com\/sudeste-registra-recorde-mensal-de-passageiros-e-reforca-papel-estrategico-na-aviacao-brasileira-mpor250143\" title=\"Artigo Original: Sudeste registra recorde mensal de passageiros e refor\u00e7a papel estrat\u00e9gico na avia\u00e7\u00e3o brasileira\" target=\"_blank\" rel=\"noopener\">Brasil 61<\/a>\n\t\t\t<\/p>\n<\/p><\/div>\n<input type=\"hidden\" id=\"baseurl\" value=\"https:\/\/noticiasregionais.com.br\"><input type=\"hidden\" id=\"audio_nonce\" value=\"5c13e0637f\">","protected":false},"excerpt":{"rendered":"<p>Em outubro de 2025, os aeroportos da regi\u00e3o somaram 5,6 milh\u00f5es de viajantes, com destaque para Guarulhos, Congonhas e Gale\u00e3o; voos dom\u00e9sticos no pa\u00eds atingem 9 milh\u00f5es de passageiros no m\u00eas<\/p>\n","protected":false},"author":1,"featured_media":11362,"comment_status":"","ping_status":"open","sticky":false,"template":"","format":"standard","meta":{"sfsi_plus_gutenberg_text_before_share":"","sfsi_plus_gutenberg_show_text_before_share":"","sfsi_plus_gutenberg_icon_type":"","sfsi_plus_gutenberg_icon_alignemt":"","sfsi_plus_gutenburg_max_per_row":"","footnotes":""},"categories":[8],"tags":[],"class_list":["post-11361","post","type-post","status-publish","format-standard","has-post-thumbnail","hentry","category-brasil"],"_links":{"self":[{"href":"https:\/\/noticiasregionais.com.br\/index.php?rest_route=\/wp\/v2\/posts\/11361","targetHints":{"allow":["GET"]}}],"collection":[{"href":"https:\/\/noticiasregionais.com.br\/index.php?rest_route=\/wp\/v2\/posts"}],"about":[{"href":"https:\/\/noticiasregionais.com.br\/index.php?rest_route=\/wp\/v2\/types\/post"}],"author":[{"embeddable":true,"href":"https:\/\/noticiasregionais.com.br\/index.php?rest_route=\/wp\/v2\/users\/1"}],"replies":[{"embeddable":true,"href":"https:\/\/noticiasregionais.com.br\/index.php?rest_route=%2Fwp%2Fv2%2Fcomments&post=11361"}],"version-history":[{"count":0,"href":"https:\/\/noticiasregionais.com.br\/index.php?rest_route=\/wp\/v2\/posts\/11361\/revisions"}],"wp:featuredmedia":[{"embeddable":true,"href":"https:\/\/noticiasregionais.com.br\/index.php?rest_route=\/wp\/v2\/media\/11362"}],"wp:attachment":[{"href":"https:\/\/noticiasregionais.com.br\/index.php?rest_route=%2Fwp%2Fv2%2Fmedia&parent=11361"}],"wp:term":[{"taxonomy":"category","embeddable":true,"href":"https:\/\/noticiasregionais.com.br\/index.php?rest_route=%2Fwp%2Fv2%2Fcategories&post=11361"},{"taxonomy":"post_tag","embeddable":true,"href":"https:\/\/noticiasregionais.com.br\/index.php?rest_route=%2Fwp%2Fv2%2Ftags&post=11361"}],"curies":[{"name":"wp","href":"https:\/\/api.w.org\/{rel}","templated":true}]}}