{"id":11369,"date":"2025-12-01T04:15:00","date_gmt":"2025-12-01T07:15:00","guid":{"rendered":"https:\/\/noticiasregionais.com.br\/?p=11369"},"modified":"2025-12-01T14:31:16","modified_gmt":"2025-12-01T17:31:16","slug":"mais-de-500-mil-javalis-foram-abatidos-em-8-meses-no-brasil","status":"publish","type":"post","link":"https:\/\/noticiasregionais.com.br\/?p=11369","title":{"rendered":"Mais de 500 mil javalis foram abatidos em 8 meses no Brasil"},"content":{"rendered":"<p>\t\t\t\t\t\t\t\t\t\t<audio controls class=\"b61_audio_player\" data-noticia=\"86144\" src=\"https:\/\/brasil61.com\/rails\/active_storage\/blobs\/eyJfcmFpbHMiOnsibWVzc2FnZSI6IkJBaHBBNGpKQXc9PSIsImV4cCI6bnVsbCwicHVyIjoiYmxvYl9pZCJ9fQ==--e0e91c12ee751fe951317225a6c78068ac56dcf9\/BRAS2515236A\"><\/audio><\/p>\n<p>Dados do <a href=\"https:\/\/simaf.ibama.gov.br\/\" target=\"_blank\" rel=\"noopener\">Sistema de Informa\u00e7\u00e3o de Manejo de Fauna (Simaf)<\/a>, operado pelo <a href=\"https:\/\/www.gov.br\/ibama\/pt-br\" target=\"_blank\" rel=\"noopener\">Instituto Brasileiro do Meio Ambiente e dos Recursos Naturais Renov\u00e1veis (Ibama)<\/a> e obtidos com exclusividade pelo portal <a href=\"https:\/\/brasil61.com\/\" target=\"_blank\" rel=\"noopener\">Brasil 61<\/a>, mostram que os 511.466 javalis abatidos neste ano no pa\u00eds, s\u00f3 at\u00e9 o m\u00eas de agosto, s\u00e3o um novo recorde.<\/p>\n<p>Os abates autorizados, que s\u00e3o declarados voluntariamente por usu\u00e1rios cadastrados no Simaf, aumentaram em 465% desde 2020 (90.528). Desde ent\u00e3o, foram 1,710 milh\u00e3o de animais mortos oficialmente.<\/p>\n<p><img decoding=\"async\" style=\"width:100%\" alt=\"\" src=\"\/\/s3-sa-east-1.amazonaws.com\/agencia-radio-arb\/6610\/content_info-javalis_%281%29.jpg\" \/><\/p>\n<p>Para o professor e coordenador de capivaras e javalis da <a href=\"https:\/\/www.esalq.usp.br\/\" target=\"_blank\" rel=\"noopener\">Universidade Federal de S\u00e3o Paulo (USP\/ESALQ-LOG)<\/a>, Paulo Bezerra, o dado pode ser at\u00e9 5 vezes maior.<\/p>\n<p>\u201cN\u00f3s fizemos uma enquete com os ca\u00e7adores: nenhum ca\u00e7ador abate 1, 2 animais por autoriza\u00e7\u00e3o com validade de 6 meses. Eles abatem, no m\u00ednimo, tr\u00eas. Ent\u00e3o, na realidade, os relat\u00f3rios s\u00e3o declarat\u00f3rios. Portanto, eles abatem 10, 20, 30, 50 animais, mas n\u00e3o t\u00eam coragem, nem tempo, nem paci\u00eancia para preencher o relat\u00f3rio no Simaf. Ent\u00e3o, eles preenchem os dados relatando o abate de 1 ou 2 animais\u201d, alerta o pesquisador.<\/p>\n<p>O especialista afirma que a forma mais eficaz de fazer o controle desses animais \u00e9 pela ca\u00e7ada. End\u00eamica da Europa e da \u00c1sia, a esp\u00e9cie n\u00e3o possui predador natural no Brasil e, somada \u00e0 r\u00e1pida reprodu\u00e7\u00e3o, se tornou uma praga principalmente no Centro-Sul do pa\u00eds.<\/p>\n<p>\u00a0<\/p>\n<div class=\"flourish-embed flourish-map\" data-src=\"visualisation\/17622316\" data-width=\"70%\"><img decoding=\"async\" style=\"width:100%\" src=\"https:\/\/public.flourish.studio\/visualisation\/17622316\/thumbnail\" width=\"70%\" alt=\"map visualization\" \/><\/div>\n<p>\u00a0<\/p>\n<h2>Preju\u00edzos<\/h2>\n<p><img decoding=\"async\" style=\"width:100%\" src=\"https:\/\/public.flourish.studio\/visualisation\/17622316\/thumbnail\" width=\"50%\" alt=\"map visualization\" \/><\/p>\n<p><img decoding=\"async\" style=\"width:100%\" src=\"https:\/\/public.flourish.studio\/visualisation\/17622316\/thumbnail\" width=\"100%\" alt=\"map visualization\" \/><\/p>\n<p>Em <a href=\"https:\/\/brasil61.com\/noticias\/tag\/mato-grosso-do-sul\" target=\"_blank\" rel=\"noopener\">Mato Grosso do Sul<\/a>, a crescente popula\u00e7\u00e3o de javalis faz estragos por onde passa. De fazendas de soja e milho a \u00e1reas tur\u00edsticas de Bonito, passando por encostas de rios e \u00e1reas de prote\u00e7\u00e3o permanente, os relatos dos transtornos de produtores, ambientalistas e entidades demonstram como o problema vem se agravando.<\/p>\n<p>\u201cEles causam preju\u00edzos direto \u00e0s lavouras, especialmente de milho, soja, cana de a\u00e7\u00facar e pastagens, destruindo \u00e1reas durante a alimenta\u00e7\u00e3o e o deslocamento. Al\u00e9m dos danos econ\u00f4micos, representam um risco sanit\u00e1rio para diversas cadeias produtivas, por poderem transmitir doen\u00e7as e comprometer a bioseguridade\u201d, afirma Fernanda Lopes de Oliveira, consultora t\u00e9cnica da <a href=\"https:\/\/portal.sistemafamasul.com.br\/\" target=\"_blank\" rel=\"noopener\">Federa\u00e7\u00e3o da Agricultura e Pecu\u00e1ria de Mato Grosso do Sul (FAMASUL)<\/a>.<\/p>\n<p>A entidade defende uma integra\u00e7\u00e3o entre produtores, iniciativa privada e poder p\u00fablico para fazer o manejo populacional efetivo, bem como a necessidade de investimento em pesquisa para dados mais precisos sobre a ocorr\u00eancia do animal. A Assembleia Legislativa estadual discute um projeto de lei para reconhecer os javalis como pragas e endurecer o combate \u00e0 esp\u00e9cie.<\/p>\n<p>O oeste de <a href=\"https:\/\/brasil61.com\/noticias\/tag\/santa-catarina\" target=\"_blank\" rel=\"noopener\">Santa Catarina<\/a> tamb\u00e9m vem se transformando numa nova fronteira para os javalis. A <a href=\"https:\/\/www.embrapa.br\/suinos-e-aves\" target=\"_blank\" rel=\"noopener\">Embrapa Su\u00ednos e Aves<\/a> est\u00e1 estudando a expans\u00e3o da praga pelo estado e os impactos \u00e0 popula\u00e7\u00e3o. \u201cEssa invas\u00e3o traz riscos sanit\u00e1rios para os animais e para o homem, pelos impactos que eles causam tamb\u00e9m no ambiente, contaminando ambientes, solo, \u00e1gua e isso tamb\u00e9m veicula pat\u00f3genos \u00a0que podem acometer outras esp\u00e9cies\u201d, conta a pesquisadora Virginia Santiago.<\/p>\n<h2>Controle de javalis<\/h2>\n<p>O controle de javalis est\u00e1 previsto em uma norma t\u00e9cnica de 2013 do Ibama. Para realizar esse controle, \u00e9 necess\u00e1rio obter autoriza\u00e7\u00e3o e registro como controlador junto ao \u00f3rg\u00e3o. Os estados tamb\u00e9m podem redigir as pr\u00f3prias regras, desde que n\u00e3o sobreponham as defini\u00e7\u00f5es federais. At\u00e9 o momento, apenas S\u00e3o Paulo e, mais recentemente, Minas Gerais, aprovaram lei sobre o tema.<\/p>\n<p>Rafael Salermo, engenheiro agr\u00f4nomo e fundador da <a href=\"https:\/\/www.aquitemjavali.com.br\/\" target=\"_blank\" rel=\"noopener\">Associa\u00e7\u00e3o Brasileira de Ca\u00e7adores Aqui tem Javali<\/a>, pede n\u00e3o apenas que os \u00f3rg\u00e3os de fiscaliza\u00e7\u00e3o apoiem a ca\u00e7a \u00e0 esp\u00e9cie mas deixem de perseguir os ca\u00e7adores. \u201cO ca\u00e7ador hoje \u00e9 uma pessoa que \u00e9 muito sabatinada, muito averiguada para estar fazendo esse controle. At\u00e9 porque o produtor rural tamb\u00e9m n\u00e3o permitiria que uma pessoa que n\u00e3o fosse da sua confian\u00e7a adentrasse, inclusive armado, na sua propriedade para realizar essa atividade\u201d, protesta.<\/p>\n<p>Na C\u00e2mara dos Deputados, o deputado Alceu Moreira (MDB-RS) apresentou uma proposta que entrega a compet\u00eancia do combate a esp\u00e9cies nocivas aos estados e munic\u00edpios e flexibiliza a comercializa\u00e7\u00e3o de produtos para o controle. \u201cO que queremos \u00e9 fazer isso de maneira ordenada, com pessoas que v\u00e3o fazer de maneira espont\u00e2nea, com custo pr\u00f3prio, mas que tenham condi\u00e7\u00e3o de fazer de maneira regrada, de tal maneira que t\u00eam o controle disso que vai se transformando numa epidemia com grandes riscos para a economia do pa\u00eds.\u201d<\/p>\n<p>O projeto est\u00e1 em an\u00e1lise pela Comiss\u00e3o de Sa\u00fade da casa. A inten\u00e7\u00e3o do autor e da Frente Parlamentar de Agropecu\u00e1ria \u00e9 aprovar um requerimento de urg\u00eancia e votar a mat\u00e9ria no plen\u00e1rio da Casa ainda este ano.<\/p>\n<p>\t\t\t\t\t\t\t\t\t<img decoding=\"async\" src=\"https:\/\/brasil61.com\/api\/v1\/serve_pixel\/22254\/86144\" alt=\"Pixel Brasil 61\" class=\"b61_pixel\" width=\"0\" height=\"0\"><\/p>\n<div class=\"br61_backlink\">\n<p>\n\t\t\t\tFonte: <a href=\"https:\/\/brasil61.com\/mais-de-500-mil-javalis-foram-abatidos-em-8-meses-no-brasil-bras2515236\" title=\"Artigo Original: Mais de 500 mil javalis foram abatidos em 8 meses no Brasil\" target=\"_blank\" rel=\"noopener\">Brasil 61<\/a>\n\t\t\t<\/p>\n<\/p><\/div>\n<input type=\"hidden\" id=\"baseurl\" value=\"https:\/\/noticiasregionais.com.br\"><input type=\"hidden\" id=\"audio_nonce\" value=\"5c13e0637f\">","protected":false},"excerpt":{"rendered":"<p>Esp\u00e9cie invasora representa um risco para a produ\u00e7\u00e3o de alimentos e \u00e0 sa\u00fade p\u00fablica do pa\u00eds<\/p>\n","protected":false},"author":1,"featured_media":11378,"comment_status":"closed","ping_status":"open","sticky":false,"template":"","format":"standard","meta":{"sfsi_plus_gutenberg_text_before_share":"","sfsi_plus_gutenberg_show_text_before_share":"","sfsi_plus_gutenberg_icon_type":"","sfsi_plus_gutenberg_icon_alignemt":"","sfsi_plus_gutenburg_max_per_row":"","footnotes":""},"categories":[8],"tags":[],"class_list":["post-11369","post","type-post","status-publish","format-standard","has-post-thumbnail","hentry","category-brasil"],"_links":{"self":[{"href":"https:\/\/noticiasregionais.com.br\/index.php?rest_route=\/wp\/v2\/posts\/11369","targetHints":{"allow":["GET"]}}],"collection":[{"href":"https:\/\/noticiasregionais.com.br\/index.php?rest_route=\/wp\/v2\/posts"}],"about":[{"href":"https:\/\/noticiasregionais.com.br\/index.php?rest_route=\/wp\/v2\/types\/post"}],"author":[{"embeddable":true,"href":"https:\/\/noticiasregionais.com.br\/index.php?rest_route=\/wp\/v2\/users\/1"}],"replies":[{"embeddable":true,"href":"https:\/\/noticiasregionais.com.br\/index.php?rest_route=%2Fwp%2Fv2%2Fcomments&post=11369"}],"version-history":[{"count":1,"href":"https:\/\/noticiasregionais.com.br\/index.php?rest_route=\/wp\/v2\/posts\/11369\/revisions"}],"predecessor-version":[{"id":11375,"href":"https:\/\/noticiasregionais.com.br\/index.php?rest_route=\/wp\/v2\/posts\/11369\/revisions\/11375"}],"wp:featuredmedia":[{"embeddable":true,"href":"https:\/\/noticiasregionais.com.br\/index.php?rest_route=\/wp\/v2\/media\/11378"}],"wp:attachment":[{"href":"https:\/\/noticiasregionais.com.br\/index.php?rest_route=%2Fwp%2Fv2%2Fmedia&parent=11369"}],"wp:term":[{"taxonomy":"category","embeddable":true,"href":"https:\/\/noticiasregionais.com.br\/index.php?rest_route=%2Fwp%2Fv2%2Fcategories&post=11369"},{"taxonomy":"post_tag","embeddable":true,"href":"https:\/\/noticiasregionais.com.br\/index.php?rest_route=%2Fwp%2Fv2%2Ftags&post=11369"}],"curies":[{"name":"wp","href":"https:\/\/api.w.org\/{rel}","templated":true}]}}