{"id":11371,"date":"2025-12-01T04:20:00","date_gmt":"2025-12-01T07:20:00","guid":{"rendered":"https:\/\/noticiasregionais.com.br\/?p=11371"},"modified":"2025-12-01T04:20:00","modified_gmt":"2025-12-01T07:20:00","slug":"governo-e-cau-br-firmam-parceria-para-dar-suporte-tecnico-a-municipios-apos-desastres","status":"publish","type":"post","link":"https:\/\/noticiasregionais.com.br\/?p=11371","title":{"rendered":"Governo e CAU\/BR firmam parceria para dar suporte t\u00e9cnico a munic\u00edpios ap\u00f3s desastres"},"content":{"rendered":"<p>\t\t\t\t\t\t\t\t\t\t\t<audio controls class=\"b61_audio_player\" data-noticia=\"86145\" src=\"https:\/\/brasil61.com\/rails\/active_storage\/blobs\/eyJfcmFpbHMiOnsibWVzc2FnZSI6IkJBaHBBM1hKQXc9PSIsImV4cCI6bnVsbCwicHVyIjoiYmxvYl9pZCJ9fQ==--0bd658d6960bb8a9bcf23a782df3e2924e1595c7\/BRAS2515237B\"><\/audio><\/p>\n<p>\u00a0O <a href=\"https:\/\/www.gov.br\/mdr\/pt-br\" target=\"_blank\" rel=\"noopener\">Minist\u00e9rio da Integra\u00e7\u00e3o e do Desenvolvimento Regional (MIDR)<\/a> e o <a href=\"https:\/\/caubr.gov.br\/\" target=\"_blank\" rel=\"noopener\">Conselho de Arquitetura e Urbanismo do Brasil (CAU\/BR)<\/a> assinaram, no \u00faltimo dia\u00a027,um Acordo de Coopera\u00e7\u00e3o T\u00e9cnica (ACT) para ampliar o apoio t\u00e9cnico a estados e munic\u00edpios na reconstru\u00e7\u00e3o de moradias e infraestruturas ap\u00f3s desastres.\u00a0<\/p>\n<p>A parceria tem como meta credenciar arquitetos e urbanistas em \u00e2mbito nacional para atuar em situa\u00e7\u00f5es de emerg\u00eancia e calamidade, fornecendo assist\u00eancia t\u00e9cnica qualificada na elabora\u00e7\u00e3o de projetos, fiscaliza\u00e7\u00e3o de obras e reconstitui\u00e7\u00e3o de infraestrutura p\u00fablica e habitacional.\u00a0<\/p>\n<p>Al\u00e9m disso, o ACT prev\u00ea a cria\u00e7\u00e3o e disponibiliza\u00e7\u00e3o de materiais t\u00e9cnicos e programas de capacita\u00e7\u00e3o dirigidos a gestores p\u00fablicos e profissionais locais; a proposi\u00e7\u00e3o de projetos-refer\u00eancia adapt\u00e1veis \u00e0s diferentes realidades regionais; e o fortalecimento da integra\u00e7\u00e3o federativa para dar suporte t\u00e9cnico aos munic\u00edpios mais vulner\u00e1veis.\u00a0<\/p>\n<p>Para gestores municipais e comunidades afetadas por trag\u00e9dias naturais, o acordo representa um passo importante para superar um dos maiores obst\u00e1culos \u00e0 reconstru\u00e7\u00e3o p\u00f3s-desastre: a falta de profissionais habilitados em arquitetura e urbanismo. Em muitos munic\u00edpios, sobretudo os de pequeno porte, essa car\u00eancia inviabiliza interven\u00e7\u00f5es t\u00e9cnicas e seguras na reconstru\u00e7\u00e3o de casas e infraestrutura urbana.\u00a0<\/p>\n<p>Com essa a\u00e7\u00e3o coordenada, o governo e o\u00a0<a href=\"https:\/\/caubr.gov.br\/\" target=\"_blank\" rel=\"noopener\">CAU\/BR<\/a> esperam acelerar a recupera\u00e7\u00e3o das cidades atingidas, assegurar a reconstru\u00e7\u00e3o com qualidade e promover a preven\u00e7\u00e3o de riscos urbanos futuros, com planejamento t\u00e9cnico, seguran\u00e7a e respeito \u00e0s normas habitacionais.\u00a0<\/p>\n<p>As informa\u00e7\u00f5es s\u00e3o do <a href=\"https:\/\/www.gov.br\/mdr\/pt-br\" target=\"_blank\" rel=\"noopener\">Minist\u00e9rio da Integra\u00e7\u00e3o e do Desenvolvimento Regional<\/a>.<\/p>\n<p>\u00a0<\/p>\n<p>\t\t\t\t\t\t\t\t\t\t<img decoding=\"async\" src=\"https:\/\/brasil61.com\/api\/v1\/serve_pixel\/22254\/86145\" alt=\"Pixel Brasil 61\" class=\"b61_pixel\" width=\"0\" height=\"0\"><\/p>\n<div class=\"br61_backlink\">\n<p>\n\t\t\t\tFonte: <a href=\"https:\/\/brasil61.com\/governo-e-cau-br-firmam-parceria-para-dar-suporte-tecnico-a-municipios-apos-desastres-bras2515237\" title=\"Artigo Original: Governo e CAU\/BR firmam parceria para dar suporte t\u00e9cnico a munic\u00edpios ap\u00f3s desastres\" target=\"_blank\" rel=\"noopener\">Brasil 61<\/a>\n\t\t\t<\/p>\n<\/p><\/div>\n<input type=\"hidden\" id=\"baseurl\" value=\"https:\/\/noticiasregionais.com.br\"><input type=\"hidden\" id=\"audio_nonce\" value=\"5c13e0637f\">","protected":false},"excerpt":{"rendered":"<p> Acordo garante assist\u00eancia profissional na reconstru\u00e7\u00e3o de moradias e infraestrutura em cidades afetadas por eventos clim\u00e1ticos extremos<\/p>\n","protected":false},"author":1,"featured_media":11372,"comment_status":"","ping_status":"open","sticky":false,"template":"","format":"standard","meta":{"sfsi_plus_gutenberg_text_before_share":"","sfsi_plus_gutenberg_show_text_before_share":"","sfsi_plus_gutenberg_icon_type":"","sfsi_plus_gutenberg_icon_alignemt":"","sfsi_plus_gutenburg_max_per_row":"","footnotes":""},"categories":[8],"tags":[],"class_list":["post-11371","post","type-post","status-publish","format-standard","has-post-thumbnail","hentry","category-brasil"],"_links":{"self":[{"href":"https:\/\/noticiasregionais.com.br\/index.php?rest_route=\/wp\/v2\/posts\/11371","targetHints":{"allow":["GET"]}}],"collection":[{"href":"https:\/\/noticiasregionais.com.br\/index.php?rest_route=\/wp\/v2\/posts"}],"about":[{"href":"https:\/\/noticiasregionais.com.br\/index.php?rest_route=\/wp\/v2\/types\/post"}],"author":[{"embeddable":true,"href":"https:\/\/noticiasregionais.com.br\/index.php?rest_route=\/wp\/v2\/users\/1"}],"replies":[{"embeddable":true,"href":"https:\/\/noticiasregionais.com.br\/index.php?rest_route=%2Fwp%2Fv2%2Fcomments&post=11371"}],"version-history":[{"count":0,"href":"https:\/\/noticiasregionais.com.br\/index.php?rest_route=\/wp\/v2\/posts\/11371\/revisions"}],"wp:featuredmedia":[{"embeddable":true,"href":"https:\/\/noticiasregionais.com.br\/index.php?rest_route=\/wp\/v2\/media\/11372"}],"wp:attachment":[{"href":"https:\/\/noticiasregionais.com.br\/index.php?rest_route=%2Fwp%2Fv2%2Fmedia&parent=11371"}],"wp:term":[{"taxonomy":"category","embeddable":true,"href":"https:\/\/noticiasregionais.com.br\/index.php?rest_route=%2Fwp%2Fv2%2Fcategories&post=11371"},{"taxonomy":"post_tag","embeddable":true,"href":"https:\/\/noticiasregionais.com.br\/index.php?rest_route=%2Fwp%2Fv2%2Ftags&post=11371"}],"curies":[{"name":"wp","href":"https:\/\/api.w.org\/{rel}","templated":true}]}}